{"id":40628,"date":"2026-09-03T16:35:32","date_gmt":"2026-09-03T14:35:32","guid":{"rendered":"https:\/\/www.ladiagonale.net\/?p=40628"},"modified":"2026-09-03T16:35:33","modified_gmt":"2026-09-03T14:35:33","slug":"avina-la-porte-nest-pas-fermee-pour-lira","status":"publish","type":"post","link":"https:\/\/www.ladiagonale.net\/index.php\/2026\/09\/03\/avina-la-porte-nest-pas-fermee-pour-lira\/","title":{"rendered":"Avina : \u00ab La porte n\u2019est pas ferm\u00e9e \u00bb pour Lira"},"content":{"rendered":"\n\n\n<p>Faute de d\u00e9part de Folarin Balogun, l&rsquo;AS Monaco n&rsquo;a pas pu finaliser l&rsquo;op\u00e9ration Erik Lira. Un moment tr\u00e8s dur et tr\u00e8s triste pour Thiago Scuro, mais aussi pour Carlos Avina, le directeur technique mexicain, forc\u00e9ment tr\u00e8s impliqu\u00e9 dans la venue de son compatriote. Celui-ci est revenu sur ce qu&rsquo;il s&rsquo;est pass\u00e9 mardi, dans un entretien donn\u00e9 \u00e0 <em>Claro Sport<\/em> : \u00ab <em>Il y a bien eu un accord entre les clubs et un accord de notre part avec Erik. C\u2019est bien quelque chose sur lequel nous avons travaill\u00e9 pendant plusieurs semaines et qui, malheureusement, a \u00e9chou\u00e9 dans les derni\u00e8res minutes du mercato.<\/em> \u00bb<\/p>\n\n\n\n<p>Avina a rappel\u00e9 que cet accord \u00e9tait forc\u00e9ment li\u00e9 au d\u00e9part d&rsquo;un joueur extracommunautaire pour pouoir se concr\u00e9tiser : \u00ab <em>Malgr\u00e9 cette situation, Cruz Azul et Lira ont d\u00e9cid\u00e9 d\u2019aller aussi loin que possible dans cette op\u00e9ration<\/em>, a-t-il expliqu\u00e9. Cruz Azul a accept\u00e9 qu\u2019Erik passe des examens m\u00e9dicaux au Mexique lundi \u00e0 midi. <em>Tout \u00e9tait pr\u00eat. L\u2019id\u00e9e \u00e9tait d\u2019\u00eatre pr\u00eats \u00e0 simplement appuyer sur le bouton et \u00e0 activer le transfert d\u00e8s que la place se lib\u00e9rerait.<\/em> <em>Erik, conscient des risques encourus et faisant preuve de l\u2019ambition et de l\u2019envie qu\u2019il avait de venir en Europe, a tout tent\u00e9 jusqu\u2019au bout<\/em>. \u00bb<\/p>\n\n\n\n<p>Monaco pourra-t-il un jour compter Lira dans son effectif ? Rien n&rsquo;est moins s\u00fbr, m\u00eame si, du c\u00f4t\u00e9 des dirigeants mon\u00e9gasques, tout reste possible. \u00ab <em>La porte n\u2019est pas ferm\u00e9e<\/em> \u00bb, a ainsi indiqu\u00e9 Avina. \u00ab <em>Erik \u00e9tait pr\u00eat \u00e0 faire beaucoup de sacrifices pour venir ici, et en tant que club, nous appr\u00e9cions \u00e9norm\u00e9ment que des joueurs aient cet \u00e9tat d\u2019esprit. Je pense qu\u2019il a toujours aim\u00e9 l\u2019id\u00e9e de venir \u00e0 Monaco, notamment gr\u00e2ce \u00e0 Filipe en tant qu\u2019entra\u00eeneur, \u00e0 notre style de jeu et \u00e0 notre philosophie qui consiste \u00e0 continuer \u00e0 former des joueurs.<\/em> <em>Il a choisi notre club, mais malheureusement, cela n\u2019a pas pu se concr\u00e9tiser. J\u2019esp\u00e8re toutefois que cela pourra se faire \u00e0 l\u2019avenir, que ce soit ici ou dans un autre club. <\/em>\u00bb<\/p>\n","protected":false},"excerpt":{"rendered":"<p>Faute de d\u00e9part de Folarin Balogun, l&rsquo;AS Monaco n&rsquo;a pas pu finaliser l&rsquo;op\u00e9ration Erik Lira. Un moment tr\u00e8s dur et tr\u00e8s triste pour Thiago Scuro, mais aussi pour Carlos Avina, le directeur technique mexicain, forc\u00e9ment tr\u00e8s impliqu\u00e9 dans la venue de son compatriote. Celui-ci est revenu sur ce qu&rsquo;il s&rsquo;est pass\u00e9 mardi, dans un entretien [&#8230;]\n","protected":false},"author":2,"featured_media":0,"comment_status":"open","ping_status":"open","sticky":false,"template":"","format":"standard","meta":[],"categories":[6,1086],"tags":[86,474,1361,111,110],"yoast_head":"<!-- This site is optimized with the Yoast SEO plugin v19.8 - https:\/\/yoast.com\/wordpress\/plugins\/seo\/ -->\n<title>Avina : \u00ab La porte n\u2019est pas ferm\u00e9e \u00bb pour Lira - La Diagonale<\/title>\n<meta name=\"robots\" content=\"index, follow, max-snippet:-1, max-image-preview:large, max-video-preview:-1\" \/>\n<link rel=\"canonical\" href=\"https:\/\/www.ladiagonale.net\/index.php\/2026\/09\/03\/avina-la-porte-nest-pas-fermee-pour-lira\/\" \/>\n<meta property=\"og:locale\" content=\"fr_FR\" \/>\n<meta property=\"og:type\" content=\"article\" \/>\n<meta property=\"og:title\" content=\"Avina : \u00ab La porte n\u2019est pas ferm\u00e9e \u00bb pour Lira - La Diagonale\" \/>\n<meta property=\"og:description\" content=\"Faute de d\u00e9part de Folarin Balogun, l&rsquo;AS Monaco n&rsquo;a pas pu finaliser l&rsquo;op\u00e9ration Erik Lira. Un moment tr\u00e8s dur et tr\u00e8s triste pour Thiago Scuro, mais aussi pour Carlos Avina, le directeur technique mexicain, forc\u00e9ment tr\u00e8s impliqu\u00e9 dans la venue de son compatriote. Celui-ci est revenu sur ce qu&rsquo;il s&rsquo;est pass\u00e9 mardi, dans un entretien [...]\" \/>\n<meta property=\"og:url\" content=\"https:\/\/www.ladiagonale.net\/index.php\/2026\/09\/03\/avina-la-porte-nest-pas-fermee-pour-lira\/\" \/>\n<meta property=\"og:site_name\" content=\"La Diagonale\" \/>\n<meta property=\"article:published_time\" content=\"2026-09-03T14:35:32+00:00\" \/>\n<meta property=\"article:modified_time\" content=\"2026-09-03T14:35:33+00:00\" \/>\n<meta property=\"og:image\" content=\"https:\/\/www.ladiagonale.net\/wp-content\/uploads\/2026\/07\/Lira.png\" \/>\n\t<meta property=\"og:image:width\" content=\"1160\" \/>\n\t<meta property=\"og:image:height\" content=\"650\" \/>\n\t<meta property=\"og:image:type\" content=\"image\/png\" \/>\n<meta name=\"author\" content=\"Damien Dellerba\" \/>\n<meta name=\"twitter:card\" content=\"summary_large_image\" \/>\n<meta name=\"twitter:image\" content=\"https:\/\/www.ladiagonale.net\/wp-content\/uploads\/2026\/07\/Lira.png\" \/>\n<meta name=\"twitter:label1\" content=\"\u00c9crit par\" \/>\n\t<meta name=\"twitter:data1\" content=\"Damien Dellerba\" \/>\n\t<meta name=\"twitter:label2\" content=\"Dur\u00e9e de lecture estim\u00e9e\" \/>\n\t<meta name=\"twitter:data2\" content=\"2 minutes\" \/>\n<script type=\"application\/ld+json\" class=\"yoast-schema-graph\">{\"@context\":\"https:\/\/schema.org\",\"@graph\":[{\"@type\":\"WebPage\",\"@id\":\"https:\/\/www.ladiagonale.net\/index.php\/2026\/09\/03\/avina-la-porte-nest-pas-fermee-pour-lira\/\",\"url\":\"https:\/\/www.ladiagonale.net\/index.php\/2026\/09\/03\/avina-la-porte-nest-pas-fermee-pour-lira\/\",\"name\":\"Avina : \u00ab La porte n\u2019est pas ferm\u00e9e \u00bb pour Lira - La Diagonale\",\"isPartOf\":{\"@id\":\"https:\/\/www.ladiagonale.net\/#website\"},\"datePublished\":\"2026-09-03T14:35:32+00:00\",\"dateModified\":\"2026-09-03T14:35:33+00:00\",\"author\":{\"@id\":\"https:\/\/www.ladiagonale.net\/#\/schema\/person\/79ff1e7b0853ed01b2aa26e64ad300bf\"},\"breadcrumb\":{\"@id\":\"https:\/\/www.ladiagonale.net\/index.php\/2026\/09\/03\/avina-la-porte-nest-pas-fermee-pour-lira\/#breadcrumb\"},\"inLanguage\":\"fr-FR\",\"potentialAction\":[{\"@type\":\"ReadAction\",\"target\":[\"https:\/\/www.ladiagonale.net\/index.php\/2026\/09\/03\/avina-la-porte-nest-pas-fermee-pour-lira\/\"]}]},{\"@type\":\"BreadcrumbList\",\"@id\":\"https:\/\/www.ladiagonale.net\/index.php\/2026\/09\/03\/avina-la-porte-nest-pas-fermee-pour-lira\/#breadcrumb\",\"itemListElement\":[{\"@type\":\"ListItem\",\"position\":1,\"name\":\"Accueil\",\"item\":\"https:\/\/www.ladiagonale.net\/\"},{\"@type\":\"ListItem\",\"position\":2,\"name\":\"Avina : \u00ab La porte n\u2019est pas ferm\u00e9e \u00bb pour Lira\"}]},{\"@type\":\"WebSite\",\"@id\":\"https:\/\/www.ladiagonale.net\/#website\",\"url\":\"https:\/\/www.ladiagonale.net\/\",\"name\":\"La Diagonale\",\"description\":\"Le site des supporters de l&#039;AS Monaco FC\",\"potentialAction\":[{\"@type\":\"SearchAction\",\"target\":{\"@type\":\"EntryPoint\",\"urlTemplate\":\"https:\/\/www.ladiagonale.net\/?s={search_term_string}\"},\"query-input\":\"required name=search_term_string\"}],\"inLanguage\":\"fr-FR\"},{\"@type\":\"Person\",\"@id\":\"https:\/\/www.ladiagonale.net\/#\/schema\/person\/79ff1e7b0853ed01b2aa26e64ad300bf\",\"name\":\"Damien Dellerba\",\"image\":{\"@type\":\"ImageObject\",\"inLanguage\":\"fr-FR\",\"@id\":\"https:\/\/www.ladiagonale.net\/#\/schema\/person\/image\/\",\"url\":\"https:\/\/secure.gravatar.com\/avatar\/c7850e06d3ff63cdbaee88b7fc16e2f0?s=96&d=mm&r=g\",\"contentUrl\":\"https:\/\/secure.gravatar.com\/avatar\/c7850e06d3ff63cdbaee88b7fc16e2f0?s=96&d=mm&r=g\",\"caption\":\"Damien Dellerba\"},\"url\":\"https:\/\/www.ladiagonale.net\/index.php\/author\/damien\/\"}]}<\/script>\n<!-- \/ Yoast SEO plugin. -->","yoast_head_json":{"title":"Avina : \u00ab La porte n\u2019est pas ferm\u00e9e \u00bb pour Lira - La Diagonale","robots":{"index":"index","follow":"follow","max-snippet":"max-snippet:-1","max-image-preview":"max-image-preview:large","max-video-preview":"max-video-preview:-1"},"canonical":"https:\/\/www.ladiagonale.net\/index.php\/2026\/09\/03\/avina-la-porte-nest-pas-fermee-pour-lira\/","og_locale":"fr_FR","og_type":"article","og_title":"Avina : \u00ab La porte n\u2019est pas ferm\u00e9e \u00bb pour Lira - La Diagonale","og_description":"Faute de d\u00e9part de Folarin Balogun, l&rsquo;AS Monaco n&rsquo;a pas pu finaliser l&rsquo;op\u00e9ration Erik Lira. Un moment tr\u00e8s dur et tr\u00e8s triste pour Thiago Scuro, mais aussi pour Carlos Avina, le directeur technique mexicain, forc\u00e9ment tr\u00e8s impliqu\u00e9 dans la venue de son compatriote. Celui-ci est revenu sur ce qu&rsquo;il s&rsquo;est pass\u00e9 mardi, dans un entretien [...]","og_url":"https:\/\/www.ladiagonale.net\/index.php\/2026\/09\/03\/avina-la-porte-nest-pas-fermee-pour-lira\/","og_site_name":"La Diagonale","article_published_time":"2026-09-03T14:35:32+00:00","article_modified_time":"2026-09-03T14:35:33+00:00","og_image":[{"width":1160,"height":650,"url":"https:\/\/www.ladiagonale.net\/wp-content\/uploads\/2026\/07\/Lira.png","type":"image\/png"}],"author":"Damien Dellerba","twitter_card":"summary_large_image","twitter_image":"https:\/\/www.ladiagonale.net\/wp-content\/uploads\/2026\/07\/Lira.png","twitter_misc":{"\u00c9crit par":"Damien Dellerba","Dur\u00e9e de lecture estim\u00e9e":"2 minutes"},"schema":{"@context":"https:\/\/schema.org","@graph":[{"@type":"WebPage","@id":"https:\/\/www.ladiagonale.net\/index.php\/2026\/09\/03\/avina-la-porte-nest-pas-fermee-pour-lira\/","url":"https:\/\/www.ladiagonale.net\/index.php\/2026\/09\/03\/avina-la-porte-nest-pas-fermee-pour-lira\/","name":"Avina : \u00ab La porte n\u2019est pas ferm\u00e9e \u00bb pour Lira - La Diagonale","isPartOf":{"@id":"https:\/\/www.ladiagonale.net\/#website"},"datePublished":"2026-09-03T14:35:32+00:00","dateModified":"2026-09-03T14:35:33+00:00","author":{"@id":"https:\/\/www.ladiagonale.net\/#\/schema\/person\/79ff1e7b0853ed01b2aa26e64ad300bf"},"breadcrumb":{"@id":"https:\/\/www.ladiagonale.net\/index.php\/2026\/09\/03\/avina-la-porte-nest-pas-fermee-pour-lira\/#breadcrumb"},"inLanguage":"fr-FR","potentialAction":[{"@type":"ReadAction","target":["https:\/\/www.ladiagonale.net\/index.php\/2026\/09\/03\/avina-la-porte-nest-pas-fermee-pour-lira\/"]}]},{"@type":"BreadcrumbList","@id":"https:\/\/www.ladiagonale.net\/index.php\/2026\/09\/03\/avina-la-porte-nest-pas-fermee-pour-lira\/#breadcrumb","itemListElement":[{"@type":"ListItem","position":1,"name":"Accueil","item":"https:\/\/www.ladiagonale.net\/"},{"@type":"ListItem","position":2,"name":"Avina : \u00ab La porte n\u2019est pas ferm\u00e9e \u00bb pour Lira"}]},{"@type":"WebSite","@id":"https:\/\/www.ladiagonale.net\/#website","url":"https:\/\/www.ladiagonale.net\/","name":"La Diagonale","description":"Le site des supporters de l&#039;AS Monaco FC","potentialAction":[{"@type":"SearchAction","target":{"@type":"EntryPoint","urlTemplate":"https:\/\/www.ladiagonale.net\/?s={search_term_string}"},"query-input":"required name=search_term_string"}],"inLanguage":"fr-FR"},{"@type":"Person","@id":"https:\/\/www.ladiagonale.net\/#\/schema\/person\/79ff1e7b0853ed01b2aa26e64ad300bf","name":"Damien Dellerba","image":{"@type":"ImageObject","inLanguage":"fr-FR","@id":"https:\/\/www.ladiagonale.net\/#\/schema\/person\/image\/","url":"https:\/\/secure.gravatar.com\/avatar\/c7850e06d3ff63cdbaee88b7fc16e2f0?s=96&d=mm&r=g","contentUrl":"https:\/\/secure.gravatar.com\/avatar\/c7850e06d3ff63cdbaee88b7fc16e2f0?s=96&d=mm&r=g","caption":"Damien Dellerba"},"url":"https:\/\/www.ladiagonale.net\/index.php\/author\/damien\/"}]}},"_links":{"self":[{"href":"https:\/\/www.ladiagonale.net\/index.php\/wp-json\/wp\/v2\/posts\/40628"}],"collection":[{"href":"https:\/\/www.ladiagonale.net\/index.php\/wp-json\/wp\/v2\/posts"}],"about":[{"href":"https:\/\/www.ladiagonale.net\/index.php\/wp-json\/wp\/v2\/types\/post"}],"author":[{"embeddable":true,"href":"https:\/\/www.ladiagonale.net\/index.php\/wp-json\/wp\/v2\/users\/2"}],"replies":[{"embeddable":true,"href":"https:\/\/www.ladiagonale.net\/index.php\/wp-json\/wp\/v2\/comments?post=40628"}],"version-history":[{"count":2,"href":"https:\/\/www.ladiagonale.net\/index.php\/wp-json\/wp\/v2\/posts\/40628\/revisions"}],"predecessor-version":[{"id":40630,"href":"https:\/\/www.ladiagonale.net\/index.php\/wp-json\/wp\/v2\/posts\/40628\/revisions\/40630"}],"wp:attachment":[{"href":"https:\/\/www.ladiagonale.net\/index.php\/wp-json\/wp\/v2\/media?parent=40628"}],"wp:term":[{"taxonomy":"category","embeddable":true,"href":"https:\/\/www.ladiagonale.net\/index.php\/wp-json\/wp\/v2\/categories?post=40628"},{"taxonomy":"post_tag","embeddable":true,"href":"https:\/\/www.ladiagonale.net\/index.php\/wp-json\/wp\/v2\/tags?post=40628"}],"curies":[{"name":"wp","href":"https:\/\/api.w.org\/{rel}","templated":true}]}}