{"id":40633,"date":"2026-09-03T17:24:12","date_gmt":"2026-09-03T15:24:12","guid":{"rendered":"https:\/\/www.ladiagonale.net\/?p=40633"},"modified":"2026-09-03T17:24:12","modified_gmt":"2026-09-03T15:24:12","slug":"dier-sur-sa-premiere-saison-a-monaco-le-probleme-a-surtout-ete-physique","status":"publish","type":"post","link":"https:\/\/www.ladiagonale.net\/index.php\/2026\/09\/03\/dier-sur-sa-premiere-saison-a-monaco-le-probleme-a-surtout-ete-physique\/","title":{"rendered":"Dier sur sa premi\u00e8re saison \u00e0 Monaco : \u00ab&nbsp;Le probl\u00e8me a surtout \u00e9t\u00e9 physique&nbsp;\u00bb"},"content":{"rendered":"\n<p>Eric Dier semble avoir retrouv\u00e9 du poil de la b\u00eate cette saison. Le d\u00e9fenseur central anglais a \u00e9t\u00e9 install\u00e9 comme titulaire par Filipe Luis, en plus d\u2019avoir \u00e9t\u00e9 promu vice-capitaine. Auteur d\u2019un but contre Le Havre et de performances solides, il semble avoir oubli\u00e9 les difficult\u00e9s de sa premi\u00e8re ann\u00e9e \u00e0 l\u2019AS Monaco, qui n\u2019\u00e9taient pas li\u00e9es au niveau de la Ligue 1 :\u00a0\u00ab\u00a0<em>Je crois surtout que je n\u2019ai jou\u00e9 que 13 matches, donc le probl\u00e8me a surtout \u00e9t\u00e9 physique pour moi, car j\u2019ai connu trois blessures dont deux rechutes, ce qui ne m&rsquo;\u00e9tait jamais arriv\u00e9 dans ma carri\u00e8re. C\u2019est ce qui m\u2019a le plus g\u00ean\u00e9 l\u2019an dernier honn\u00eatement.<\/em>\u00a0\u00bb<\/p>\n\n\n\n<p>Les mauvaises performances de Dier la saison pass\u00e9e avaient conduit \u00e0 s\u2019interroger sur son avenir, surtout que son salaire \u00e9lev\u00e9 \u00e9tait devenu un \u00ab\u00a0<em>sujet<\/em>\u00a0\u00bb, comme <a href=\"https:\/\/www.ladiagonale.net\/index.php\/2026\/07\/08\/monaco-envisage-de-se-separer-de-dier\/\" target=\"_blank\" rel=\"noreferrer noopener\">l\u2019avait rappel\u00e9 Thiago Scuro<\/a>, apr\u00e8s l\u2019encadrement de la masse salariale par la DNCG. Mais l\u2019ancien de Tottenham ne s\u2019est jamais inqui\u00e9t\u00e9 des rumeurs : \u00ab\u00a0<em>C\u2019est une situation normale. Ce n\u2019est pas la premi\u00e8re fois de ma carri\u00e8re que je suis dans ce cas, donc en g\u00e9n\u00e9ral j\u2019essaye juste de m\u2019occuper de ce que je peux contr\u00f4ler, \u00e0 savoir bien m\u2019entra\u00eener, bien jouer, rester en bonne sant\u00e9 et \u00eatre disponible pour l\u2019\u00e9quipe. Tout autre sujet n\u2019est pas quelque chose sur lequel je peux avoir un impact, donc je ne m\u2019y attache pas trop.<\/em>\u00a0\u00bb<\/p>\n\n\n\n<blockquote class=\"wp-block-quote\"><p>\u00ab\u00a0Je ne pense pas qu\u2019il y ait de bon moment pour affronter une \u00e9quipe comme le PSG\u00a0\u00bb<\/p><cite>Eric Dier<\/cite><\/blockquote>\n\n\n\n<p>Dier et d\u00e9sormais bien l\u00e0, bien d\u00e9cid\u00e9 \u00e0 se refaire la cerise, aid\u00e9 notamment par Filipe Luis, qui l\u2019a remis sur les rails, et qui avait <a href=\"https:\/\/www.ladiagonale.net\/index.php\/2026\/08\/24\/un-bon-joueur-ne-devient-pas-mauvais-du-jour-au-lendemain-dier-a-seduit-filipe-luis\/\" target=\"_blank\" rel=\"noreferrer noopener\">pris sa d\u00e9fense r\u00e9cemment<\/a> : \u00ab\u00a0<em>De mon c\u00f4t\u00e9, j&rsquo;appr\u00e9cie beaucoup de travailler avec lui au quotidien, et ce, depuis le premier jour<\/em>, a-t-il confi\u00e9. <em>Apprendre ses principes de jeu \u00e0 l\u2019entra\u00eenement, les mettre en pratique, mais aussi observer la fa\u00e7on dont il est avec le groupe et dont il nous manage tous les jours, c\u2019est vraiment passionnant. J\u2019aime aussi le fait qu\u2019il prenne part aux s\u00e9ances sur le terrain, et notre fa\u00e7on de jouer en match.<\/em>\u00a0\u00bb<\/p>\n\n\n\n<p>Vendredi, Monaco affronte le Paris Saint-Germain, qui n\u2019a toujours pas gagn\u00e9 cette saison : \u00ab\u00a0<em>Sinc\u00e8rement, je ne pense pas qu\u2019il y ait de bon moment pour affronter une \u00e9quipe comme \u00e7a. Nous parlons de la meilleure \u00e9quipe du monde sur les deux derni\u00e8res ann\u00e9es, compos\u00e9e de joueurs de classe internationale et avec l\u2019un des meilleurs coachs de la plan\u00e8te \u00e0 sa t\u00eate. Je ne crois donc pas que nous puissions tirer des conclusions des r\u00e9sultats qu\u2019ils ont obtenus lors des deux premi\u00e8res journ\u00e9es. Il y a trois mois ils ont gagn\u00e9 \u00e0 nouveau la Ligue des Champions, ce n\u2019est pas si loin.<\/em>\u00a0\u00bb<\/p>\n\n\n\n<p>Dier a d\u00e9j\u00e0 une id\u00e9e de ce que les Mon\u00e9gasques devront bien faire pour \u00e9viter de se faire d\u00e9border par la puissance de feu du PSG : \u00ab\u00a0<em>Ils ont beaucoup de mouvements au sein m\u00eame de leur syst\u00e8me qui est hybride, certains joueurs se placent entre les lignes et sont tr\u00e8s mobiles. Le coach va de toute fa\u00e7on nous donner le plan de jeu qu\u2019il veut d\u00e9ployer, et pour nous, il s\u2019agit surtout de bien g\u00e9rer ces mouvements incessants de leur part et de bien communiquer entre nous pour faire les choses ensemble.\u00a0<\/em>\u00bb<\/p>\n\n\n","protected":false},"excerpt":{"rendered":"<p>Eric Dier semble avoir retrouv\u00e9 du poil de la b\u00eate cette saison. Le d\u00e9fenseur central anglais a \u00e9t\u00e9 install\u00e9 comme titulaire par Filipe Luis, en plus d\u2019avoir \u00e9t\u00e9 promu vice-capitaine. Auteur d\u2019un but contre Le Havre et de performances solides, il semble avoir oubli\u00e9 les difficult\u00e9s de sa premi\u00e8re ann\u00e9e \u00e0 l\u2019AS Monaco, qui n\u2019\u00e9taient [&#8230;]\n","protected":false},"author":2,"featured_media":0,"comment_status":"open","ping_status":"open","sticky":false,"template":"","format":"standard","meta":[],"categories":[6],"tags":[86,1026,94,720],"yoast_head":"<!-- This site is optimized with the Yoast SEO plugin v19.8 - https:\/\/yoast.com\/wordpress\/plugins\/seo\/ -->\n<title>Dier sur sa premi\u00e8re saison \u00e0 Monaco : \u00ab&nbsp;Le probl\u00e8me a surtout \u00e9t\u00e9 physique&nbsp;\u00bb - La Diagonale<\/title>\n<meta name=\"robots\" content=\"index, follow, max-snippet:-1, max-image-preview:large, max-video-preview:-1\" \/>\n<link rel=\"canonical\" href=\"https:\/\/www.ladiagonale.net\/index.php\/2026\/09\/03\/dier-sur-sa-premiere-saison-a-monaco-le-probleme-a-surtout-ete-physique\/\" \/>\n<meta property=\"og:locale\" content=\"fr_FR\" \/>\n<meta property=\"og:type\" content=\"article\" \/>\n<meta property=\"og:title\" content=\"Dier sur sa premi\u00e8re saison \u00e0 Monaco : \u00ab&nbsp;Le probl\u00e8me a surtout \u00e9t\u00e9 physique&nbsp;\u00bb - La Diagonale\" \/>\n<meta property=\"og:description\" content=\"Eric Dier semble avoir retrouv\u00e9 du poil de la b\u00eate cette saison. Le d\u00e9fenseur central anglais a \u00e9t\u00e9 install\u00e9 comme titulaire par Filipe Luis, en plus d\u2019avoir \u00e9t\u00e9 promu vice-capitaine. Auteur d\u2019un but contre Le Havre et de performances solides, il semble avoir oubli\u00e9 les difficult\u00e9s de sa premi\u00e8re ann\u00e9e \u00e0 l\u2019AS Monaco, qui n\u2019\u00e9taient [...]\" \/>\n<meta property=\"og:url\" content=\"https:\/\/www.ladiagonale.net\/index.php\/2026\/09\/03\/dier-sur-sa-premiere-saison-a-monaco-le-probleme-a-surtout-ete-physique\/\" \/>\n<meta property=\"og:site_name\" content=\"La Diagonale\" \/>\n<meta property=\"article:published_time\" content=\"2026-09-03T15:24:12+00:00\" \/>\n<meta property=\"og:image\" content=\"https:\/\/www.ladiagonale.net\/wp-content\/uploads\/2026\/09\/dierr.png\" \/>\n\t<meta property=\"og:image:width\" content=\"1160\" \/>\n\t<meta property=\"og:image:height\" content=\"650\" \/>\n\t<meta property=\"og:image:type\" content=\"image\/png\" \/>\n<meta name=\"author\" content=\"Damien Dellerba\" \/>\n<meta name=\"twitter:card\" content=\"summary_large_image\" \/>\n<meta name=\"twitter:image\" content=\"https:\/\/www.ladiagonale.net\/wp-content\/uploads\/2026\/09\/dierr.png\" \/>\n<meta name=\"twitter:label1\" content=\"\u00c9crit par\" \/>\n\t<meta name=\"twitter:data1\" content=\"Damien Dellerba\" \/>\n\t<meta name=\"twitter:label2\" content=\"Dur\u00e9e de lecture estim\u00e9e\" \/>\n\t<meta name=\"twitter:data2\" content=\"3 minutes\" \/>\n<script type=\"application\/ld+json\" class=\"yoast-schema-graph\">{\"@context\":\"https:\/\/schema.org\",\"@graph\":[{\"@type\":\"WebPage\",\"@id\":\"https:\/\/www.ladiagonale.net\/index.php\/2026\/09\/03\/dier-sur-sa-premiere-saison-a-monaco-le-probleme-a-surtout-ete-physique\/\",\"url\":\"https:\/\/www.ladiagonale.net\/index.php\/2026\/09\/03\/dier-sur-sa-premiere-saison-a-monaco-le-probleme-a-surtout-ete-physique\/\",\"name\":\"Dier sur sa premi\u00e8re saison \u00e0 Monaco : \u00ab&nbsp;Le probl\u00e8me a surtout \u00e9t\u00e9 physique&nbsp;\u00bb - La Diagonale\",\"isPartOf\":{\"@id\":\"https:\/\/www.ladiagonale.net\/#website\"},\"datePublished\":\"2026-09-03T15:24:12+00:00\",\"dateModified\":\"2026-09-03T15:24:12+00:00\",\"author\":{\"@id\":\"https:\/\/www.ladiagonale.net\/#\/schema\/person\/79ff1e7b0853ed01b2aa26e64ad300bf\"},\"breadcrumb\":{\"@id\":\"https:\/\/www.ladiagonale.net\/index.php\/2026\/09\/03\/dier-sur-sa-premiere-saison-a-monaco-le-probleme-a-surtout-ete-physique\/#breadcrumb\"},\"inLanguage\":\"fr-FR\",\"potentialAction\":[{\"@type\":\"ReadAction\",\"target\":[\"https:\/\/www.ladiagonale.net\/index.php\/2026\/09\/03\/dier-sur-sa-premiere-saison-a-monaco-le-probleme-a-surtout-ete-physique\/\"]}]},{\"@type\":\"BreadcrumbList\",\"@id\":\"https:\/\/www.ladiagonale.net\/index.php\/2026\/09\/03\/dier-sur-sa-premiere-saison-a-monaco-le-probleme-a-surtout-ete-physique\/#breadcrumb\",\"itemListElement\":[{\"@type\":\"ListItem\",\"position\":1,\"name\":\"Accueil\",\"item\":\"https:\/\/www.ladiagonale.net\/\"},{\"@type\":\"ListItem\",\"position\":2,\"name\":\"Dier sur sa premi\u00e8re saison \u00e0 Monaco : \u00ab&nbsp;Le probl\u00e8me a surtout \u00e9t\u00e9 physique&nbsp;\u00bb\"}]},{\"@type\":\"WebSite\",\"@id\":\"https:\/\/www.ladiagonale.net\/#website\",\"url\":\"https:\/\/www.ladiagonale.net\/\",\"name\":\"La Diagonale\",\"description\":\"Le site des supporters de l&#039;AS Monaco FC\",\"potentialAction\":[{\"@type\":\"SearchAction\",\"target\":{\"@type\":\"EntryPoint\",\"urlTemplate\":\"https:\/\/www.ladiagonale.net\/?s={search_term_string}\"},\"query-input\":\"required name=search_term_string\"}],\"inLanguage\":\"fr-FR\"},{\"@type\":\"Person\",\"@id\":\"https:\/\/www.ladiagonale.net\/#\/schema\/person\/79ff1e7b0853ed01b2aa26e64ad300bf\",\"name\":\"Damien Dellerba\",\"image\":{\"@type\":\"ImageObject\",\"inLanguage\":\"fr-FR\",\"@id\":\"https:\/\/www.ladiagonale.net\/#\/schema\/person\/image\/\",\"url\":\"https:\/\/secure.gravatar.com\/avatar\/c7850e06d3ff63cdbaee88b7fc16e2f0?s=96&d=mm&r=g\",\"contentUrl\":\"https:\/\/secure.gravatar.com\/avatar\/c7850e06d3ff63cdbaee88b7fc16e2f0?s=96&d=mm&r=g\",\"caption\":\"Damien Dellerba\"},\"url\":\"https:\/\/www.ladiagonale.net\/index.php\/author\/damien\/\"}]}<\/script>\n<!-- \/ Yoast SEO plugin. -->","yoast_head_json":{"title":"Dier sur sa premi\u00e8re saison \u00e0 Monaco : \u00ab&nbsp;Le probl\u00e8me a surtout \u00e9t\u00e9 physique&nbsp;\u00bb - La Diagonale","robots":{"index":"index","follow":"follow","max-snippet":"max-snippet:-1","max-image-preview":"max-image-preview:large","max-video-preview":"max-video-preview:-1"},"canonical":"https:\/\/www.ladiagonale.net\/index.php\/2026\/09\/03\/dier-sur-sa-premiere-saison-a-monaco-le-probleme-a-surtout-ete-physique\/","og_locale":"fr_FR","og_type":"article","og_title":"Dier sur sa premi\u00e8re saison \u00e0 Monaco : \u00ab&nbsp;Le probl\u00e8me a surtout \u00e9t\u00e9 physique&nbsp;\u00bb - La Diagonale","og_description":"Eric Dier semble avoir retrouv\u00e9 du poil de la b\u00eate cette saison. Le d\u00e9fenseur central anglais a \u00e9t\u00e9 install\u00e9 comme titulaire par Filipe Luis, en plus d\u2019avoir \u00e9t\u00e9 promu vice-capitaine. Auteur d\u2019un but contre Le Havre et de performances solides, il semble avoir oubli\u00e9 les difficult\u00e9s de sa premi\u00e8re ann\u00e9e \u00e0 l\u2019AS Monaco, qui n\u2019\u00e9taient [...]","og_url":"https:\/\/www.ladiagonale.net\/index.php\/2026\/09\/03\/dier-sur-sa-premiere-saison-a-monaco-le-probleme-a-surtout-ete-physique\/","og_site_name":"La Diagonale","article_published_time":"2026-09-03T15:24:12+00:00","og_image":[{"width":1160,"height":650,"url":"https:\/\/www.ladiagonale.net\/wp-content\/uploads\/2026\/09\/dierr.png","type":"image\/png"}],"author":"Damien Dellerba","twitter_card":"summary_large_image","twitter_image":"https:\/\/www.ladiagonale.net\/wp-content\/uploads\/2026\/09\/dierr.png","twitter_misc":{"\u00c9crit par":"Damien Dellerba","Dur\u00e9e de lecture estim\u00e9e":"3 minutes"},"schema":{"@context":"https:\/\/schema.org","@graph":[{"@type":"WebPage","@id":"https:\/\/www.ladiagonale.net\/index.php\/2026\/09\/03\/dier-sur-sa-premiere-saison-a-monaco-le-probleme-a-surtout-ete-physique\/","url":"https:\/\/www.ladiagonale.net\/index.php\/2026\/09\/03\/dier-sur-sa-premiere-saison-a-monaco-le-probleme-a-surtout-ete-physique\/","name":"Dier sur sa premi\u00e8re saison \u00e0 Monaco : \u00ab&nbsp;Le probl\u00e8me a surtout \u00e9t\u00e9 physique&nbsp;\u00bb - La Diagonale","isPartOf":{"@id":"https:\/\/www.ladiagonale.net\/#website"},"datePublished":"2026-09-03T15:24:12+00:00","dateModified":"2026-09-03T15:24:12+00:00","author":{"@id":"https:\/\/www.ladiagonale.net\/#\/schema\/person\/79ff1e7b0853ed01b2aa26e64ad300bf"},"breadcrumb":{"@id":"https:\/\/www.ladiagonale.net\/index.php\/2026\/09\/03\/dier-sur-sa-premiere-saison-a-monaco-le-probleme-a-surtout-ete-physique\/#breadcrumb"},"inLanguage":"fr-FR","potentialAction":[{"@type":"ReadAction","target":["https:\/\/www.ladiagonale.net\/index.php\/2026\/09\/03\/dier-sur-sa-premiere-saison-a-monaco-le-probleme-a-surtout-ete-physique\/"]}]},{"@type":"BreadcrumbList","@id":"https:\/\/www.ladiagonale.net\/index.php\/2026\/09\/03\/dier-sur-sa-premiere-saison-a-monaco-le-probleme-a-surtout-ete-physique\/#breadcrumb","itemListElement":[{"@type":"ListItem","position":1,"name":"Accueil","item":"https:\/\/www.ladiagonale.net\/"},{"@type":"ListItem","position":2,"name":"Dier sur sa premi\u00e8re saison \u00e0 Monaco : \u00ab&nbsp;Le probl\u00e8me a surtout \u00e9t\u00e9 physique&nbsp;\u00bb"}]},{"@type":"WebSite","@id":"https:\/\/www.ladiagonale.net\/#website","url":"https:\/\/www.ladiagonale.net\/","name":"La Diagonale","description":"Le site des supporters de l&#039;AS Monaco FC","potentialAction":[{"@type":"SearchAction","target":{"@type":"EntryPoint","urlTemplate":"https:\/\/www.ladiagonale.net\/?s={search_term_string}"},"query-input":"required name=search_term_string"}],"inLanguage":"fr-FR"},{"@type":"Person","@id":"https:\/\/www.ladiagonale.net\/#\/schema\/person\/79ff1e7b0853ed01b2aa26e64ad300bf","name":"Damien Dellerba","image":{"@type":"ImageObject","inLanguage":"fr-FR","@id":"https:\/\/www.ladiagonale.net\/#\/schema\/person\/image\/","url":"https:\/\/secure.gravatar.com\/avatar\/c7850e06d3ff63cdbaee88b7fc16e2f0?s=96&d=mm&r=g","contentUrl":"https:\/\/secure.gravatar.com\/avatar\/c7850e06d3ff63cdbaee88b7fc16e2f0?s=96&d=mm&r=g","caption":"Damien Dellerba"},"url":"https:\/\/www.ladiagonale.net\/index.php\/author\/damien\/"}]}},"_links":{"self":[{"href":"https:\/\/www.ladiagonale.net\/index.php\/wp-json\/wp\/v2\/posts\/40633"}],"collection":[{"href":"https:\/\/www.ladiagonale.net\/index.php\/wp-json\/wp\/v2\/posts"}],"about":[{"href":"https:\/\/www.ladiagonale.net\/index.php\/wp-json\/wp\/v2\/types\/post"}],"author":[{"embeddable":true,"href":"https:\/\/www.ladiagonale.net\/index.php\/wp-json\/wp\/v2\/users\/2"}],"replies":[{"embeddable":true,"href":"https:\/\/www.ladiagonale.net\/index.php\/wp-json\/wp\/v2\/comments?post=40633"}],"version-history":[{"count":1,"href":"https:\/\/www.ladiagonale.net\/index.php\/wp-json\/wp\/v2\/posts\/40633\/revisions"}],"predecessor-version":[{"id":40635,"href":"https:\/\/www.ladiagonale.net\/index.php\/wp-json\/wp\/v2\/posts\/40633\/revisions\/40635"}],"wp:attachment":[{"href":"https:\/\/www.ladiagonale.net\/index.php\/wp-json\/wp\/v2\/media?parent=40633"}],"wp:term":[{"taxonomy":"category","embeddable":true,"href":"https:\/\/www.ladiagonale.net\/index.php\/wp-json\/wp\/v2\/categories?post=40633"},{"taxonomy":"post_tag","embeddable":true,"href":"https:\/\/www.ladiagonale.net\/index.php\/wp-json\/wp\/v2\/tags?post=40633"}],"curies":[{"name":"wp","href":"https:\/\/api.w.org\/{rel}","templated":true}]}}