{"id":40636,"date":"2026-09-03T17:43:05","date_gmt":"2026-09-03T15:43:05","guid":{"rendered":"https:\/\/www.ladiagonale.net\/?p=40636"},"modified":"2026-09-03T17:43:06","modified_gmt":"2026-09-03T15:43:06","slug":"la-pelouse-du-parc-des-princes-a-ete-changee-avant-psg-monaco","status":"publish","type":"post","link":"https:\/\/www.ladiagonale.net\/index.php\/2026\/09\/03\/la-pelouse-du-parc-des-princes-a-ete-changee-avant-psg-monaco\/","title":{"rendered":"La pelouse du Parc des Princes a \u00e9t\u00e9 chang\u00e9e avant PSG-Monaco"},"content":{"rendered":"\n<p>La rencontre entre l\u2019AS Monaco et le Paris Saint-Germain, pr\u00e9vue ce vendredi pour lancer la troisi\u00e8me journ\u00e9e de Ligue 1, se disputera sur une pelouse flambant neuve au Parc des Princes. En ouverture du Championnat, l&rsquo;\u00e9tat du terrain parisien, jug\u00e9 impraticable apr\u00e8s avoir \u00e9t\u00e9 ab\u00eem\u00e9 par un champignon et les canicules, avait provoqu\u00e9 une pol\u00e9mique et contraint la LFP \u00e0 faire jouer la rencontre face \u00e0 Rennes au Roazhon Park.<\/p>\n\n\n\n<p>Depuis, le PSG a proc\u00e9d\u00e9 au remplacement de la pelouse dans son int\u00e9gralit\u00e9 \u00e0 la fin du mois d\u2019ao\u00fbt. Comme rapport\u00e9 par <em>L\u2019\u00c9quipe<\/em> et <em>Le Parisien<\/em>, ce sont pr\u00e8s de 700 rouleaux de pelouse venus d&rsquo;Irlande qui ont \u00e9t\u00e9 install\u00e9s entre le 26 et le 28, avec un important travail d&rsquo;irrigation et d&rsquo;enracinement r\u00e9alis\u00e9 dans la foul\u00e9e. Une dur\u00e9e relativement courte avant de voir la confrontation entre les deux \u00e9quipes, qui pourrait pousser \u00e0 une certaine inqui\u00e9tude.<\/p>\n\n\n\n<p>Mais \u00e0 la veille de recevoir le club de la Principaut\u00e9, le double champion d\u2019Europe serait confiant. Les premiers tests effectu\u00e9s sur la nouvelle surface seraient concluants, avec une pelouse jug\u00e9e \u00ab <em>exceptionnelle<\/em> \u00bb et parfaitement adapt\u00e9e aux exigences techniques de Luis Enrique. \u00ab <em>L&rsquo;information qu\u2019on m\u2019a donn\u00e9e, c\u2019est qu\u2019elle est en condition, mais il faut voir si pendant tout le match elle le sera pour notre football<\/em> \u00bb, a tout de m\u00eame nuanc\u00e9 l&rsquo;entra\u00eeneur br\u00e9silien en conf\u00e9rence de presse.<\/p>\n\n\n","protected":false},"excerpt":{"rendered":"<p>La rencontre entre l\u2019AS Monaco et le Paris Saint-Germain, pr\u00e9vue ce vendredi pour lancer la troisi\u00e8me journ\u00e9e de Ligue 1, se disputera sur une pelouse flambant neuve au Parc des Princes. En ouverture du Championnat, l&rsquo;\u00e9tat du terrain parisien, jug\u00e9 impraticable apr\u00e8s avoir \u00e9t\u00e9 ab\u00eem\u00e9 par un champignon et les canicules, avait provoqu\u00e9 une pol\u00e9mique [&#8230;]\n","protected":false},"author":2,"featured_media":0,"comment_status":"open","ping_status":"open","sticky":false,"template":"","format":"standard","meta":[],"categories":[6,1000],"tags":[86,94,720,512],"yoast_head":"<!-- This site is optimized with the Yoast SEO plugin v19.8 - https:\/\/yoast.com\/wordpress\/plugins\/seo\/ -->\n<title>La pelouse du Parc des Princes a \u00e9t\u00e9 chang\u00e9e avant PSG-Monaco - La Diagonale<\/title>\n<meta name=\"robots\" content=\"index, follow, max-snippet:-1, max-image-preview:large, max-video-preview:-1\" \/>\n<link rel=\"canonical\" href=\"https:\/\/www.ladiagonale.net\/index.php\/2026\/09\/03\/la-pelouse-du-parc-des-princes-a-ete-changee-avant-psg-monaco\/\" \/>\n<meta property=\"og:locale\" content=\"fr_FR\" \/>\n<meta property=\"og:type\" content=\"article\" \/>\n<meta property=\"og:title\" content=\"La pelouse du Parc des Princes a \u00e9t\u00e9 chang\u00e9e avant PSG-Monaco - La Diagonale\" \/>\n<meta property=\"og:description\" content=\"La rencontre entre l\u2019AS Monaco et le Paris Saint-Germain, pr\u00e9vue ce vendredi pour lancer la troisi\u00e8me journ\u00e9e de Ligue 1, se disputera sur une pelouse flambant neuve au Parc des Princes. En ouverture du Championnat, l&rsquo;\u00e9tat du terrain parisien, jug\u00e9 impraticable apr\u00e8s avoir \u00e9t\u00e9 ab\u00eem\u00e9 par un champignon et les canicules, avait provoqu\u00e9 une pol\u00e9mique [...]\" \/>\n<meta property=\"og:url\" content=\"https:\/\/www.ladiagonale.net\/index.php\/2026\/09\/03\/la-pelouse-du-parc-des-princes-a-ete-changee-avant-psg-monaco\/\" \/>\n<meta property=\"og:site_name\" content=\"La Diagonale\" \/>\n<meta property=\"article:published_time\" content=\"2026-09-03T15:43:05+00:00\" \/>\n<meta property=\"article:modified_time\" content=\"2026-09-03T15:43:06+00:00\" \/>\n<meta property=\"og:image\" content=\"https:\/\/www.ladiagonale.net\/wp-content\/uploads\/2026\/09\/pelouse-parc.png\" \/>\n\t<meta property=\"og:image:width\" content=\"1160\" \/>\n\t<meta property=\"og:image:height\" content=\"650\" \/>\n\t<meta property=\"og:image:type\" content=\"image\/png\" \/>\n<meta name=\"author\" content=\"Damien Dellerba\" \/>\n<meta name=\"twitter:card\" content=\"summary_large_image\" \/>\n<meta name=\"twitter:image\" content=\"https:\/\/www.ladiagonale.net\/wp-content\/uploads\/2026\/09\/pelouse-parc.png\" \/>\n<meta name=\"twitter:label1\" content=\"\u00c9crit par\" \/>\n\t<meta name=\"twitter:data1\" content=\"Damien Dellerba\" \/>\n\t<meta name=\"twitter:label2\" content=\"Dur\u00e9e de lecture estim\u00e9e\" \/>\n\t<meta name=\"twitter:data2\" content=\"2 minutes\" \/>\n<script type=\"application\/ld+json\" class=\"yoast-schema-graph\">{\"@context\":\"https:\/\/schema.org\",\"@graph\":[{\"@type\":\"WebPage\",\"@id\":\"https:\/\/www.ladiagonale.net\/index.php\/2026\/09\/03\/la-pelouse-du-parc-des-princes-a-ete-changee-avant-psg-monaco\/\",\"url\":\"https:\/\/www.ladiagonale.net\/index.php\/2026\/09\/03\/la-pelouse-du-parc-des-princes-a-ete-changee-avant-psg-monaco\/\",\"name\":\"La pelouse du Parc des Princes a \u00e9t\u00e9 chang\u00e9e avant PSG-Monaco - La Diagonale\",\"isPartOf\":{\"@id\":\"https:\/\/www.ladiagonale.net\/#website\"},\"datePublished\":\"2026-09-03T15:43:05+00:00\",\"dateModified\":\"2026-09-03T15:43:06+00:00\",\"author\":{\"@id\":\"https:\/\/www.ladiagonale.net\/#\/schema\/person\/79ff1e7b0853ed01b2aa26e64ad300bf\"},\"breadcrumb\":{\"@id\":\"https:\/\/www.ladiagonale.net\/index.php\/2026\/09\/03\/la-pelouse-du-parc-des-princes-a-ete-changee-avant-psg-monaco\/#breadcrumb\"},\"inLanguage\":\"fr-FR\",\"potentialAction\":[{\"@type\":\"ReadAction\",\"target\":[\"https:\/\/www.ladiagonale.net\/index.php\/2026\/09\/03\/la-pelouse-du-parc-des-princes-a-ete-changee-avant-psg-monaco\/\"]}]},{\"@type\":\"BreadcrumbList\",\"@id\":\"https:\/\/www.ladiagonale.net\/index.php\/2026\/09\/03\/la-pelouse-du-parc-des-princes-a-ete-changee-avant-psg-monaco\/#breadcrumb\",\"itemListElement\":[{\"@type\":\"ListItem\",\"position\":1,\"name\":\"Accueil\",\"item\":\"https:\/\/www.ladiagonale.net\/\"},{\"@type\":\"ListItem\",\"position\":2,\"name\":\"La pelouse du Parc des Princes a \u00e9t\u00e9 chang\u00e9e avant PSG-Monaco\"}]},{\"@type\":\"WebSite\",\"@id\":\"https:\/\/www.ladiagonale.net\/#website\",\"url\":\"https:\/\/www.ladiagonale.net\/\",\"name\":\"La Diagonale\",\"description\":\"Le site des supporters de l&#039;AS Monaco FC\",\"potentialAction\":[{\"@type\":\"SearchAction\",\"target\":{\"@type\":\"EntryPoint\",\"urlTemplate\":\"https:\/\/www.ladiagonale.net\/?s={search_term_string}\"},\"query-input\":\"required name=search_term_string\"}],\"inLanguage\":\"fr-FR\"},{\"@type\":\"Person\",\"@id\":\"https:\/\/www.ladiagonale.net\/#\/schema\/person\/79ff1e7b0853ed01b2aa26e64ad300bf\",\"name\":\"Damien Dellerba\",\"image\":{\"@type\":\"ImageObject\",\"inLanguage\":\"fr-FR\",\"@id\":\"https:\/\/www.ladiagonale.net\/#\/schema\/person\/image\/\",\"url\":\"https:\/\/secure.gravatar.com\/avatar\/c7850e06d3ff63cdbaee88b7fc16e2f0?s=96&d=mm&r=g\",\"contentUrl\":\"https:\/\/secure.gravatar.com\/avatar\/c7850e06d3ff63cdbaee88b7fc16e2f0?s=96&d=mm&r=g\",\"caption\":\"Damien Dellerba\"},\"url\":\"https:\/\/www.ladiagonale.net\/index.php\/author\/damien\/\"}]}<\/script>\n<!-- \/ Yoast SEO plugin. -->","yoast_head_json":{"title":"La pelouse du Parc des Princes a \u00e9t\u00e9 chang\u00e9e avant PSG-Monaco - La Diagonale","robots":{"index":"index","follow":"follow","max-snippet":"max-snippet:-1","max-image-preview":"max-image-preview:large","max-video-preview":"max-video-preview:-1"},"canonical":"https:\/\/www.ladiagonale.net\/index.php\/2026\/09\/03\/la-pelouse-du-parc-des-princes-a-ete-changee-avant-psg-monaco\/","og_locale":"fr_FR","og_type":"article","og_title":"La pelouse du Parc des Princes a \u00e9t\u00e9 chang\u00e9e avant PSG-Monaco - La Diagonale","og_description":"La rencontre entre l\u2019AS Monaco et le Paris Saint-Germain, pr\u00e9vue ce vendredi pour lancer la troisi\u00e8me journ\u00e9e de Ligue 1, se disputera sur une pelouse flambant neuve au Parc des Princes. En ouverture du Championnat, l&rsquo;\u00e9tat du terrain parisien, jug\u00e9 impraticable apr\u00e8s avoir \u00e9t\u00e9 ab\u00eem\u00e9 par un champignon et les canicules, avait provoqu\u00e9 une pol\u00e9mique [...]","og_url":"https:\/\/www.ladiagonale.net\/index.php\/2026\/09\/03\/la-pelouse-du-parc-des-princes-a-ete-changee-avant-psg-monaco\/","og_site_name":"La Diagonale","article_published_time":"2026-09-03T15:43:05+00:00","article_modified_time":"2026-09-03T15:43:06+00:00","og_image":[{"width":1160,"height":650,"url":"https:\/\/www.ladiagonale.net\/wp-content\/uploads\/2026\/09\/pelouse-parc.png","type":"image\/png"}],"author":"Damien Dellerba","twitter_card":"summary_large_image","twitter_image":"https:\/\/www.ladiagonale.net\/wp-content\/uploads\/2026\/09\/pelouse-parc.png","twitter_misc":{"\u00c9crit par":"Damien Dellerba","Dur\u00e9e de lecture estim\u00e9e":"2 minutes"},"schema":{"@context":"https:\/\/schema.org","@graph":[{"@type":"WebPage","@id":"https:\/\/www.ladiagonale.net\/index.php\/2026\/09\/03\/la-pelouse-du-parc-des-princes-a-ete-changee-avant-psg-monaco\/","url":"https:\/\/www.ladiagonale.net\/index.php\/2026\/09\/03\/la-pelouse-du-parc-des-princes-a-ete-changee-avant-psg-monaco\/","name":"La pelouse du Parc des Princes a \u00e9t\u00e9 chang\u00e9e avant PSG-Monaco - La Diagonale","isPartOf":{"@id":"https:\/\/www.ladiagonale.net\/#website"},"datePublished":"2026-09-03T15:43:05+00:00","dateModified":"2026-09-03T15:43:06+00:00","author":{"@id":"https:\/\/www.ladiagonale.net\/#\/schema\/person\/79ff1e7b0853ed01b2aa26e64ad300bf"},"breadcrumb":{"@id":"https:\/\/www.ladiagonale.net\/index.php\/2026\/09\/03\/la-pelouse-du-parc-des-princes-a-ete-changee-avant-psg-monaco\/#breadcrumb"},"inLanguage":"fr-FR","potentialAction":[{"@type":"ReadAction","target":["https:\/\/www.ladiagonale.net\/index.php\/2026\/09\/03\/la-pelouse-du-parc-des-princes-a-ete-changee-avant-psg-monaco\/"]}]},{"@type":"BreadcrumbList","@id":"https:\/\/www.ladiagonale.net\/index.php\/2026\/09\/03\/la-pelouse-du-parc-des-princes-a-ete-changee-avant-psg-monaco\/#breadcrumb","itemListElement":[{"@type":"ListItem","position":1,"name":"Accueil","item":"https:\/\/www.ladiagonale.net\/"},{"@type":"ListItem","position":2,"name":"La pelouse du Parc des Princes a \u00e9t\u00e9 chang\u00e9e avant PSG-Monaco"}]},{"@type":"WebSite","@id":"https:\/\/www.ladiagonale.net\/#website","url":"https:\/\/www.ladiagonale.net\/","name":"La Diagonale","description":"Le site des supporters de l&#039;AS Monaco FC","potentialAction":[{"@type":"SearchAction","target":{"@type":"EntryPoint","urlTemplate":"https:\/\/www.ladiagonale.net\/?s={search_term_string}"},"query-input":"required name=search_term_string"}],"inLanguage":"fr-FR"},{"@type":"Person","@id":"https:\/\/www.ladiagonale.net\/#\/schema\/person\/79ff1e7b0853ed01b2aa26e64ad300bf","name":"Damien Dellerba","image":{"@type":"ImageObject","inLanguage":"fr-FR","@id":"https:\/\/www.ladiagonale.net\/#\/schema\/person\/image\/","url":"https:\/\/secure.gravatar.com\/avatar\/c7850e06d3ff63cdbaee88b7fc16e2f0?s=96&d=mm&r=g","contentUrl":"https:\/\/secure.gravatar.com\/avatar\/c7850e06d3ff63cdbaee88b7fc16e2f0?s=96&d=mm&r=g","caption":"Damien Dellerba"},"url":"https:\/\/www.ladiagonale.net\/index.php\/author\/damien\/"}]}},"_links":{"self":[{"href":"https:\/\/www.ladiagonale.net\/index.php\/wp-json\/wp\/v2\/posts\/40636"}],"collection":[{"href":"https:\/\/www.ladiagonale.net\/index.php\/wp-json\/wp\/v2\/posts"}],"about":[{"href":"https:\/\/www.ladiagonale.net\/index.php\/wp-json\/wp\/v2\/types\/post"}],"author":[{"embeddable":true,"href":"https:\/\/www.ladiagonale.net\/index.php\/wp-json\/wp\/v2\/users\/2"}],"replies":[{"embeddable":true,"href":"https:\/\/www.ladiagonale.net\/index.php\/wp-json\/wp\/v2\/comments?post=40636"}],"version-history":[{"count":1,"href":"https:\/\/www.ladiagonale.net\/index.php\/wp-json\/wp\/v2\/posts\/40636\/revisions"}],"predecessor-version":[{"id":40638,"href":"https:\/\/www.ladiagonale.net\/index.php\/wp-json\/wp\/v2\/posts\/40636\/revisions\/40638"}],"wp:attachment":[{"href":"https:\/\/www.ladiagonale.net\/index.php\/wp-json\/wp\/v2\/media?parent=40636"}],"wp:term":[{"taxonomy":"category","embeddable":true,"href":"https:\/\/www.ladiagonale.net\/index.php\/wp-json\/wp\/v2\/categories?post=40636"},{"taxonomy":"post_tag","embeddable":true,"href":"https:\/\/www.ladiagonale.net\/index.php\/wp-json\/wp\/v2\/tags?post=40636"}],"curies":[{"name":"wp","href":"https:\/\/api.w.org\/{rel}","templated":true}]}}