{"id":40641,"date":"2026-09-03T18:49:15","date_gmt":"2026-09-03T16:49:15","guid":{"rendered":"https:\/\/www.ladiagonale.net\/?p=40641"},"modified":"2026-09-03T18:49:15","modified_gmt":"2026-09-03T16:49:15","slug":"le-groupe-monegasque-minamino-de-retour-golovin-present","status":"publish","type":"post","link":"https:\/\/www.ladiagonale.net\/index.php\/2026\/09\/03\/le-groupe-monegasque-minamino-de-retour-golovin-present\/","title":{"rendered":"Le groupe mon\u00e9gasque : Minamino de retour, Golovin pr\u00e9sent"},"content":{"rendered":"\n\n\n<p>L&rsquo;annonce du groupe de Filipe Luis pour affronter le Paris Saint-Germain s&rsquo;accompagne d&rsquo;une bonne nouvelle. Takumi Minamino effectue son retour apr\u00e8s de longs mois de convalescence pour soigner son genou gauche. Victime d&rsquo;une rupture du ligament crois\u00e9 ant\u00e9rieur \u00e0 Auxerre, le 21 d\u00e9cembre, le Japonais sera du voyage vers la Capitale. <\/p>\n\n\n\n<p>22 joueurs sont pr\u00e9sents, au lieu de 21, ce qui signifie que deux d&rsquo;entre eux seront en tribune vendredi soir. Cela pourrait notamment anticiper le fait que Minamino ne soit pas encore \u00e0 100% pour jouer, \u00e0 moins qu&rsquo;il ne s&rsquo;agisse d&rsquo;autre chose, un d\u00e9part notamment. Si rien ne semble imminent concernant Aleksandr Golovin, le milieu de terrain russe n\u00e9gocierait avec le Z\u00e9nith Saint-P\u00e9tersbourg et le Spartak Moscou.<\/p>\n\n\n\n<p>Lamine Camara est bien dans le groupe apr\u00e8s son d\u00e9part avort\u00e9 vers Chelsea. Folarin Balogun est toujours en reprise. Idem pour Fati.<\/p>\n\n\n\n<h3>Le groupe mon\u00e9gasque<\/h3>\n\n\n\n<ul><li><strong>Gardiens :<\/strong>\u00a0Hradekcy, K\u00f6hn, Stawiecki.<\/li><li><strong>D\u00e9fenseurs :<\/strong>\u00a0Dier, Mawissa, Nazinho, San\u00e9, Teze, Vanderson.<\/li><li><strong>Milieux :\u00a0<\/strong>Benzahra, Camara, Coulibaly, Golovin, Idumbo, Minamino, Soubeir, Tour\u00e9, Zakaria.<\/li><li><strong>Attaquants :<\/strong>\u00a0Abline, Biereth, Brunner, Detourbet.<\/li><\/ul>\n\n\n\n<p><em>Absents :<\/em>\u00a0Fati, Salisu, Diop, Balogun (reprise), Konat\u00e9, Nibomb\u00e9 (choix de l\u2019entra\u00eeneur), Cabral (instance de d\u00e9part).<\/p>\n","protected":false},"excerpt":{"rendered":"<p>L&rsquo;annonce du groupe de Filipe Luis pour affronter le Paris Saint-Germain s&rsquo;accompagne d&rsquo;une bonne nouvelle. Takumi Minamino effectue son retour apr\u00e8s de longs mois de convalescence pour soigner son genou gauche. Victime d&rsquo;une rupture du ligament crois\u00e9 ant\u00e9rieur \u00e0 Auxerre, le 21 d\u00e9cembre, le Japonais sera du voyage vers la Capitale. 22 joueurs sont pr\u00e9sents, [&#8230;]\n","protected":false},"author":2,"featured_media":0,"comment_status":"open","ping_status":"open","sticky":false,"template":"","format":"standard","meta":[],"categories":[6,1000],"tags":[86,225,94,720,164],"yoast_head":"<!-- This site is optimized with the Yoast SEO plugin v19.8 - https:\/\/yoast.com\/wordpress\/plugins\/seo\/ -->\n<title>Le groupe mon\u00e9gasque : Minamino de retour, Golovin pr\u00e9sent - La Diagonale<\/title>\n<meta name=\"robots\" content=\"index, follow, max-snippet:-1, max-image-preview:large, max-video-preview:-1\" \/>\n<link rel=\"canonical\" href=\"https:\/\/www.ladiagonale.net\/index.php\/2026\/09\/03\/le-groupe-monegasque-minamino-de-retour-golovin-present\/\" \/>\n<meta property=\"og:locale\" content=\"fr_FR\" \/>\n<meta property=\"og:type\" content=\"article\" \/>\n<meta property=\"og:title\" content=\"Le groupe mon\u00e9gasque : Minamino de retour, Golovin pr\u00e9sent - La Diagonale\" \/>\n<meta property=\"og:description\" content=\"L&rsquo;annonce du groupe de Filipe Luis pour affronter le Paris Saint-Germain s&rsquo;accompagne d&rsquo;une bonne nouvelle. Takumi Minamino effectue son retour apr\u00e8s de longs mois de convalescence pour soigner son genou gauche. Victime d&rsquo;une rupture du ligament crois\u00e9 ant\u00e9rieur \u00e0 Auxerre, le 21 d\u00e9cembre, le Japonais sera du voyage vers la Capitale. 22 joueurs sont pr\u00e9sents, [...]\" \/>\n<meta property=\"og:url\" content=\"https:\/\/www.ladiagonale.net\/index.php\/2026\/09\/03\/le-groupe-monegasque-minamino-de-retour-golovin-present\/\" \/>\n<meta property=\"og:site_name\" content=\"La Diagonale\" \/>\n<meta property=\"article:published_time\" content=\"2026-09-03T16:49:15+00:00\" \/>\n<meta property=\"og:image\" content=\"https:\/\/www.ladiagonale.net\/wp-content\/uploads\/2026\/09\/Minamino-Bruges.png\" \/>\n\t<meta property=\"og:image:width\" content=\"1160\" \/>\n\t<meta property=\"og:image:height\" content=\"650\" \/>\n\t<meta property=\"og:image:type\" content=\"image\/png\" \/>\n<meta name=\"author\" content=\"Damien Dellerba\" \/>\n<meta name=\"twitter:card\" content=\"summary_large_image\" \/>\n<meta name=\"twitter:image\" content=\"https:\/\/www.ladiagonale.net\/wp-content\/uploads\/2026\/09\/Minamino-Bruges.png\" \/>\n<meta name=\"twitter:label1\" content=\"\u00c9crit par\" \/>\n\t<meta name=\"twitter:data1\" content=\"Damien Dellerba\" \/>\n\t<meta name=\"twitter:label2\" content=\"Dur\u00e9e de lecture estim\u00e9e\" \/>\n\t<meta name=\"twitter:data2\" content=\"1 minute\" \/>\n<script type=\"application\/ld+json\" class=\"yoast-schema-graph\">{\"@context\":\"https:\/\/schema.org\",\"@graph\":[{\"@type\":\"WebPage\",\"@id\":\"https:\/\/www.ladiagonale.net\/index.php\/2026\/09\/03\/le-groupe-monegasque-minamino-de-retour-golovin-present\/\",\"url\":\"https:\/\/www.ladiagonale.net\/index.php\/2026\/09\/03\/le-groupe-monegasque-minamino-de-retour-golovin-present\/\",\"name\":\"Le groupe mon\u00e9gasque : Minamino de retour, Golovin pr\u00e9sent - La Diagonale\",\"isPartOf\":{\"@id\":\"https:\/\/www.ladiagonale.net\/#website\"},\"datePublished\":\"2026-09-03T16:49:15+00:00\",\"dateModified\":\"2026-09-03T16:49:15+00:00\",\"author\":{\"@id\":\"https:\/\/www.ladiagonale.net\/#\/schema\/person\/79ff1e7b0853ed01b2aa26e64ad300bf\"},\"breadcrumb\":{\"@id\":\"https:\/\/www.ladiagonale.net\/index.php\/2026\/09\/03\/le-groupe-monegasque-minamino-de-retour-golovin-present\/#breadcrumb\"},\"inLanguage\":\"fr-FR\",\"potentialAction\":[{\"@type\":\"ReadAction\",\"target\":[\"https:\/\/www.ladiagonale.net\/index.php\/2026\/09\/03\/le-groupe-monegasque-minamino-de-retour-golovin-present\/\"]}]},{\"@type\":\"BreadcrumbList\",\"@id\":\"https:\/\/www.ladiagonale.net\/index.php\/2026\/09\/03\/le-groupe-monegasque-minamino-de-retour-golovin-present\/#breadcrumb\",\"itemListElement\":[{\"@type\":\"ListItem\",\"position\":1,\"name\":\"Accueil\",\"item\":\"https:\/\/www.ladiagonale.net\/\"},{\"@type\":\"ListItem\",\"position\":2,\"name\":\"Le groupe mon\u00e9gasque : Minamino de retour, Golovin pr\u00e9sent\"}]},{\"@type\":\"WebSite\",\"@id\":\"https:\/\/www.ladiagonale.net\/#website\",\"url\":\"https:\/\/www.ladiagonale.net\/\",\"name\":\"La Diagonale\",\"description\":\"Le site des supporters de l&#039;AS Monaco FC\",\"potentialAction\":[{\"@type\":\"SearchAction\",\"target\":{\"@type\":\"EntryPoint\",\"urlTemplate\":\"https:\/\/www.ladiagonale.net\/?s={search_term_string}\"},\"query-input\":\"required name=search_term_string\"}],\"inLanguage\":\"fr-FR\"},{\"@type\":\"Person\",\"@id\":\"https:\/\/www.ladiagonale.net\/#\/schema\/person\/79ff1e7b0853ed01b2aa26e64ad300bf\",\"name\":\"Damien Dellerba\",\"image\":{\"@type\":\"ImageObject\",\"inLanguage\":\"fr-FR\",\"@id\":\"https:\/\/www.ladiagonale.net\/#\/schema\/person\/image\/\",\"url\":\"https:\/\/secure.gravatar.com\/avatar\/c7850e06d3ff63cdbaee88b7fc16e2f0?s=96&d=mm&r=g\",\"contentUrl\":\"https:\/\/secure.gravatar.com\/avatar\/c7850e06d3ff63cdbaee88b7fc16e2f0?s=96&d=mm&r=g\",\"caption\":\"Damien Dellerba\"},\"url\":\"https:\/\/www.ladiagonale.net\/index.php\/author\/damien\/\"}]}<\/script>\n<!-- \/ Yoast SEO plugin. -->","yoast_head_json":{"title":"Le groupe mon\u00e9gasque : Minamino de retour, Golovin pr\u00e9sent - La Diagonale","robots":{"index":"index","follow":"follow","max-snippet":"max-snippet:-1","max-image-preview":"max-image-preview:large","max-video-preview":"max-video-preview:-1"},"canonical":"https:\/\/www.ladiagonale.net\/index.php\/2026\/09\/03\/le-groupe-monegasque-minamino-de-retour-golovin-present\/","og_locale":"fr_FR","og_type":"article","og_title":"Le groupe mon\u00e9gasque : Minamino de retour, Golovin pr\u00e9sent - La Diagonale","og_description":"L&rsquo;annonce du groupe de Filipe Luis pour affronter le Paris Saint-Germain s&rsquo;accompagne d&rsquo;une bonne nouvelle. Takumi Minamino effectue son retour apr\u00e8s de longs mois de convalescence pour soigner son genou gauche. Victime d&rsquo;une rupture du ligament crois\u00e9 ant\u00e9rieur \u00e0 Auxerre, le 21 d\u00e9cembre, le Japonais sera du voyage vers la Capitale. 22 joueurs sont pr\u00e9sents, [...]","og_url":"https:\/\/www.ladiagonale.net\/index.php\/2026\/09\/03\/le-groupe-monegasque-minamino-de-retour-golovin-present\/","og_site_name":"La Diagonale","article_published_time":"2026-09-03T16:49:15+00:00","og_image":[{"width":1160,"height":650,"url":"https:\/\/www.ladiagonale.net\/wp-content\/uploads\/2026\/09\/Minamino-Bruges.png","type":"image\/png"}],"author":"Damien Dellerba","twitter_card":"summary_large_image","twitter_image":"https:\/\/www.ladiagonale.net\/wp-content\/uploads\/2026\/09\/Minamino-Bruges.png","twitter_misc":{"\u00c9crit par":"Damien Dellerba","Dur\u00e9e de lecture estim\u00e9e":"1 minute"},"schema":{"@context":"https:\/\/schema.org","@graph":[{"@type":"WebPage","@id":"https:\/\/www.ladiagonale.net\/index.php\/2026\/09\/03\/le-groupe-monegasque-minamino-de-retour-golovin-present\/","url":"https:\/\/www.ladiagonale.net\/index.php\/2026\/09\/03\/le-groupe-monegasque-minamino-de-retour-golovin-present\/","name":"Le groupe mon\u00e9gasque : Minamino de retour, Golovin pr\u00e9sent - La Diagonale","isPartOf":{"@id":"https:\/\/www.ladiagonale.net\/#website"},"datePublished":"2026-09-03T16:49:15+00:00","dateModified":"2026-09-03T16:49:15+00:00","author":{"@id":"https:\/\/www.ladiagonale.net\/#\/schema\/person\/79ff1e7b0853ed01b2aa26e64ad300bf"},"breadcrumb":{"@id":"https:\/\/www.ladiagonale.net\/index.php\/2026\/09\/03\/le-groupe-monegasque-minamino-de-retour-golovin-present\/#breadcrumb"},"inLanguage":"fr-FR","potentialAction":[{"@type":"ReadAction","target":["https:\/\/www.ladiagonale.net\/index.php\/2026\/09\/03\/le-groupe-monegasque-minamino-de-retour-golovin-present\/"]}]},{"@type":"BreadcrumbList","@id":"https:\/\/www.ladiagonale.net\/index.php\/2026\/09\/03\/le-groupe-monegasque-minamino-de-retour-golovin-present\/#breadcrumb","itemListElement":[{"@type":"ListItem","position":1,"name":"Accueil","item":"https:\/\/www.ladiagonale.net\/"},{"@type":"ListItem","position":2,"name":"Le groupe mon\u00e9gasque : Minamino de retour, Golovin pr\u00e9sent"}]},{"@type":"WebSite","@id":"https:\/\/www.ladiagonale.net\/#website","url":"https:\/\/www.ladiagonale.net\/","name":"La Diagonale","description":"Le site des supporters de l&#039;AS Monaco FC","potentialAction":[{"@type":"SearchAction","target":{"@type":"EntryPoint","urlTemplate":"https:\/\/www.ladiagonale.net\/?s={search_term_string}"},"query-input":"required name=search_term_string"}],"inLanguage":"fr-FR"},{"@type":"Person","@id":"https:\/\/www.ladiagonale.net\/#\/schema\/person\/79ff1e7b0853ed01b2aa26e64ad300bf","name":"Damien Dellerba","image":{"@type":"ImageObject","inLanguage":"fr-FR","@id":"https:\/\/www.ladiagonale.net\/#\/schema\/person\/image\/","url":"https:\/\/secure.gravatar.com\/avatar\/c7850e06d3ff63cdbaee88b7fc16e2f0?s=96&d=mm&r=g","contentUrl":"https:\/\/secure.gravatar.com\/avatar\/c7850e06d3ff63cdbaee88b7fc16e2f0?s=96&d=mm&r=g","caption":"Damien Dellerba"},"url":"https:\/\/www.ladiagonale.net\/index.php\/author\/damien\/"}]}},"_links":{"self":[{"href":"https:\/\/www.ladiagonale.net\/index.php\/wp-json\/wp\/v2\/posts\/40641"}],"collection":[{"href":"https:\/\/www.ladiagonale.net\/index.php\/wp-json\/wp\/v2\/posts"}],"about":[{"href":"https:\/\/www.ladiagonale.net\/index.php\/wp-json\/wp\/v2\/types\/post"}],"author":[{"embeddable":true,"href":"https:\/\/www.ladiagonale.net\/index.php\/wp-json\/wp\/v2\/users\/2"}],"replies":[{"embeddable":true,"href":"https:\/\/www.ladiagonale.net\/index.php\/wp-json\/wp\/v2\/comments?post=40641"}],"version-history":[{"count":1,"href":"https:\/\/www.ladiagonale.net\/index.php\/wp-json\/wp\/v2\/posts\/40641\/revisions"}],"predecessor-version":[{"id":40643,"href":"https:\/\/www.ladiagonale.net\/index.php\/wp-json\/wp\/v2\/posts\/40641\/revisions\/40643"}],"wp:attachment":[{"href":"https:\/\/www.ladiagonale.net\/index.php\/wp-json\/wp\/v2\/media?parent=40641"}],"wp:term":[{"taxonomy":"category","embeddable":true,"href":"https:\/\/www.ladiagonale.net\/index.php\/wp-json\/wp\/v2\/categories?post=40641"},{"taxonomy":"post_tag","embeddable":true,"href":"https:\/\/www.ladiagonale.net\/index.php\/wp-json\/wp\/v2\/tags?post=40641"}],"curies":[{"name":"wp","href":"https:\/\/api.w.org\/{rel}","templated":true}]}}