{"id":40647,"date":"2026-09-04T00:27:44","date_gmt":"2026-09-03T22:27:44","guid":{"rendered":"https:\/\/www.ladiagonale.net\/?p=40647"},"modified":"2026-09-04T01:25:49","modified_gmt":"2026-09-03T23:25:49","slug":"balogun-absent-de-la-liste-pour-la-ligue-conference","status":"publish","type":"post","link":"https:\/\/www.ladiagonale.net\/index.php\/2026\/09\/04\/balogun-absent-de-la-liste-pour-la-ligue-conference\/","title":{"rendered":"Balogun absent de la liste pour la Ligue Conf\u00e9rence"},"content":{"rendered":"\n<p>Coup de tonnerre ce jeudi soir, avec les divulgations des listes pour la Ligue Conf\u00e9rence. Folarin Balogun n\u2019a pas \u00e9t\u00e9 inscrit par l\u2019AS Monaco pour disputer la premi\u00e8re partie de la comp\u00e9tition, la phase de ligue. L\u2019absence de l\u2019attaquant am\u00e9ricain, qui est rest\u00e9 sur le Rocher apr\u00e8s avoir refus\u00e9 de rejoindre Everton mardi, pourrait relancer des rumeurs quant \u00e0 un transfert avant le mois de janvier. <\/p>\n\n\n\n<p>Annonc\u00e9s potentiellement sur le d\u00e9part, Aleksandr Golovin et Pape Cabral sont bien inscrits. Tout comme Lamine Camara, qui ne devrait pas quitter le club avant la fin de la saison.<\/p>\n\n\n\n<p>Du fait du manque de joueurs fran\u00e7ais ou issus de sa formation, l\u2019ASM n\u2019a pu inscrire que 23 joueurs sur sa liste A au lieu de 25 possibles. Huit places sont r\u00e9serv\u00e9es \u00e0 des joueurs form\u00e9s au club (4) et en France (4), ce qui signifie qu\u2019ils ont \u00e9t\u00e9 licenci\u00e9s dans ce club pendant trois saisons enti\u00e8res ou pendant 36 mois entre 15 et 21 ans, et le club de la Principaut\u00e9 n&rsquo;a couch\u00e9 que six noms (Tour\u00e9, Coulibaly, Diop, Abline, Detourbet et Assab).<\/p>\n\n\n\n<p>Christian Mawissa a \u00e9t\u00e9 plac\u00e9 sur la liste B. Cette liste B n\u2019est pas limit\u00e9e en nombre mais deux crit\u00e8res sont essentiels : que le joueur soit n\u00e9 apr\u00e8s le 1<sup>er<\/sup> janvier 2005 et qu&rsquo;il ait \u00e9t\u00e9 qualifi\u00e9 avec le club depuis au moins deux ans d&rsquo;affil\u00e9e depuis ses quinze ans. Elle peut \u00eatre compl\u00e9t\u00e9e jusqu\u2019\u00e0 24 heures avant les matches.<\/p>\n\n\n\n<h2>Les joueurs inscrits<\/h2>\n\n\n\n<ul><li><strong>Gardiens :<\/strong> Hradecky, K\u00f6hn, Stawiecki*<\/li><li><strong>D\u00e9fenseurs :<\/strong> Dier, Mawissa*<em>, <\/em>Nazinho<em>, <\/em>Nibomb\u00e9*, Salisu, San\u00e9, Teze, <em>Tour\u00e9, <\/em>Vanderson <\/li><li><strong>Milieux : Assab<\/strong>, Benzahra, Cabral*, Camara, <em>Coulibaly<\/em>, <em>Diop<\/em>, Golovin, Idumbo, Minamino, Soubeir, Zakaria<\/li><li><strong>Attaquants :<\/strong> <strong>Abline<\/strong>, Belmokhtar*, Biereth, Brunner, <strong>Detourbet<\/strong>, Fati<\/li><\/ul>\n\n\n\n<p>*joueurs inscrits sur la liste B<\/p>\n\n\n","protected":false},"excerpt":{"rendered":"<p>Coup de tonnerre ce jeudi soir, avec les divulgations des listes pour la Ligue Conf\u00e9rence. Folarin Balogun n\u2019a pas \u00e9t\u00e9 inscrit par l\u2019AS Monaco pour disputer la premi\u00e8re partie de la comp\u00e9tition, la phase de ligue. L\u2019absence de l\u2019attaquant am\u00e9ricain, qui est rest\u00e9 sur le Rocher apr\u00e8s avoir refus\u00e9 de rejoindre Everton mardi, pourrait relancer [&#8230;]\n","protected":false},"author":2,"featured_media":0,"comment_status":"open","ping_status":"open","sticky":false,"template":"","format":"standard","meta":[],"categories":[4,6],"tags":[86,483,1291,1397],"yoast_head":"<!-- This site is optimized with the Yoast SEO plugin v19.8 - https:\/\/yoast.com\/wordpress\/plugins\/seo\/ -->\n<title>Balogun absent de la liste pour la Ligue Conf\u00e9rence - La Diagonale<\/title>\n<meta name=\"robots\" content=\"index, follow, max-snippet:-1, max-image-preview:large, max-video-preview:-1\" \/>\n<link rel=\"canonical\" href=\"https:\/\/www.ladiagonale.net\/index.php\/2026\/09\/04\/balogun-absent-de-la-liste-pour-la-ligue-conference\/\" \/>\n<meta property=\"og:locale\" content=\"fr_FR\" \/>\n<meta property=\"og:type\" content=\"article\" \/>\n<meta property=\"og:title\" content=\"Balogun absent de la liste pour la Ligue Conf\u00e9rence - La Diagonale\" \/>\n<meta property=\"og:description\" content=\"Coup de tonnerre ce jeudi soir, avec les divulgations des listes pour la Ligue Conf\u00e9rence. Folarin Balogun n\u2019a pas \u00e9t\u00e9 inscrit par l\u2019AS Monaco pour disputer la premi\u00e8re partie de la comp\u00e9tition, la phase de ligue. L\u2019absence de l\u2019attaquant am\u00e9ricain, qui est rest\u00e9 sur le Rocher apr\u00e8s avoir refus\u00e9 de rejoindre Everton mardi, pourrait relancer [...]\" \/>\n<meta property=\"og:url\" content=\"https:\/\/www.ladiagonale.net\/index.php\/2026\/09\/04\/balogun-absent-de-la-liste-pour-la-ligue-conference\/\" \/>\n<meta property=\"og:site_name\" content=\"La Diagonale\" \/>\n<meta property=\"article:published_time\" content=\"2026-09-03T22:27:44+00:00\" \/>\n<meta property=\"article:modified_time\" content=\"2026-09-03T23:25:49+00:00\" \/>\n<meta property=\"og:image\" content=\"https:\/\/www.ladiagonale.net\/wp-content\/uploads\/2024\/10\/folarin-balogun-ldc-zagreb.jpg\" \/>\n\t<meta property=\"og:image:width\" content=\"1160\" \/>\n\t<meta property=\"og:image:height\" content=\"650\" \/>\n\t<meta property=\"og:image:type\" content=\"image\/jpeg\" \/>\n<meta name=\"author\" content=\"Damien Dellerba\" \/>\n<meta name=\"twitter:card\" content=\"summary_large_image\" \/>\n<meta name=\"twitter:image\" content=\"https:\/\/www.ladiagonale.net\/wp-content\/uploads\/2024\/10\/folarin-balogun-ldc-zagreb.jpg\" \/>\n<meta name=\"twitter:label1\" content=\"\u00c9crit par\" \/>\n\t<meta name=\"twitter:data1\" content=\"Damien Dellerba\" \/>\n\t<meta name=\"twitter:label2\" content=\"Dur\u00e9e de lecture estim\u00e9e\" \/>\n\t<meta name=\"twitter:data2\" content=\"2 minutes\" \/>\n<script type=\"application\/ld+json\" class=\"yoast-schema-graph\">{\"@context\":\"https:\/\/schema.org\",\"@graph\":[{\"@type\":\"WebPage\",\"@id\":\"https:\/\/www.ladiagonale.net\/index.php\/2026\/09\/04\/balogun-absent-de-la-liste-pour-la-ligue-conference\/\",\"url\":\"https:\/\/www.ladiagonale.net\/index.php\/2026\/09\/04\/balogun-absent-de-la-liste-pour-la-ligue-conference\/\",\"name\":\"Balogun absent de la liste pour la Ligue Conf\u00e9rence - La Diagonale\",\"isPartOf\":{\"@id\":\"https:\/\/www.ladiagonale.net\/#website\"},\"datePublished\":\"2026-09-03T22:27:44+00:00\",\"dateModified\":\"2026-09-03T23:25:49+00:00\",\"author\":{\"@id\":\"https:\/\/www.ladiagonale.net\/#\/schema\/person\/79ff1e7b0853ed01b2aa26e64ad300bf\"},\"breadcrumb\":{\"@id\":\"https:\/\/www.ladiagonale.net\/index.php\/2026\/09\/04\/balogun-absent-de-la-liste-pour-la-ligue-conference\/#breadcrumb\"},\"inLanguage\":\"fr-FR\",\"potentialAction\":[{\"@type\":\"ReadAction\",\"target\":[\"https:\/\/www.ladiagonale.net\/index.php\/2026\/09\/04\/balogun-absent-de-la-liste-pour-la-ligue-conference\/\"]}]},{\"@type\":\"BreadcrumbList\",\"@id\":\"https:\/\/www.ladiagonale.net\/index.php\/2026\/09\/04\/balogun-absent-de-la-liste-pour-la-ligue-conference\/#breadcrumb\",\"itemListElement\":[{\"@type\":\"ListItem\",\"position\":1,\"name\":\"Accueil\",\"item\":\"https:\/\/www.ladiagonale.net\/\"},{\"@type\":\"ListItem\",\"position\":2,\"name\":\"Balogun absent de la liste pour la Ligue Conf\u00e9rence\"}]},{\"@type\":\"WebSite\",\"@id\":\"https:\/\/www.ladiagonale.net\/#website\",\"url\":\"https:\/\/www.ladiagonale.net\/\",\"name\":\"La Diagonale\",\"description\":\"Le site des supporters de l&#039;AS Monaco FC\",\"potentialAction\":[{\"@type\":\"SearchAction\",\"target\":{\"@type\":\"EntryPoint\",\"urlTemplate\":\"https:\/\/www.ladiagonale.net\/?s={search_term_string}\"},\"query-input\":\"required name=search_term_string\"}],\"inLanguage\":\"fr-FR\"},{\"@type\":\"Person\",\"@id\":\"https:\/\/www.ladiagonale.net\/#\/schema\/person\/79ff1e7b0853ed01b2aa26e64ad300bf\",\"name\":\"Damien Dellerba\",\"image\":{\"@type\":\"ImageObject\",\"inLanguage\":\"fr-FR\",\"@id\":\"https:\/\/www.ladiagonale.net\/#\/schema\/person\/image\/\",\"url\":\"https:\/\/secure.gravatar.com\/avatar\/c7850e06d3ff63cdbaee88b7fc16e2f0?s=96&d=mm&r=g\",\"contentUrl\":\"https:\/\/secure.gravatar.com\/avatar\/c7850e06d3ff63cdbaee88b7fc16e2f0?s=96&d=mm&r=g\",\"caption\":\"Damien Dellerba\"},\"url\":\"https:\/\/www.ladiagonale.net\/index.php\/author\/damien\/\"}]}<\/script>\n<!-- \/ Yoast SEO plugin. -->","yoast_head_json":{"title":"Balogun absent de la liste pour la Ligue Conf\u00e9rence - La Diagonale","robots":{"index":"index","follow":"follow","max-snippet":"max-snippet:-1","max-image-preview":"max-image-preview:large","max-video-preview":"max-video-preview:-1"},"canonical":"https:\/\/www.ladiagonale.net\/index.php\/2026\/09\/04\/balogun-absent-de-la-liste-pour-la-ligue-conference\/","og_locale":"fr_FR","og_type":"article","og_title":"Balogun absent de la liste pour la Ligue Conf\u00e9rence - La Diagonale","og_description":"Coup de tonnerre ce jeudi soir, avec les divulgations des listes pour la Ligue Conf\u00e9rence. Folarin Balogun n\u2019a pas \u00e9t\u00e9 inscrit par l\u2019AS Monaco pour disputer la premi\u00e8re partie de la comp\u00e9tition, la phase de ligue. L\u2019absence de l\u2019attaquant am\u00e9ricain, qui est rest\u00e9 sur le Rocher apr\u00e8s avoir refus\u00e9 de rejoindre Everton mardi, pourrait relancer [...]","og_url":"https:\/\/www.ladiagonale.net\/index.php\/2026\/09\/04\/balogun-absent-de-la-liste-pour-la-ligue-conference\/","og_site_name":"La Diagonale","article_published_time":"2026-09-03T22:27:44+00:00","article_modified_time":"2026-09-03T23:25:49+00:00","og_image":[{"width":1160,"height":650,"url":"https:\/\/www.ladiagonale.net\/wp-content\/uploads\/2024\/10\/folarin-balogun-ldc-zagreb.jpg","type":"image\/jpeg"}],"author":"Damien Dellerba","twitter_card":"summary_large_image","twitter_image":"https:\/\/www.ladiagonale.net\/wp-content\/uploads\/2024\/10\/folarin-balogun-ldc-zagreb.jpg","twitter_misc":{"\u00c9crit par":"Damien Dellerba","Dur\u00e9e de lecture estim\u00e9e":"2 minutes"},"schema":{"@context":"https:\/\/schema.org","@graph":[{"@type":"WebPage","@id":"https:\/\/www.ladiagonale.net\/index.php\/2026\/09\/04\/balogun-absent-de-la-liste-pour-la-ligue-conference\/","url":"https:\/\/www.ladiagonale.net\/index.php\/2026\/09\/04\/balogun-absent-de-la-liste-pour-la-ligue-conference\/","name":"Balogun absent de la liste pour la Ligue Conf\u00e9rence - La Diagonale","isPartOf":{"@id":"https:\/\/www.ladiagonale.net\/#website"},"datePublished":"2026-09-03T22:27:44+00:00","dateModified":"2026-09-03T23:25:49+00:00","author":{"@id":"https:\/\/www.ladiagonale.net\/#\/schema\/person\/79ff1e7b0853ed01b2aa26e64ad300bf"},"breadcrumb":{"@id":"https:\/\/www.ladiagonale.net\/index.php\/2026\/09\/04\/balogun-absent-de-la-liste-pour-la-ligue-conference\/#breadcrumb"},"inLanguage":"fr-FR","potentialAction":[{"@type":"ReadAction","target":["https:\/\/www.ladiagonale.net\/index.php\/2026\/09\/04\/balogun-absent-de-la-liste-pour-la-ligue-conference\/"]}]},{"@type":"BreadcrumbList","@id":"https:\/\/www.ladiagonale.net\/index.php\/2026\/09\/04\/balogun-absent-de-la-liste-pour-la-ligue-conference\/#breadcrumb","itemListElement":[{"@type":"ListItem","position":1,"name":"Accueil","item":"https:\/\/www.ladiagonale.net\/"},{"@type":"ListItem","position":2,"name":"Balogun absent de la liste pour la Ligue Conf\u00e9rence"}]},{"@type":"WebSite","@id":"https:\/\/www.ladiagonale.net\/#website","url":"https:\/\/www.ladiagonale.net\/","name":"La Diagonale","description":"Le site des supporters de l&#039;AS Monaco FC","potentialAction":[{"@type":"SearchAction","target":{"@type":"EntryPoint","urlTemplate":"https:\/\/www.ladiagonale.net\/?s={search_term_string}"},"query-input":"required name=search_term_string"}],"inLanguage":"fr-FR"},{"@type":"Person","@id":"https:\/\/www.ladiagonale.net\/#\/schema\/person\/79ff1e7b0853ed01b2aa26e64ad300bf","name":"Damien Dellerba","image":{"@type":"ImageObject","inLanguage":"fr-FR","@id":"https:\/\/www.ladiagonale.net\/#\/schema\/person\/image\/","url":"https:\/\/secure.gravatar.com\/avatar\/c7850e06d3ff63cdbaee88b7fc16e2f0?s=96&d=mm&r=g","contentUrl":"https:\/\/secure.gravatar.com\/avatar\/c7850e06d3ff63cdbaee88b7fc16e2f0?s=96&d=mm&r=g","caption":"Damien Dellerba"},"url":"https:\/\/www.ladiagonale.net\/index.php\/author\/damien\/"}]}},"_links":{"self":[{"href":"https:\/\/www.ladiagonale.net\/index.php\/wp-json\/wp\/v2\/posts\/40647"}],"collection":[{"href":"https:\/\/www.ladiagonale.net\/index.php\/wp-json\/wp\/v2\/posts"}],"about":[{"href":"https:\/\/www.ladiagonale.net\/index.php\/wp-json\/wp\/v2\/types\/post"}],"author":[{"embeddable":true,"href":"https:\/\/www.ladiagonale.net\/index.php\/wp-json\/wp\/v2\/users\/2"}],"replies":[{"embeddable":true,"href":"https:\/\/www.ladiagonale.net\/index.php\/wp-json\/wp\/v2\/comments?post=40647"}],"version-history":[{"count":3,"href":"https:\/\/www.ladiagonale.net\/index.php\/wp-json\/wp\/v2\/posts\/40647\/revisions"}],"predecessor-version":[{"id":40652,"href":"https:\/\/www.ladiagonale.net\/index.php\/wp-json\/wp\/v2\/posts\/40647\/revisions\/40652"}],"wp:attachment":[{"href":"https:\/\/www.ladiagonale.net\/index.php\/wp-json\/wp\/v2\/media?parent=40647"}],"wp:term":[{"taxonomy":"category","embeddable":true,"href":"https:\/\/www.ladiagonale.net\/index.php\/wp-json\/wp\/v2\/categories?post=40647"},{"taxonomy":"post_tag","embeddable":true,"href":"https:\/\/www.ladiagonale.net\/index.php\/wp-json\/wp\/v2\/tags?post=40647"}],"curies":[{"name":"wp","href":"https:\/\/api.w.org\/{rel}","templated":true}]}}