{"id":40649,"date":"2026-09-04T00:40:28","date_gmt":"2026-09-03T22:40:28","guid":{"rendered":"https:\/\/www.ladiagonale.net\/?p=40649"},"modified":"2026-09-04T00:40:29","modified_gmt":"2026-09-03T22:40:29","slug":"la-vente-de-cabral-tres-compromise","status":"publish","type":"post","link":"https:\/\/www.ladiagonale.net\/index.php\/2026\/09\/04\/la-vente-de-cabral-tres-compromise\/","title":{"rendered":"La vente de Cabral tr\u00e8s compromise"},"content":{"rendered":"\n<p>L\u2019AS Monaco a toujours besoin de vendre sur ce mercato estival mais les options ne sont plus l\u00e9gion. La vente de Pape Cabral du c\u00f4t\u00e9 d\u2019Al-Ahli a \u00e9t\u00e9 \u00e9voqu\u00e9e ce vendredi par <em>L\u2019\u00c9quipe<\/em> mais sa r\u00e9alisation est d\u00e9sormais bien compromise. Le directeur sportif du club saoudien, Rui Pedro, qui a men\u00e9 les n\u00e9gociations, jeudi, jusqu\u2019au d\u00e9but de l\u2019apr\u00e8s-midi, a perdu son poste en d\u00e9but de soir\u00e9e, remettant en question le dossier.<\/p>\n\n\n\n<p>Le quotidien rapporte d\u2019ailleurs que des supporters du club auraient manifest\u00e9 la d\u00e9sapprobation du transfert \u00e0 cause d\u2019un montant jug\u00e9 trop \u00e9lev\u00e9. Ce serait d\u00e9sormais le PIF (le fonds souverain saoudien) qui d\u00e9tiendrait les cl\u00e9s sur la finalit\u00e9 de l\u2019op\u00e9ration. Mais l\u2019affaire semble d\u00e9sormais bien partie pour faire \u00ab\u00a0plouf\u00a0\u00bb.<\/p>\n\n\n\n<p>M\u00eame s\u2019il n\u2019a pas \u00e9t\u00e9 officiellement convoqu\u00e9 dans le groupe de Filipe Luis, Pape Cabral \u00e9tait bien du voyage comme le rapportait un observateur \u00e0 La Turbie. <em>Nice-Matin<\/em> confirme l\u2019information, pr\u00e9cisant qu\u2019il \u00e9tait pr\u00e9vu que le jeune milieu d\u00e9fensif de 19 ans, sous contrat jusqu\u2019en 2031 depuis sa prolongation d\u00e9but ao\u00fbt, passe sa visite m\u00e9dicale \u00e0 distance.<\/p>\n\n\n","protected":false},"excerpt":{"rendered":"<p>L\u2019AS Monaco a toujours besoin de vendre sur ce mercato estival mais les options ne sont plus l\u00e9gion. La vente de Pape Cabral du c\u00f4t\u00e9 d\u2019Al-Ahli a \u00e9t\u00e9 \u00e9voqu\u00e9e ce vendredi par L\u2019\u00c9quipe mais sa r\u00e9alisation est d\u00e9sormais bien compromise. Le directeur sportif du club saoudien, Rui Pedro, qui a men\u00e9 les n\u00e9gociations, jeudi, jusqu\u2019au [&#8230;]\n","protected":false},"author":2,"featured_media":0,"comment_status":"open","ping_status":"open","sticky":false,"template":"","format":"standard","meta":[],"categories":[6,1086],"tags":[86,111,268,110],"yoast_head":"<!-- This site is optimized with the Yoast SEO plugin v19.8 - https:\/\/yoast.com\/wordpress\/plugins\/seo\/ -->\n<title>La vente de Cabral tr\u00e8s compromise - La Diagonale<\/title>\n<meta name=\"robots\" content=\"index, follow, max-snippet:-1, max-image-preview:large, max-video-preview:-1\" \/>\n<link rel=\"canonical\" href=\"https:\/\/www.ladiagonale.net\/index.php\/2026\/09\/04\/la-vente-de-cabral-tres-compromise\/\" \/>\n<meta property=\"og:locale\" content=\"fr_FR\" \/>\n<meta property=\"og:type\" content=\"article\" \/>\n<meta property=\"og:title\" content=\"La vente de Cabral tr\u00e8s compromise - La Diagonale\" \/>\n<meta property=\"og:description\" content=\"L\u2019AS Monaco a toujours besoin de vendre sur ce mercato estival mais les options ne sont plus l\u00e9gion. La vente de Pape Cabral du c\u00f4t\u00e9 d\u2019Al-Ahli a \u00e9t\u00e9 \u00e9voqu\u00e9e ce vendredi par L\u2019\u00c9quipe mais sa r\u00e9alisation est d\u00e9sormais bien compromise. Le directeur sportif du club saoudien, Rui Pedro, qui a men\u00e9 les n\u00e9gociations, jeudi, jusqu\u2019au [...]\" \/>\n<meta property=\"og:url\" content=\"https:\/\/www.ladiagonale.net\/index.php\/2026\/09\/04\/la-vente-de-cabral-tres-compromise\/\" \/>\n<meta property=\"og:site_name\" content=\"La Diagonale\" \/>\n<meta property=\"article:published_time\" content=\"2026-09-03T22:40:28+00:00\" \/>\n<meta property=\"article:modified_time\" content=\"2026-09-03T22:40:29+00:00\" \/>\n<meta property=\"og:image\" content=\"https:\/\/www.ladiagonale.net\/wp-content\/uploads\/2026\/08\/Cabral-Bruges.png\" \/>\n\t<meta property=\"og:image:width\" content=\"1160\" \/>\n\t<meta property=\"og:image:height\" content=\"650\" \/>\n\t<meta property=\"og:image:type\" content=\"image\/png\" \/>\n<meta name=\"author\" content=\"Damien Dellerba\" \/>\n<meta name=\"twitter:card\" content=\"summary_large_image\" \/>\n<meta name=\"twitter:image\" content=\"https:\/\/www.ladiagonale.net\/wp-content\/uploads\/2026\/08\/Cabral-Bruges.png\" \/>\n<meta name=\"twitter:label1\" content=\"\u00c9crit par\" \/>\n\t<meta name=\"twitter:data1\" content=\"Damien Dellerba\" \/>\n\t<meta name=\"twitter:label2\" content=\"Dur\u00e9e de lecture estim\u00e9e\" \/>\n\t<meta name=\"twitter:data2\" content=\"1 minute\" \/>\n<script type=\"application\/ld+json\" class=\"yoast-schema-graph\">{\"@context\":\"https:\/\/schema.org\",\"@graph\":[{\"@type\":\"WebPage\",\"@id\":\"https:\/\/www.ladiagonale.net\/index.php\/2026\/09\/04\/la-vente-de-cabral-tres-compromise\/\",\"url\":\"https:\/\/www.ladiagonale.net\/index.php\/2026\/09\/04\/la-vente-de-cabral-tres-compromise\/\",\"name\":\"La vente de Cabral tr\u00e8s compromise - La Diagonale\",\"isPartOf\":{\"@id\":\"https:\/\/www.ladiagonale.net\/#website\"},\"datePublished\":\"2026-09-03T22:40:28+00:00\",\"dateModified\":\"2026-09-03T22:40:29+00:00\",\"author\":{\"@id\":\"https:\/\/www.ladiagonale.net\/#\/schema\/person\/79ff1e7b0853ed01b2aa26e64ad300bf\"},\"breadcrumb\":{\"@id\":\"https:\/\/www.ladiagonale.net\/index.php\/2026\/09\/04\/la-vente-de-cabral-tres-compromise\/#breadcrumb\"},\"inLanguage\":\"fr-FR\",\"potentialAction\":[{\"@type\":\"ReadAction\",\"target\":[\"https:\/\/www.ladiagonale.net\/index.php\/2026\/09\/04\/la-vente-de-cabral-tres-compromise\/\"]}]},{\"@type\":\"BreadcrumbList\",\"@id\":\"https:\/\/www.ladiagonale.net\/index.php\/2026\/09\/04\/la-vente-de-cabral-tres-compromise\/#breadcrumb\",\"itemListElement\":[{\"@type\":\"ListItem\",\"position\":1,\"name\":\"Accueil\",\"item\":\"https:\/\/www.ladiagonale.net\/\"},{\"@type\":\"ListItem\",\"position\":2,\"name\":\"La vente de Cabral tr\u00e8s compromise\"}]},{\"@type\":\"WebSite\",\"@id\":\"https:\/\/www.ladiagonale.net\/#website\",\"url\":\"https:\/\/www.ladiagonale.net\/\",\"name\":\"La Diagonale\",\"description\":\"Le site des supporters de l&#039;AS Monaco FC\",\"potentialAction\":[{\"@type\":\"SearchAction\",\"target\":{\"@type\":\"EntryPoint\",\"urlTemplate\":\"https:\/\/www.ladiagonale.net\/?s={search_term_string}\"},\"query-input\":\"required name=search_term_string\"}],\"inLanguage\":\"fr-FR\"},{\"@type\":\"Person\",\"@id\":\"https:\/\/www.ladiagonale.net\/#\/schema\/person\/79ff1e7b0853ed01b2aa26e64ad300bf\",\"name\":\"Damien Dellerba\",\"image\":{\"@type\":\"ImageObject\",\"inLanguage\":\"fr-FR\",\"@id\":\"https:\/\/www.ladiagonale.net\/#\/schema\/person\/image\/\",\"url\":\"https:\/\/secure.gravatar.com\/avatar\/c7850e06d3ff63cdbaee88b7fc16e2f0?s=96&d=mm&r=g\",\"contentUrl\":\"https:\/\/secure.gravatar.com\/avatar\/c7850e06d3ff63cdbaee88b7fc16e2f0?s=96&d=mm&r=g\",\"caption\":\"Damien Dellerba\"},\"url\":\"https:\/\/www.ladiagonale.net\/index.php\/author\/damien\/\"}]}<\/script>\n<!-- \/ Yoast SEO plugin. -->","yoast_head_json":{"title":"La vente de Cabral tr\u00e8s compromise - La Diagonale","robots":{"index":"index","follow":"follow","max-snippet":"max-snippet:-1","max-image-preview":"max-image-preview:large","max-video-preview":"max-video-preview:-1"},"canonical":"https:\/\/www.ladiagonale.net\/index.php\/2026\/09\/04\/la-vente-de-cabral-tres-compromise\/","og_locale":"fr_FR","og_type":"article","og_title":"La vente de Cabral tr\u00e8s compromise - La Diagonale","og_description":"L\u2019AS Monaco a toujours besoin de vendre sur ce mercato estival mais les options ne sont plus l\u00e9gion. La vente de Pape Cabral du c\u00f4t\u00e9 d\u2019Al-Ahli a \u00e9t\u00e9 \u00e9voqu\u00e9e ce vendredi par L\u2019\u00c9quipe mais sa r\u00e9alisation est d\u00e9sormais bien compromise. Le directeur sportif du club saoudien, Rui Pedro, qui a men\u00e9 les n\u00e9gociations, jeudi, jusqu\u2019au [...]","og_url":"https:\/\/www.ladiagonale.net\/index.php\/2026\/09\/04\/la-vente-de-cabral-tres-compromise\/","og_site_name":"La Diagonale","article_published_time":"2026-09-03T22:40:28+00:00","article_modified_time":"2026-09-03T22:40:29+00:00","og_image":[{"width":1160,"height":650,"url":"https:\/\/www.ladiagonale.net\/wp-content\/uploads\/2026\/08\/Cabral-Bruges.png","type":"image\/png"}],"author":"Damien Dellerba","twitter_card":"summary_large_image","twitter_image":"https:\/\/www.ladiagonale.net\/wp-content\/uploads\/2026\/08\/Cabral-Bruges.png","twitter_misc":{"\u00c9crit par":"Damien Dellerba","Dur\u00e9e de lecture estim\u00e9e":"1 minute"},"schema":{"@context":"https:\/\/schema.org","@graph":[{"@type":"WebPage","@id":"https:\/\/www.ladiagonale.net\/index.php\/2026\/09\/04\/la-vente-de-cabral-tres-compromise\/","url":"https:\/\/www.ladiagonale.net\/index.php\/2026\/09\/04\/la-vente-de-cabral-tres-compromise\/","name":"La vente de Cabral tr\u00e8s compromise - La Diagonale","isPartOf":{"@id":"https:\/\/www.ladiagonale.net\/#website"},"datePublished":"2026-09-03T22:40:28+00:00","dateModified":"2026-09-03T22:40:29+00:00","author":{"@id":"https:\/\/www.ladiagonale.net\/#\/schema\/person\/79ff1e7b0853ed01b2aa26e64ad300bf"},"breadcrumb":{"@id":"https:\/\/www.ladiagonale.net\/index.php\/2026\/09\/04\/la-vente-de-cabral-tres-compromise\/#breadcrumb"},"inLanguage":"fr-FR","potentialAction":[{"@type":"ReadAction","target":["https:\/\/www.ladiagonale.net\/index.php\/2026\/09\/04\/la-vente-de-cabral-tres-compromise\/"]}]},{"@type":"BreadcrumbList","@id":"https:\/\/www.ladiagonale.net\/index.php\/2026\/09\/04\/la-vente-de-cabral-tres-compromise\/#breadcrumb","itemListElement":[{"@type":"ListItem","position":1,"name":"Accueil","item":"https:\/\/www.ladiagonale.net\/"},{"@type":"ListItem","position":2,"name":"La vente de Cabral tr\u00e8s compromise"}]},{"@type":"WebSite","@id":"https:\/\/www.ladiagonale.net\/#website","url":"https:\/\/www.ladiagonale.net\/","name":"La Diagonale","description":"Le site des supporters de l&#039;AS Monaco FC","potentialAction":[{"@type":"SearchAction","target":{"@type":"EntryPoint","urlTemplate":"https:\/\/www.ladiagonale.net\/?s={search_term_string}"},"query-input":"required name=search_term_string"}],"inLanguage":"fr-FR"},{"@type":"Person","@id":"https:\/\/www.ladiagonale.net\/#\/schema\/person\/79ff1e7b0853ed01b2aa26e64ad300bf","name":"Damien Dellerba","image":{"@type":"ImageObject","inLanguage":"fr-FR","@id":"https:\/\/www.ladiagonale.net\/#\/schema\/person\/image\/","url":"https:\/\/secure.gravatar.com\/avatar\/c7850e06d3ff63cdbaee88b7fc16e2f0?s=96&d=mm&r=g","contentUrl":"https:\/\/secure.gravatar.com\/avatar\/c7850e06d3ff63cdbaee88b7fc16e2f0?s=96&d=mm&r=g","caption":"Damien Dellerba"},"url":"https:\/\/www.ladiagonale.net\/index.php\/author\/damien\/"}]}},"_links":{"self":[{"href":"https:\/\/www.ladiagonale.net\/index.php\/wp-json\/wp\/v2\/posts\/40649"}],"collection":[{"href":"https:\/\/www.ladiagonale.net\/index.php\/wp-json\/wp\/v2\/posts"}],"about":[{"href":"https:\/\/www.ladiagonale.net\/index.php\/wp-json\/wp\/v2\/types\/post"}],"author":[{"embeddable":true,"href":"https:\/\/www.ladiagonale.net\/index.php\/wp-json\/wp\/v2\/users\/2"}],"replies":[{"embeddable":true,"href":"https:\/\/www.ladiagonale.net\/index.php\/wp-json\/wp\/v2\/comments?post=40649"}],"version-history":[{"count":1,"href":"https:\/\/www.ladiagonale.net\/index.php\/wp-json\/wp\/v2\/posts\/40649\/revisions"}],"predecessor-version":[{"id":40650,"href":"https:\/\/www.ladiagonale.net\/index.php\/wp-json\/wp\/v2\/posts\/40649\/revisions\/40650"}],"wp:attachment":[{"href":"https:\/\/www.ladiagonale.net\/index.php\/wp-json\/wp\/v2\/media?parent=40649"}],"wp:term":[{"taxonomy":"category","embeddable":true,"href":"https:\/\/www.ladiagonale.net\/index.php\/wp-json\/wp\/v2\/categories?post=40649"},{"taxonomy":"post_tag","embeddable":true,"href":"https:\/\/www.ladiagonale.net\/index.php\/wp-json\/wp\/v2\/tags?post=40649"}],"curies":[{"name":"wp","href":"https:\/\/api.w.org\/{rel}","templated":true}]}}