{"id":4065,"date":"2022-08-08T00:00:00","date_gmt":"2022-08-07T22:00:00","guid":{"rendered":"https:\/\/www.ladiagonale.net\/index.php\/2022\/08\/08\/monaco-pense-a-bailly\/"},"modified":"2022-08-08T00:00:00","modified_gmt":"2022-08-07T22:00:00","slug":"monaco-pense-a-bailly","status":"publish","type":"post","link":"https:\/\/www.ladiagonale.net\/index.php\/2022\/08\/08\/monaco-pense-a-bailly\/","title":{"rendered":"Monaco pense \u00e0 Bailly"},"content":{"rendered":"<p>L\u2019AS Monaco devrait accueillir prochainement Malang Sarr en pr\u00eat avec option d\u2019achat ([lire par ailleurs](https:\/\/www.ladiagonale.net\/news-1719-malang-sarr-va-passer-sa-visite-medicale)) mais elle s\u2019est \u00e9galement positionn\u00e9e sur un autre d\u00e9fenseur central. Le quotidienL\u2019\u00c9quiper\u00e9v\u00e8le qu\u2019\u00c9ric Bailly est courtis\u00e9 par le club de la Principaut\u00e9, qui aurait aim\u00e9 un pr\u00eat, chose que Manchester United, le club avec lequel il est sous contrat jusqu\u2019en 2024, refuse absolument. <\/p>\n<p>Le journal r\u00e9v\u00e8le que le d\u00e9fenseur central de 28 ans \u00e9tait consid\u00e9r\u00e9 comme une priorit\u00e9, devant Malang Sarr, mais que le club de la Principaut\u00e9 n\u2019agira qu\u2019apr\u00e8s la r\u00e9solution de son inconnue du mois d\u2019ao\u00fbt, \u00e0 savoir une qualification en Ligue des Champions. Du c\u00f4t\u00e9 des dirigeants as\u00e9mistes, on consid\u00e8re qu&rsquo;avoir cinq options en charni\u00e8re centrale ne serait pas de trop pour faire face aux trois comp\u00e9titions dans la saison.<\/p>\n<p>Arriv\u00e9 en 2016 en provenance de Villareal, Bailly a disput\u00e9 113 rencontres avec Manchester United, mais seulement sept la saison derni\u00e8re.<\/p>\n","protected":false},"excerpt":{"rendered":"<p>L\u2019AS Monaco devrait accueillir prochainement Malang Sarr en pr\u00eat avec option d\u2019achat ([lire par ailleurs](https:\/\/www.ladiagonale.net\/news-1719-malang-sarr-va-passer-sa-visite-medicale)) mais elle s\u2019est \u00e9galement positionn\u00e9e sur un autre d\u00e9fenseur central. Le quotidienL\u2019\u00c9quiper\u00e9v\u00e8le qu\u2019\u00c9ric Bailly est courtis\u00e9 par le club de la Principaut\u00e9, qui aurait aim\u00e9 un pr\u00eat, chose que Manchester United, le club avec lequel il est sous contrat jusqu\u2019en [&#8230;]\n","protected":false},"author":1,"featured_media":0,"comment_status":"open","ping_status":"open","sticky":false,"template":"","format":"standard","meta":[],"categories":[6],"tags":[],"yoast_head":"<!-- This site is optimized with the Yoast SEO plugin v19.8 - https:\/\/yoast.com\/wordpress\/plugins\/seo\/ -->\n<title>Monaco pense \u00e0 Bailly - La Diagonale<\/title>\n<meta name=\"robots\" content=\"index, follow, max-snippet:-1, max-image-preview:large, max-video-preview:-1\" \/>\n<link rel=\"canonical\" href=\"https:\/\/www.ladiagonale.net\/index.php\/2022\/08\/08\/monaco-pense-a-bailly\/\" \/>\n<meta property=\"og:locale\" content=\"fr_FR\" \/>\n<meta property=\"og:type\" content=\"article\" \/>\n<meta property=\"og:title\" content=\"Monaco pense \u00e0 Bailly - La Diagonale\" \/>\n<meta property=\"og:description\" content=\"L\u2019AS Monaco devrait accueillir prochainement Malang Sarr en pr\u00eat avec option d\u2019achat ([lire par ailleurs](https:\/\/www.ladiagonale.net\/news-1719-malang-sarr-va-passer-sa-visite-medicale)) mais elle s\u2019est \u00e9galement positionn\u00e9e sur un autre d\u00e9fenseur central. Le quotidienL\u2019\u00c9quiper\u00e9v\u00e8le qu\u2019\u00c9ric Bailly est courtis\u00e9 par le club de la Principaut\u00e9, qui aurait aim\u00e9 un pr\u00eat, chose que Manchester United, le club avec lequel il est sous contrat jusqu\u2019en [...]\" \/>\n<meta property=\"og:url\" content=\"https:\/\/www.ladiagonale.net\/index.php\/2022\/08\/08\/monaco-pense-a-bailly\/\" \/>\n<meta property=\"og:site_name\" content=\"La Diagonale\" \/>\n<meta property=\"article:published_time\" content=\"2022-08-07T22:00:00+00:00\" \/>\n<meta name=\"author\" content=\"admin\" \/>\n<meta name=\"twitter:card\" content=\"summary_large_image\" \/>\n<meta name=\"twitter:label1\" content=\"\u00c9crit par\" \/>\n\t<meta name=\"twitter:data1\" content=\"admin\" \/>\n\t<meta name=\"twitter:label2\" content=\"Dur\u00e9e de lecture estim\u00e9e\" \/>\n\t<meta name=\"twitter:data2\" content=\"1 minute\" \/>\n<script type=\"application\/ld+json\" class=\"yoast-schema-graph\">{\"@context\":\"https:\/\/schema.org\",\"@graph\":[{\"@type\":\"WebPage\",\"@id\":\"https:\/\/www.ladiagonale.net\/index.php\/2022\/08\/08\/monaco-pense-a-bailly\/\",\"url\":\"https:\/\/www.ladiagonale.net\/index.php\/2022\/08\/08\/monaco-pense-a-bailly\/\",\"name\":\"Monaco pense \u00e0 Bailly - La Diagonale\",\"isPartOf\":{\"@id\":\"https:\/\/www.ladiagonale.net\/#website\"},\"datePublished\":\"2022-08-07T22:00:00+00:00\",\"dateModified\":\"2022-08-07T22:00:00+00:00\",\"author\":{\"@id\":\"https:\/\/www.ladiagonale.net\/#\/schema\/person\/03fa041acd51875ece8bf97a37252a4d\"},\"breadcrumb\":{\"@id\":\"https:\/\/www.ladiagonale.net\/index.php\/2022\/08\/08\/monaco-pense-a-bailly\/#breadcrumb\"},\"inLanguage\":\"fr-FR\",\"potentialAction\":[{\"@type\":\"ReadAction\",\"target\":[\"https:\/\/www.ladiagonale.net\/index.php\/2022\/08\/08\/monaco-pense-a-bailly\/\"]}]},{\"@type\":\"BreadcrumbList\",\"@id\":\"https:\/\/www.ladiagonale.net\/index.php\/2022\/08\/08\/monaco-pense-a-bailly\/#breadcrumb\",\"itemListElement\":[{\"@type\":\"ListItem\",\"position\":1,\"name\":\"Accueil\",\"item\":\"https:\/\/www.ladiagonale.net\/\"},{\"@type\":\"ListItem\",\"position\":2,\"name\":\"Monaco pense \u00e0 Bailly\"}]},{\"@type\":\"WebSite\",\"@id\":\"https:\/\/www.ladiagonale.net\/#website\",\"url\":\"https:\/\/www.ladiagonale.net\/\",\"name\":\"La Diagonale\",\"description\":\"Le site des supporters de l&#039;AS Monaco FC\",\"potentialAction\":[{\"@type\":\"SearchAction\",\"target\":{\"@type\":\"EntryPoint\",\"urlTemplate\":\"https:\/\/www.ladiagonale.net\/?s={search_term_string}\"},\"query-input\":\"required name=search_term_string\"}],\"inLanguage\":\"fr-FR\"},{\"@type\":\"Person\",\"@id\":\"https:\/\/www.ladiagonale.net\/#\/schema\/person\/03fa041acd51875ece8bf97a37252a4d\",\"name\":\"admin\",\"image\":{\"@type\":\"ImageObject\",\"inLanguage\":\"fr-FR\",\"@id\":\"https:\/\/www.ladiagonale.net\/#\/schema\/person\/image\/\",\"url\":\"https:\/\/secure.gravatar.com\/avatar\/894b9daaf19cc759b072b6bb09cac5f2?s=96&d=mm&r=g\",\"contentUrl\":\"https:\/\/secure.gravatar.com\/avatar\/894b9daaf19cc759b072b6bb09cac5f2?s=96&d=mm&r=g\",\"caption\":\"admin\"},\"sameAs\":[\"https:\/\/v2.ladiagonale.net\"],\"url\":\"https:\/\/www.ladiagonale.net\/index.php\/author\/admin\/\"}]}<\/script>\n<!-- \/ Yoast SEO plugin. -->","yoast_head_json":{"title":"Monaco pense \u00e0 Bailly - La Diagonale","robots":{"index":"index","follow":"follow","max-snippet":"max-snippet:-1","max-image-preview":"max-image-preview:large","max-video-preview":"max-video-preview:-1"},"canonical":"https:\/\/www.ladiagonale.net\/index.php\/2022\/08\/08\/monaco-pense-a-bailly\/","og_locale":"fr_FR","og_type":"article","og_title":"Monaco pense \u00e0 Bailly - La Diagonale","og_description":"L\u2019AS Monaco devrait accueillir prochainement Malang Sarr en pr\u00eat avec option d\u2019achat ([lire par ailleurs](https:\/\/www.ladiagonale.net\/news-1719-malang-sarr-va-passer-sa-visite-medicale)) mais elle s\u2019est \u00e9galement positionn\u00e9e sur un autre d\u00e9fenseur central. Le quotidienL\u2019\u00c9quiper\u00e9v\u00e8le qu\u2019\u00c9ric Bailly est courtis\u00e9 par le club de la Principaut\u00e9, qui aurait aim\u00e9 un pr\u00eat, chose que Manchester United, le club avec lequel il est sous contrat jusqu\u2019en [...]","og_url":"https:\/\/www.ladiagonale.net\/index.php\/2022\/08\/08\/monaco-pense-a-bailly\/","og_site_name":"La Diagonale","article_published_time":"2022-08-07T22:00:00+00:00","author":"admin","twitter_card":"summary_large_image","twitter_misc":{"\u00c9crit par":"admin","Dur\u00e9e de lecture estim\u00e9e":"1 minute"},"schema":{"@context":"https:\/\/schema.org","@graph":[{"@type":"WebPage","@id":"https:\/\/www.ladiagonale.net\/index.php\/2022\/08\/08\/monaco-pense-a-bailly\/","url":"https:\/\/www.ladiagonale.net\/index.php\/2022\/08\/08\/monaco-pense-a-bailly\/","name":"Monaco pense \u00e0 Bailly - La Diagonale","isPartOf":{"@id":"https:\/\/www.ladiagonale.net\/#website"},"datePublished":"2022-08-07T22:00:00+00:00","dateModified":"2022-08-07T22:00:00+00:00","author":{"@id":"https:\/\/www.ladiagonale.net\/#\/schema\/person\/03fa041acd51875ece8bf97a37252a4d"},"breadcrumb":{"@id":"https:\/\/www.ladiagonale.net\/index.php\/2022\/08\/08\/monaco-pense-a-bailly\/#breadcrumb"},"inLanguage":"fr-FR","potentialAction":[{"@type":"ReadAction","target":["https:\/\/www.ladiagonale.net\/index.php\/2022\/08\/08\/monaco-pense-a-bailly\/"]}]},{"@type":"BreadcrumbList","@id":"https:\/\/www.ladiagonale.net\/index.php\/2022\/08\/08\/monaco-pense-a-bailly\/#breadcrumb","itemListElement":[{"@type":"ListItem","position":1,"name":"Accueil","item":"https:\/\/www.ladiagonale.net\/"},{"@type":"ListItem","position":2,"name":"Monaco pense \u00e0 Bailly"}]},{"@type":"WebSite","@id":"https:\/\/www.ladiagonale.net\/#website","url":"https:\/\/www.ladiagonale.net\/","name":"La Diagonale","description":"Le site des supporters de l&#039;AS Monaco FC","potentialAction":[{"@type":"SearchAction","target":{"@type":"EntryPoint","urlTemplate":"https:\/\/www.ladiagonale.net\/?s={search_term_string}"},"query-input":"required name=search_term_string"}],"inLanguage":"fr-FR"},{"@type":"Person","@id":"https:\/\/www.ladiagonale.net\/#\/schema\/person\/03fa041acd51875ece8bf97a37252a4d","name":"admin","image":{"@type":"ImageObject","inLanguage":"fr-FR","@id":"https:\/\/www.ladiagonale.net\/#\/schema\/person\/image\/","url":"https:\/\/secure.gravatar.com\/avatar\/894b9daaf19cc759b072b6bb09cac5f2?s=96&d=mm&r=g","contentUrl":"https:\/\/secure.gravatar.com\/avatar\/894b9daaf19cc759b072b6bb09cac5f2?s=96&d=mm&r=g","caption":"admin"},"sameAs":["https:\/\/v2.ladiagonale.net"],"url":"https:\/\/www.ladiagonale.net\/index.php\/author\/admin\/"}]}},"_links":{"self":[{"href":"https:\/\/www.ladiagonale.net\/index.php\/wp-json\/wp\/v2\/posts\/4065"}],"collection":[{"href":"https:\/\/www.ladiagonale.net\/index.php\/wp-json\/wp\/v2\/posts"}],"about":[{"href":"https:\/\/www.ladiagonale.net\/index.php\/wp-json\/wp\/v2\/types\/post"}],"author":[{"embeddable":true,"href":"https:\/\/www.ladiagonale.net\/index.php\/wp-json\/wp\/v2\/users\/1"}],"replies":[{"embeddable":true,"href":"https:\/\/www.ladiagonale.net\/index.php\/wp-json\/wp\/v2\/comments?post=4065"}],"version-history":[{"count":0,"href":"https:\/\/www.ladiagonale.net\/index.php\/wp-json\/wp\/v2\/posts\/4065\/revisions"}],"wp:attachment":[{"href":"https:\/\/www.ladiagonale.net\/index.php\/wp-json\/wp\/v2\/media?parent=4065"}],"wp:term":[{"taxonomy":"category","embeddable":true,"href":"https:\/\/www.ladiagonale.net\/index.php\/wp-json\/wp\/v2\/categories?post=4065"},{"taxonomy":"post_tag","embeddable":true,"href":"https:\/\/www.ladiagonale.net\/index.php\/wp-json\/wp\/v2\/tags?post=4065"}],"curies":[{"name":"wp","href":"https:\/\/api.w.org\/{rel}","templated":true}]}}