{"id":40653,"date":"2026-09-04T14:06:44","date_gmt":"2026-09-04T12:06:44","guid":{"rendered":"https:\/\/www.ladiagonale.net\/?p=40653"},"modified":"2026-09-04T14:06:45","modified_gmt":"2026-09-04T12:06:45","slug":"lyon-monaco-en-affiche-de-la-12e-journee","status":"publish","type":"post","link":"https:\/\/www.ladiagonale.net\/index.php\/2026\/09\/04\/lyon-monaco-en-affiche-de-la-12e-journee\/","title":{"rendered":"Lyon-Monaco en affiche de la 12e journ\u00e9e"},"content":{"rendered":"\n\n\n<p>L&rsquo;AS Monaco conna\u00eet son programme jusqu&rsquo;\u00e0 la fin du mois de novembre. La LFP a rel\u00e2ch\u00e9 la programmation de la 12e journ\u00e9e qui verra le club de la Principaut\u00e9 se rendre \u00e0 Lyon. La rencontre cl\u00f4turera cette lev\u00e9e, le dimanche soir (20h45).<\/p>\n\n\n\n<h3>Le programme complet de la 12e journ\u00e9e <\/h3>\n\n\n\n<p>Vendredi 27 novembre 2026 \u00e0 20h45 sur Ligue 1+<br>Stade Brestois 29 \u2013 Paris FC<\/p>\n\n\n\n<p>Samedi 28 novembre 2026 \u00e0 17h15 sur Ligue 1+<br>Angers SCO \u2013 RC Lens<\/p>\n\n\n\n<p>Samedi 28 novembre 2026 \u00e0 20h45 sur Ligue 1+<br>Paris Saint-Germain \u2013 FC Lorient<br>Le Mans FC \u2013 LOSC<br>Havre AC \u2013 RC Strasbourg Alsace<br>OGC Nice \u2013 ESTAC Troyes<\/p>\n\n\n\n<p>Dimanche 29 novembre 2026 \u00e0 15h00 sur Ligue 1+<br>AJ Auxerre \u2013 Olympique de Marseille<\/p>\n\n\n\n<p>Dimanche 29 novembre 2026 \u00e0 17h15 sur Ligue 1+<br>Toulouse FC \u2013 Stade Rennais FC<\/p>\n\n\n\n<p><strong>Dimanche 29 novembre 2026 \u00e0 20h45 sur Ligue 1+<br>Olympique Lyonnais \u2013 AS Monaco<\/strong><\/p>\n","protected":false},"excerpt":{"rendered":"<p>L&rsquo;AS Monaco conna\u00eet son programme jusqu&rsquo;\u00e0 la fin du mois de novembre. La LFP a rel\u00e2ch\u00e9 la programmation de la 12e journ\u00e9e qui verra le club de la Principaut\u00e9 se rendre \u00e0 Lyon. La rencontre cl\u00f4turera cette lev\u00e9e, le dimanche soir (20h45). Le programme complet de la 12e journ\u00e9e Vendredi 27 novembre 2026 \u00e0 20h45 [&#8230;]\n","protected":false},"author":2,"featured_media":0,"comment_status":"open","ping_status":"open","sticky":false,"template":"","format":"standard","meta":[],"categories":[6,1000],"tags":[86,94,515,172],"yoast_head":"<!-- This site is optimized with the Yoast SEO plugin v19.8 - https:\/\/yoast.com\/wordpress\/plugins\/seo\/ -->\n<title>Lyon-Monaco en affiche de la 12e journ\u00e9e - La Diagonale<\/title>\n<meta name=\"robots\" content=\"index, follow, max-snippet:-1, max-image-preview:large, max-video-preview:-1\" \/>\n<link rel=\"canonical\" href=\"https:\/\/www.ladiagonale.net\/index.php\/2026\/09\/04\/lyon-monaco-en-affiche-de-la-12e-journee\/\" \/>\n<meta property=\"og:locale\" content=\"fr_FR\" \/>\n<meta property=\"og:type\" content=\"article\" \/>\n<meta property=\"og:title\" content=\"Lyon-Monaco en affiche de la 12e journ\u00e9e - La Diagonale\" \/>\n<meta property=\"og:description\" content=\"L&rsquo;AS Monaco conna\u00eet son programme jusqu&rsquo;\u00e0 la fin du mois de novembre. La LFP a rel\u00e2ch\u00e9 la programmation de la 12e journ\u00e9e qui verra le club de la Principaut\u00e9 se rendre \u00e0 Lyon. La rencontre cl\u00f4turera cette lev\u00e9e, le dimanche soir (20h45). Le programme complet de la 12e journ\u00e9e Vendredi 27 novembre 2026 \u00e0 20h45 [...]\" \/>\n<meta property=\"og:url\" content=\"https:\/\/www.ladiagonale.net\/index.php\/2026\/09\/04\/lyon-monaco-en-affiche-de-la-12e-journee\/\" \/>\n<meta property=\"og:site_name\" content=\"La Diagonale\" \/>\n<meta property=\"article:published_time\" content=\"2026-09-04T12:06:44+00:00\" \/>\n<meta property=\"article:modified_time\" content=\"2026-09-04T12:06:45+00:00\" \/>\n<meta property=\"og:image\" content=\"https:\/\/www.ladiagonale.net\/wp-content\/uploads\/2024\/09\/prog.png\" \/>\n\t<meta property=\"og:image:width\" content=\"1160\" \/>\n\t<meta property=\"og:image:height\" content=\"650\" \/>\n\t<meta property=\"og:image:type\" content=\"image\/png\" \/>\n<meta name=\"author\" content=\"Damien Dellerba\" \/>\n<meta name=\"twitter:card\" content=\"summary_large_image\" \/>\n<meta name=\"twitter:image\" content=\"https:\/\/www.ladiagonale.net\/wp-content\/uploads\/2024\/09\/prog.png\" \/>\n<meta name=\"twitter:label1\" content=\"\u00c9crit par\" \/>\n\t<meta name=\"twitter:data1\" content=\"Damien Dellerba\" \/>\n\t<meta name=\"twitter:label2\" content=\"Dur\u00e9e de lecture estim\u00e9e\" \/>\n\t<meta name=\"twitter:data2\" content=\"1 minute\" \/>\n<script type=\"application\/ld+json\" class=\"yoast-schema-graph\">{\"@context\":\"https:\/\/schema.org\",\"@graph\":[{\"@type\":\"WebPage\",\"@id\":\"https:\/\/www.ladiagonale.net\/index.php\/2026\/09\/04\/lyon-monaco-en-affiche-de-la-12e-journee\/\",\"url\":\"https:\/\/www.ladiagonale.net\/index.php\/2026\/09\/04\/lyon-monaco-en-affiche-de-la-12e-journee\/\",\"name\":\"Lyon-Monaco en affiche de la 12e journ\u00e9e - La Diagonale\",\"isPartOf\":{\"@id\":\"https:\/\/www.ladiagonale.net\/#website\"},\"datePublished\":\"2026-09-04T12:06:44+00:00\",\"dateModified\":\"2026-09-04T12:06:45+00:00\",\"author\":{\"@id\":\"https:\/\/www.ladiagonale.net\/#\/schema\/person\/79ff1e7b0853ed01b2aa26e64ad300bf\"},\"breadcrumb\":{\"@id\":\"https:\/\/www.ladiagonale.net\/index.php\/2026\/09\/04\/lyon-monaco-en-affiche-de-la-12e-journee\/#breadcrumb\"},\"inLanguage\":\"fr-FR\",\"potentialAction\":[{\"@type\":\"ReadAction\",\"target\":[\"https:\/\/www.ladiagonale.net\/index.php\/2026\/09\/04\/lyon-monaco-en-affiche-de-la-12e-journee\/\"]}]},{\"@type\":\"BreadcrumbList\",\"@id\":\"https:\/\/www.ladiagonale.net\/index.php\/2026\/09\/04\/lyon-monaco-en-affiche-de-la-12e-journee\/#breadcrumb\",\"itemListElement\":[{\"@type\":\"ListItem\",\"position\":1,\"name\":\"Accueil\",\"item\":\"https:\/\/www.ladiagonale.net\/\"},{\"@type\":\"ListItem\",\"position\":2,\"name\":\"Lyon-Monaco en affiche de la 12e journ\u00e9e\"}]},{\"@type\":\"WebSite\",\"@id\":\"https:\/\/www.ladiagonale.net\/#website\",\"url\":\"https:\/\/www.ladiagonale.net\/\",\"name\":\"La Diagonale\",\"description\":\"Le site des supporters de l&#039;AS Monaco FC\",\"potentialAction\":[{\"@type\":\"SearchAction\",\"target\":{\"@type\":\"EntryPoint\",\"urlTemplate\":\"https:\/\/www.ladiagonale.net\/?s={search_term_string}\"},\"query-input\":\"required name=search_term_string\"}],\"inLanguage\":\"fr-FR\"},{\"@type\":\"Person\",\"@id\":\"https:\/\/www.ladiagonale.net\/#\/schema\/person\/79ff1e7b0853ed01b2aa26e64ad300bf\",\"name\":\"Damien Dellerba\",\"image\":{\"@type\":\"ImageObject\",\"inLanguage\":\"fr-FR\",\"@id\":\"https:\/\/www.ladiagonale.net\/#\/schema\/person\/image\/\",\"url\":\"https:\/\/secure.gravatar.com\/avatar\/c7850e06d3ff63cdbaee88b7fc16e2f0?s=96&d=mm&r=g\",\"contentUrl\":\"https:\/\/secure.gravatar.com\/avatar\/c7850e06d3ff63cdbaee88b7fc16e2f0?s=96&d=mm&r=g\",\"caption\":\"Damien Dellerba\"},\"url\":\"https:\/\/www.ladiagonale.net\/index.php\/author\/damien\/\"}]}<\/script>\n<!-- \/ Yoast SEO plugin. -->","yoast_head_json":{"title":"Lyon-Monaco en affiche de la 12e journ\u00e9e - La Diagonale","robots":{"index":"index","follow":"follow","max-snippet":"max-snippet:-1","max-image-preview":"max-image-preview:large","max-video-preview":"max-video-preview:-1"},"canonical":"https:\/\/www.ladiagonale.net\/index.php\/2026\/09\/04\/lyon-monaco-en-affiche-de-la-12e-journee\/","og_locale":"fr_FR","og_type":"article","og_title":"Lyon-Monaco en affiche de la 12e journ\u00e9e - La Diagonale","og_description":"L&rsquo;AS Monaco conna\u00eet son programme jusqu&rsquo;\u00e0 la fin du mois de novembre. La LFP a rel\u00e2ch\u00e9 la programmation de la 12e journ\u00e9e qui verra le club de la Principaut\u00e9 se rendre \u00e0 Lyon. La rencontre cl\u00f4turera cette lev\u00e9e, le dimanche soir (20h45). Le programme complet de la 12e journ\u00e9e Vendredi 27 novembre 2026 \u00e0 20h45 [...]","og_url":"https:\/\/www.ladiagonale.net\/index.php\/2026\/09\/04\/lyon-monaco-en-affiche-de-la-12e-journee\/","og_site_name":"La Diagonale","article_published_time":"2026-09-04T12:06:44+00:00","article_modified_time":"2026-09-04T12:06:45+00:00","og_image":[{"width":1160,"height":650,"url":"https:\/\/www.ladiagonale.net\/wp-content\/uploads\/2024\/09\/prog.png","type":"image\/png"}],"author":"Damien Dellerba","twitter_card":"summary_large_image","twitter_image":"https:\/\/www.ladiagonale.net\/wp-content\/uploads\/2024\/09\/prog.png","twitter_misc":{"\u00c9crit par":"Damien Dellerba","Dur\u00e9e de lecture estim\u00e9e":"1 minute"},"schema":{"@context":"https:\/\/schema.org","@graph":[{"@type":"WebPage","@id":"https:\/\/www.ladiagonale.net\/index.php\/2026\/09\/04\/lyon-monaco-en-affiche-de-la-12e-journee\/","url":"https:\/\/www.ladiagonale.net\/index.php\/2026\/09\/04\/lyon-monaco-en-affiche-de-la-12e-journee\/","name":"Lyon-Monaco en affiche de la 12e journ\u00e9e - La Diagonale","isPartOf":{"@id":"https:\/\/www.ladiagonale.net\/#website"},"datePublished":"2026-09-04T12:06:44+00:00","dateModified":"2026-09-04T12:06:45+00:00","author":{"@id":"https:\/\/www.ladiagonale.net\/#\/schema\/person\/79ff1e7b0853ed01b2aa26e64ad300bf"},"breadcrumb":{"@id":"https:\/\/www.ladiagonale.net\/index.php\/2026\/09\/04\/lyon-monaco-en-affiche-de-la-12e-journee\/#breadcrumb"},"inLanguage":"fr-FR","potentialAction":[{"@type":"ReadAction","target":["https:\/\/www.ladiagonale.net\/index.php\/2026\/09\/04\/lyon-monaco-en-affiche-de-la-12e-journee\/"]}]},{"@type":"BreadcrumbList","@id":"https:\/\/www.ladiagonale.net\/index.php\/2026\/09\/04\/lyon-monaco-en-affiche-de-la-12e-journee\/#breadcrumb","itemListElement":[{"@type":"ListItem","position":1,"name":"Accueil","item":"https:\/\/www.ladiagonale.net\/"},{"@type":"ListItem","position":2,"name":"Lyon-Monaco en affiche de la 12e journ\u00e9e"}]},{"@type":"WebSite","@id":"https:\/\/www.ladiagonale.net\/#website","url":"https:\/\/www.ladiagonale.net\/","name":"La Diagonale","description":"Le site des supporters de l&#039;AS Monaco FC","potentialAction":[{"@type":"SearchAction","target":{"@type":"EntryPoint","urlTemplate":"https:\/\/www.ladiagonale.net\/?s={search_term_string}"},"query-input":"required name=search_term_string"}],"inLanguage":"fr-FR"},{"@type":"Person","@id":"https:\/\/www.ladiagonale.net\/#\/schema\/person\/79ff1e7b0853ed01b2aa26e64ad300bf","name":"Damien Dellerba","image":{"@type":"ImageObject","inLanguage":"fr-FR","@id":"https:\/\/www.ladiagonale.net\/#\/schema\/person\/image\/","url":"https:\/\/secure.gravatar.com\/avatar\/c7850e06d3ff63cdbaee88b7fc16e2f0?s=96&d=mm&r=g","contentUrl":"https:\/\/secure.gravatar.com\/avatar\/c7850e06d3ff63cdbaee88b7fc16e2f0?s=96&d=mm&r=g","caption":"Damien Dellerba"},"url":"https:\/\/www.ladiagonale.net\/index.php\/author\/damien\/"}]}},"_links":{"self":[{"href":"https:\/\/www.ladiagonale.net\/index.php\/wp-json\/wp\/v2\/posts\/40653"}],"collection":[{"href":"https:\/\/www.ladiagonale.net\/index.php\/wp-json\/wp\/v2\/posts"}],"about":[{"href":"https:\/\/www.ladiagonale.net\/index.php\/wp-json\/wp\/v2\/types\/post"}],"author":[{"embeddable":true,"href":"https:\/\/www.ladiagonale.net\/index.php\/wp-json\/wp\/v2\/users\/2"}],"replies":[{"embeddable":true,"href":"https:\/\/www.ladiagonale.net\/index.php\/wp-json\/wp\/v2\/comments?post=40653"}],"version-history":[{"count":1,"href":"https:\/\/www.ladiagonale.net\/index.php\/wp-json\/wp\/v2\/posts\/40653\/revisions"}],"predecessor-version":[{"id":40654,"href":"https:\/\/www.ladiagonale.net\/index.php\/wp-json\/wp\/v2\/posts\/40653\/revisions\/40654"}],"wp:attachment":[{"href":"https:\/\/www.ladiagonale.net\/index.php\/wp-json\/wp\/v2\/media?parent=40653"}],"wp:term":[{"taxonomy":"category","embeddable":true,"href":"https:\/\/www.ladiagonale.net\/index.php\/wp-json\/wp\/v2\/categories?post=40653"},{"taxonomy":"post_tag","embeddable":true,"href":"https:\/\/www.ladiagonale.net\/index.php\/wp-json\/wp\/v2\/tags?post=40653"}],"curies":[{"name":"wp","href":"https:\/\/api.w.org\/{rel}","templated":true}]}}