{"id":40658,"date":"2026-09-04T15:49:15","date_gmt":"2026-09-04T13:49:15","guid":{"rendered":"https:\/\/www.ladiagonale.net\/?p=40658"},"modified":"2026-09-04T15:49:16","modified_gmt":"2026-09-04T13:49:16","slug":"luis-enrique-jetais-content-quand-jai-su-que-filipe-luis-venait-en-l1-puis-je-me-suis-dit-que-je-ne-devrais-pas","status":"publish","type":"post","link":"https:\/\/www.ladiagonale.net\/index.php\/2026\/09\/04\/luis-enrique-jetais-content-quand-jai-su-que-filipe-luis-venait-en-l1-puis-je-me-suis-dit-que-je-ne-devrais-pas\/","title":{"rendered":"Luis Enrique : \u00ab\u00a0J\u2019\u00e9tais content quand j\u2019ai su que Filipe Luis venait en L1, puis je me suis dit que je ne devrais pas\u00a0\u00bb"},"content":{"rendered":"\n\n\n<p>L\u2019AS Monaco affrontera le Paris Saint-Germain ce vendredi (21h05) en \u00e9tant leader de Ligue 1. Des bons d\u00e9buts r\u00e9alis\u00e9s sous la houlette de Filipe Luis. L\u2019entra\u00eeneur br\u00e9silien semble d\u00e9j\u00e0 avoir trouv\u00e9 ses marques en Principaut\u00e9, et cela a \u00e9t\u00e9 salu\u00e9 par son prochain adversaire, Luis Enrique, l\u2019entra\u00eeneur du PSG : \u00ab&nbsp;<em>C\u2019est une tr\u00e8s belle \u00e9quipe et encore plus avec cet entra\u00eeneur que j\u2019aime beaucoup, j\u2019aime les entra\u00eeneurs courageux et qui aiment jouer<\/em> \u00bb, a expliqu\u00e9 l\u2019Espagnol.<\/p>\n\n\n\n<p>Filipe Luis s\u2019\u00e9tait montr\u00e9 dithyrambique sur son homologue en milieu de semaine, allant m\u00eame jusqu\u2019\u00e0 le classer dans le top 5 des entra\u00eeneurs de l\u2019histoire. Luis Enrique a lui aussi dit du bien de l&rsquo;entra\u00eeneur mon\u00e9gasque : \u00ab\u00a0<em>C\u2019est sa premi\u00e8re exp\u00e9rience dans un club europ\u00e9en, Il a fait beaucoup de belles choses au Br\u00e9sil. J\u2019\u00e9tais content quand j\u2019ai su qu\u2019il venait en France, puis je me suis dit que je ne devrais pas (sourire). C\u2019est important de voir des entra\u00eeneurs qui veulent jouer au football. C\u2019est une bonne nouvelle pour le football fran\u00e7ais. Je lui souhaite le meilleur, mais apr\u00e8s le match contre nous.<\/em> \u00bb<\/p>\n","protected":false},"excerpt":{"rendered":"<p>L\u2019AS Monaco affrontera le Paris Saint-Germain ce vendredi (21h05) en \u00e9tant leader de Ligue 1. Des bons d\u00e9buts r\u00e9alis\u00e9s sous la houlette de Filipe Luis. L\u2019entra\u00eeneur br\u00e9silien semble d\u00e9j\u00e0 avoir trouv\u00e9 ses marques en Principaut\u00e9, et cela a \u00e9t\u00e9 salu\u00e9 par son prochain adversaire, Luis Enrique, l\u2019entra\u00eeneur du PSG : \u00ab&nbsp;C\u2019est une tr\u00e8s belle \u00e9quipe [&#8230;]\n","protected":false},"author":2,"featured_media":0,"comment_status":"open","ping_status":"open","sticky":false,"template":"","format":"standard","meta":[],"categories":[6,1000],"tags":[86,1301,94,734,720],"yoast_head":"<!-- This site is optimized with the Yoast SEO plugin v19.8 - https:\/\/yoast.com\/wordpress\/plugins\/seo\/ -->\n<title>Luis Enrique : \u00ab\u00a0J\u2019\u00e9tais content quand j\u2019ai su que Filipe Luis venait en L1, puis je me suis dit que je ne devrais pas\u00a0\u00bb - La Diagonale<\/title>\n<meta name=\"robots\" content=\"index, follow, max-snippet:-1, max-image-preview:large, max-video-preview:-1\" \/>\n<link rel=\"canonical\" href=\"https:\/\/www.ladiagonale.net\/index.php\/2026\/09\/04\/luis-enrique-jetais-content-quand-jai-su-que-filipe-luis-venait-en-l1-puis-je-me-suis-dit-que-je-ne-devrais-pas\/\" \/>\n<meta property=\"og:locale\" content=\"fr_FR\" \/>\n<meta property=\"og:type\" content=\"article\" \/>\n<meta property=\"og:title\" content=\"Luis Enrique : \u00ab\u00a0J\u2019\u00e9tais content quand j\u2019ai su que Filipe Luis venait en L1, puis je me suis dit que je ne devrais pas\u00a0\u00bb - La Diagonale\" \/>\n<meta property=\"og:description\" content=\"L\u2019AS Monaco affrontera le Paris Saint-Germain ce vendredi (21h05) en \u00e9tant leader de Ligue 1. Des bons d\u00e9buts r\u00e9alis\u00e9s sous la houlette de Filipe Luis. L\u2019entra\u00eeneur br\u00e9silien semble d\u00e9j\u00e0 avoir trouv\u00e9 ses marques en Principaut\u00e9, et cela a \u00e9t\u00e9 salu\u00e9 par son prochain adversaire, Luis Enrique, l\u2019entra\u00eeneur du PSG : \u00ab&nbsp;C\u2019est une tr\u00e8s belle \u00e9quipe [...]\" \/>\n<meta property=\"og:url\" content=\"https:\/\/www.ladiagonale.net\/index.php\/2026\/09\/04\/luis-enrique-jetais-content-quand-jai-su-que-filipe-luis-venait-en-l1-puis-je-me-suis-dit-que-je-ne-devrais-pas\/\" \/>\n<meta property=\"og:site_name\" content=\"La Diagonale\" \/>\n<meta property=\"article:published_time\" content=\"2026-09-04T13:49:15+00:00\" \/>\n<meta property=\"article:modified_time\" content=\"2026-09-04T13:49:16+00:00\" \/>\n<meta property=\"og:image\" content=\"https:\/\/www.ladiagonale.net\/wp-content\/uploads\/2026\/09\/FIlipe-Luis-Enrique.png\" \/>\n\t<meta property=\"og:image:width\" content=\"1160\" \/>\n\t<meta property=\"og:image:height\" content=\"650\" \/>\n\t<meta property=\"og:image:type\" content=\"image\/png\" \/>\n<meta name=\"author\" content=\"Damien Dellerba\" \/>\n<meta name=\"twitter:card\" content=\"summary_large_image\" \/>\n<meta name=\"twitter:image\" content=\"https:\/\/www.ladiagonale.net\/wp-content\/uploads\/2026\/09\/FIlipe-Luis-Enrique.png\" \/>\n<meta name=\"twitter:label1\" content=\"\u00c9crit par\" \/>\n\t<meta name=\"twitter:data1\" content=\"Damien Dellerba\" \/>\n\t<meta name=\"twitter:label2\" content=\"Dur\u00e9e de lecture estim\u00e9e\" \/>\n\t<meta name=\"twitter:data2\" content=\"1 minute\" \/>\n<script type=\"application\/ld+json\" class=\"yoast-schema-graph\">{\"@context\":\"https:\/\/schema.org\",\"@graph\":[{\"@type\":\"WebPage\",\"@id\":\"https:\/\/www.ladiagonale.net\/index.php\/2026\/09\/04\/luis-enrique-jetais-content-quand-jai-su-que-filipe-luis-venait-en-l1-puis-je-me-suis-dit-que-je-ne-devrais-pas\/\",\"url\":\"https:\/\/www.ladiagonale.net\/index.php\/2026\/09\/04\/luis-enrique-jetais-content-quand-jai-su-que-filipe-luis-venait-en-l1-puis-je-me-suis-dit-que-je-ne-devrais-pas\/\",\"name\":\"Luis Enrique : \u00ab\u00a0J\u2019\u00e9tais content quand j\u2019ai su que Filipe Luis venait en L1, puis je me suis dit que je ne devrais pas\u00a0\u00bb - La Diagonale\",\"isPartOf\":{\"@id\":\"https:\/\/www.ladiagonale.net\/#website\"},\"datePublished\":\"2026-09-04T13:49:15+00:00\",\"dateModified\":\"2026-09-04T13:49:16+00:00\",\"author\":{\"@id\":\"https:\/\/www.ladiagonale.net\/#\/schema\/person\/79ff1e7b0853ed01b2aa26e64ad300bf\"},\"breadcrumb\":{\"@id\":\"https:\/\/www.ladiagonale.net\/index.php\/2026\/09\/04\/luis-enrique-jetais-content-quand-jai-su-que-filipe-luis-venait-en-l1-puis-je-me-suis-dit-que-je-ne-devrais-pas\/#breadcrumb\"},\"inLanguage\":\"fr-FR\",\"potentialAction\":[{\"@type\":\"ReadAction\",\"target\":[\"https:\/\/www.ladiagonale.net\/index.php\/2026\/09\/04\/luis-enrique-jetais-content-quand-jai-su-que-filipe-luis-venait-en-l1-puis-je-me-suis-dit-que-je-ne-devrais-pas\/\"]}]},{\"@type\":\"BreadcrumbList\",\"@id\":\"https:\/\/www.ladiagonale.net\/index.php\/2026\/09\/04\/luis-enrique-jetais-content-quand-jai-su-que-filipe-luis-venait-en-l1-puis-je-me-suis-dit-que-je-ne-devrais-pas\/#breadcrumb\",\"itemListElement\":[{\"@type\":\"ListItem\",\"position\":1,\"name\":\"Accueil\",\"item\":\"https:\/\/www.ladiagonale.net\/\"},{\"@type\":\"ListItem\",\"position\":2,\"name\":\"Luis Enrique : \u00ab\u00a0J\u2019\u00e9tais content quand j\u2019ai su que Filipe Luis venait en L1, puis je me suis dit que je ne devrais pas\u00a0\u00bb\"}]},{\"@type\":\"WebSite\",\"@id\":\"https:\/\/www.ladiagonale.net\/#website\",\"url\":\"https:\/\/www.ladiagonale.net\/\",\"name\":\"La Diagonale\",\"description\":\"Le site des supporters de l&#039;AS Monaco FC\",\"potentialAction\":[{\"@type\":\"SearchAction\",\"target\":{\"@type\":\"EntryPoint\",\"urlTemplate\":\"https:\/\/www.ladiagonale.net\/?s={search_term_string}\"},\"query-input\":\"required name=search_term_string\"}],\"inLanguage\":\"fr-FR\"},{\"@type\":\"Person\",\"@id\":\"https:\/\/www.ladiagonale.net\/#\/schema\/person\/79ff1e7b0853ed01b2aa26e64ad300bf\",\"name\":\"Damien Dellerba\",\"image\":{\"@type\":\"ImageObject\",\"inLanguage\":\"fr-FR\",\"@id\":\"https:\/\/www.ladiagonale.net\/#\/schema\/person\/image\/\",\"url\":\"https:\/\/secure.gravatar.com\/avatar\/c7850e06d3ff63cdbaee88b7fc16e2f0?s=96&d=mm&r=g\",\"contentUrl\":\"https:\/\/secure.gravatar.com\/avatar\/c7850e06d3ff63cdbaee88b7fc16e2f0?s=96&d=mm&r=g\",\"caption\":\"Damien Dellerba\"},\"url\":\"https:\/\/www.ladiagonale.net\/index.php\/author\/damien\/\"}]}<\/script>\n<!-- \/ Yoast SEO plugin. -->","yoast_head_json":{"title":"Luis Enrique : \u00ab\u00a0J\u2019\u00e9tais content quand j\u2019ai su que Filipe Luis venait en L1, puis je me suis dit que je ne devrais pas\u00a0\u00bb - La Diagonale","robots":{"index":"index","follow":"follow","max-snippet":"max-snippet:-1","max-image-preview":"max-image-preview:large","max-video-preview":"max-video-preview:-1"},"canonical":"https:\/\/www.ladiagonale.net\/index.php\/2026\/09\/04\/luis-enrique-jetais-content-quand-jai-su-que-filipe-luis-venait-en-l1-puis-je-me-suis-dit-que-je-ne-devrais-pas\/","og_locale":"fr_FR","og_type":"article","og_title":"Luis Enrique : \u00ab\u00a0J\u2019\u00e9tais content quand j\u2019ai su que Filipe Luis venait en L1, puis je me suis dit que je ne devrais pas\u00a0\u00bb - La Diagonale","og_description":"L\u2019AS Monaco affrontera le Paris Saint-Germain ce vendredi (21h05) en \u00e9tant leader de Ligue 1. Des bons d\u00e9buts r\u00e9alis\u00e9s sous la houlette de Filipe Luis. L\u2019entra\u00eeneur br\u00e9silien semble d\u00e9j\u00e0 avoir trouv\u00e9 ses marques en Principaut\u00e9, et cela a \u00e9t\u00e9 salu\u00e9 par son prochain adversaire, Luis Enrique, l\u2019entra\u00eeneur du PSG : \u00ab&nbsp;C\u2019est une tr\u00e8s belle \u00e9quipe [...]","og_url":"https:\/\/www.ladiagonale.net\/index.php\/2026\/09\/04\/luis-enrique-jetais-content-quand-jai-su-que-filipe-luis-venait-en-l1-puis-je-me-suis-dit-que-je-ne-devrais-pas\/","og_site_name":"La Diagonale","article_published_time":"2026-09-04T13:49:15+00:00","article_modified_time":"2026-09-04T13:49:16+00:00","og_image":[{"width":1160,"height":650,"url":"https:\/\/www.ladiagonale.net\/wp-content\/uploads\/2026\/09\/FIlipe-Luis-Enrique.png","type":"image\/png"}],"author":"Damien Dellerba","twitter_card":"summary_large_image","twitter_image":"https:\/\/www.ladiagonale.net\/wp-content\/uploads\/2026\/09\/FIlipe-Luis-Enrique.png","twitter_misc":{"\u00c9crit par":"Damien Dellerba","Dur\u00e9e de lecture estim\u00e9e":"1 minute"},"schema":{"@context":"https:\/\/schema.org","@graph":[{"@type":"WebPage","@id":"https:\/\/www.ladiagonale.net\/index.php\/2026\/09\/04\/luis-enrique-jetais-content-quand-jai-su-que-filipe-luis-venait-en-l1-puis-je-me-suis-dit-que-je-ne-devrais-pas\/","url":"https:\/\/www.ladiagonale.net\/index.php\/2026\/09\/04\/luis-enrique-jetais-content-quand-jai-su-que-filipe-luis-venait-en-l1-puis-je-me-suis-dit-que-je-ne-devrais-pas\/","name":"Luis Enrique : \u00ab\u00a0J\u2019\u00e9tais content quand j\u2019ai su que Filipe Luis venait en L1, puis je me suis dit que je ne devrais pas\u00a0\u00bb - La Diagonale","isPartOf":{"@id":"https:\/\/www.ladiagonale.net\/#website"},"datePublished":"2026-09-04T13:49:15+00:00","dateModified":"2026-09-04T13:49:16+00:00","author":{"@id":"https:\/\/www.ladiagonale.net\/#\/schema\/person\/79ff1e7b0853ed01b2aa26e64ad300bf"},"breadcrumb":{"@id":"https:\/\/www.ladiagonale.net\/index.php\/2026\/09\/04\/luis-enrique-jetais-content-quand-jai-su-que-filipe-luis-venait-en-l1-puis-je-me-suis-dit-que-je-ne-devrais-pas\/#breadcrumb"},"inLanguage":"fr-FR","potentialAction":[{"@type":"ReadAction","target":["https:\/\/www.ladiagonale.net\/index.php\/2026\/09\/04\/luis-enrique-jetais-content-quand-jai-su-que-filipe-luis-venait-en-l1-puis-je-me-suis-dit-que-je-ne-devrais-pas\/"]}]},{"@type":"BreadcrumbList","@id":"https:\/\/www.ladiagonale.net\/index.php\/2026\/09\/04\/luis-enrique-jetais-content-quand-jai-su-que-filipe-luis-venait-en-l1-puis-je-me-suis-dit-que-je-ne-devrais-pas\/#breadcrumb","itemListElement":[{"@type":"ListItem","position":1,"name":"Accueil","item":"https:\/\/www.ladiagonale.net\/"},{"@type":"ListItem","position":2,"name":"Luis Enrique : \u00ab\u00a0J\u2019\u00e9tais content quand j\u2019ai su que Filipe Luis venait en L1, puis je me suis dit que je ne devrais pas\u00a0\u00bb"}]},{"@type":"WebSite","@id":"https:\/\/www.ladiagonale.net\/#website","url":"https:\/\/www.ladiagonale.net\/","name":"La Diagonale","description":"Le site des supporters de l&#039;AS Monaco FC","potentialAction":[{"@type":"SearchAction","target":{"@type":"EntryPoint","urlTemplate":"https:\/\/www.ladiagonale.net\/?s={search_term_string}"},"query-input":"required name=search_term_string"}],"inLanguage":"fr-FR"},{"@type":"Person","@id":"https:\/\/www.ladiagonale.net\/#\/schema\/person\/79ff1e7b0853ed01b2aa26e64ad300bf","name":"Damien Dellerba","image":{"@type":"ImageObject","inLanguage":"fr-FR","@id":"https:\/\/www.ladiagonale.net\/#\/schema\/person\/image\/","url":"https:\/\/secure.gravatar.com\/avatar\/c7850e06d3ff63cdbaee88b7fc16e2f0?s=96&d=mm&r=g","contentUrl":"https:\/\/secure.gravatar.com\/avatar\/c7850e06d3ff63cdbaee88b7fc16e2f0?s=96&d=mm&r=g","caption":"Damien Dellerba"},"url":"https:\/\/www.ladiagonale.net\/index.php\/author\/damien\/"}]}},"_links":{"self":[{"href":"https:\/\/www.ladiagonale.net\/index.php\/wp-json\/wp\/v2\/posts\/40658"}],"collection":[{"href":"https:\/\/www.ladiagonale.net\/index.php\/wp-json\/wp\/v2\/posts"}],"about":[{"href":"https:\/\/www.ladiagonale.net\/index.php\/wp-json\/wp\/v2\/types\/post"}],"author":[{"embeddable":true,"href":"https:\/\/www.ladiagonale.net\/index.php\/wp-json\/wp\/v2\/users\/2"}],"replies":[{"embeddable":true,"href":"https:\/\/www.ladiagonale.net\/index.php\/wp-json\/wp\/v2\/comments?post=40658"}],"version-history":[{"count":2,"href":"https:\/\/www.ladiagonale.net\/index.php\/wp-json\/wp\/v2\/posts\/40658\/revisions"}],"predecessor-version":[{"id":40661,"href":"https:\/\/www.ladiagonale.net\/index.php\/wp-json\/wp\/v2\/posts\/40658\/revisions\/40661"}],"wp:attachment":[{"href":"https:\/\/www.ladiagonale.net\/index.php\/wp-json\/wp\/v2\/media?parent=40658"}],"wp:term":[{"taxonomy":"category","embeddable":true,"href":"https:\/\/www.ladiagonale.net\/index.php\/wp-json\/wp\/v2\/categories?post=40658"},{"taxonomy":"post_tag","embeddable":true,"href":"https:\/\/www.ladiagonale.net\/index.php\/wp-json\/wp\/v2\/tags?post=40658"}],"curies":[{"name":"wp","href":"https:\/\/api.w.org\/{rel}","templated":true}]}}