{"id":40663,"date":"2026-09-04T17:21:26","date_gmt":"2026-09-04T15:21:26","guid":{"rendered":"https:\/\/www.ladiagonale.net\/?p=40663"},"modified":"2026-09-04T17:21:27","modified_gmt":"2026-09-04T15:21:27","slug":"le-groupe-elite-repris-par-le-legia-varsovie","status":"publish","type":"post","link":"https:\/\/www.ladiagonale.net\/index.php\/2026\/09\/04\/le-groupe-elite-repris-par-le-legia-varsovie\/","title":{"rendered":"Le Groupe \u00c9lite repris par le Legia Varsovie"},"content":{"rendered":"\n\n\n<p>Adversaire in\u00e9dit, jeudi, pour le Groupe \u00c9lite de l&rsquo;AS Monaco, qui a affront\u00e9 le Legia Varsovie au centre d&rsquo;entra\u00eenement du club polonais au cours d&rsquo;une rencontre amicale. Avec Aymen Assab ou encore Oumar Konat\u00e9, les joueurs de Dennis Schmit ont \u00e9t\u00e9 accroch\u00e9s par leur adversaire (2-2), apr\u00e8s avoir men\u00e9 deux fois au score.<\/p>\n\n\n\n<p>C&rsquo;est Ilies Belmokhtar qui a ouvert le score pour les Mon\u00e9gasques \u00e0 la fin du premier quart d&rsquo;heure d&rsquo;une frappe en lucarne pr\u00e9c\u00e9d\u00e9e d&rsquo;un slalom pour \u00e9liminer plusieurs adversaires (1-0, 17<sup>e<\/sup>). La formation polonaise est ensuite revenue \u00e0 hauteur (1-1, 31<sup>e<\/sup>). Malick Sylla a redonn\u00e9 l&rsquo;avantage aux siens en seconde p\u00e9riode (2-1, 64<sup>e<\/sup>), mais celui-ci a \u00e9t\u00e9 de courte dur\u00e9e, avec une \u00e9galisation dans les minutes qui ont suivi (2-2, 67<sup>e<\/sup>). Le score n&rsquo;\u00e9voluera plus.<\/p>\n\n\n\n<p>Les Rouge et Blanc joueront un dernier match amical, contre l&rsquo;OGC Nice le 9 septembre (17h) avant de d\u00e9buter le Challenge Espoirs contre Lens, le 16.<\/p>\n","protected":false},"excerpt":{"rendered":"<p>Adversaire in\u00e9dit, jeudi, pour le Groupe \u00c9lite de l&rsquo;AS Monaco, qui a affront\u00e9 le Legia Varsovie au centre d&rsquo;entra\u00eenement du club polonais au cours d&rsquo;une rencontre amicale. Avec Aymen Assab ou encore Oumar Konat\u00e9, les joueurs de Dennis Schmit ont \u00e9t\u00e9 accroch\u00e9s par leur adversaire (2-2), apr\u00e8s avoir men\u00e9 deux fois au score. C&rsquo;est Ilies [&#8230;]\n","protected":false},"author":2,"featured_media":0,"comment_status":"open","ping_status":"open","sticky":false,"template":"","format":"standard","meta":[],"categories":[1110,6],"tags":[76,86,228,799,1235],"yoast_head":"<!-- This site is optimized with the Yoast SEO plugin v19.8 - https:\/\/yoast.com\/wordpress\/plugins\/seo\/ -->\n<title>Le Groupe \u00c9lite repris par le Legia Varsovie - La Diagonale<\/title>\n<meta name=\"robots\" content=\"index, follow, max-snippet:-1, max-image-preview:large, max-video-preview:-1\" \/>\n<link rel=\"canonical\" href=\"https:\/\/www.ladiagonale.net\/index.php\/2026\/09\/04\/le-groupe-elite-repris-par-le-legia-varsovie\/\" \/>\n<meta property=\"og:locale\" content=\"fr_FR\" \/>\n<meta property=\"og:type\" content=\"article\" \/>\n<meta property=\"og:title\" content=\"Le Groupe \u00c9lite repris par le Legia Varsovie - La Diagonale\" \/>\n<meta property=\"og:description\" content=\"Adversaire in\u00e9dit, jeudi, pour le Groupe \u00c9lite de l&rsquo;AS Monaco, qui a affront\u00e9 le Legia Varsovie au centre d&rsquo;entra\u00eenement du club polonais au cours d&rsquo;une rencontre amicale. Avec Aymen Assab ou encore Oumar Konat\u00e9, les joueurs de Dennis Schmit ont \u00e9t\u00e9 accroch\u00e9s par leur adversaire (2-2), apr\u00e8s avoir men\u00e9 deux fois au score. C&rsquo;est Ilies [...]\" \/>\n<meta property=\"og:url\" content=\"https:\/\/www.ladiagonale.net\/index.php\/2026\/09\/04\/le-groupe-elite-repris-par-le-legia-varsovie\/\" \/>\n<meta property=\"og:site_name\" content=\"La Diagonale\" \/>\n<meta property=\"article:published_time\" content=\"2026-09-04T15:21:26+00:00\" \/>\n<meta property=\"article:modified_time\" content=\"2026-09-04T15:21:27+00:00\" \/>\n<meta property=\"og:image\" content=\"https:\/\/www.ladiagonale.net\/wp-content\/uploads\/2026\/09\/Belmokhtar.png\" \/>\n\t<meta property=\"og:image:width\" content=\"1160\" \/>\n\t<meta property=\"og:image:height\" content=\"650\" \/>\n\t<meta property=\"og:image:type\" content=\"image\/png\" \/>\n<meta name=\"author\" content=\"Damien Dellerba\" \/>\n<meta name=\"twitter:card\" content=\"summary_large_image\" \/>\n<meta name=\"twitter:image\" content=\"https:\/\/www.ladiagonale.net\/wp-content\/uploads\/2026\/09\/Belmokhtar.png\" \/>\n<meta name=\"twitter:label1\" content=\"\u00c9crit par\" \/>\n\t<meta name=\"twitter:data1\" content=\"Damien Dellerba\" \/>\n\t<meta name=\"twitter:label2\" content=\"Dur\u00e9e de lecture estim\u00e9e\" \/>\n\t<meta name=\"twitter:data2\" content=\"1 minute\" \/>\n<script type=\"application\/ld+json\" class=\"yoast-schema-graph\">{\"@context\":\"https:\/\/schema.org\",\"@graph\":[{\"@type\":\"WebPage\",\"@id\":\"https:\/\/www.ladiagonale.net\/index.php\/2026\/09\/04\/le-groupe-elite-repris-par-le-legia-varsovie\/\",\"url\":\"https:\/\/www.ladiagonale.net\/index.php\/2026\/09\/04\/le-groupe-elite-repris-par-le-legia-varsovie\/\",\"name\":\"Le Groupe \u00c9lite repris par le Legia Varsovie - La Diagonale\",\"isPartOf\":{\"@id\":\"https:\/\/www.ladiagonale.net\/#website\"},\"datePublished\":\"2026-09-04T15:21:26+00:00\",\"dateModified\":\"2026-09-04T15:21:27+00:00\",\"author\":{\"@id\":\"https:\/\/www.ladiagonale.net\/#\/schema\/person\/79ff1e7b0853ed01b2aa26e64ad300bf\"},\"breadcrumb\":{\"@id\":\"https:\/\/www.ladiagonale.net\/index.php\/2026\/09\/04\/le-groupe-elite-repris-par-le-legia-varsovie\/#breadcrumb\"},\"inLanguage\":\"fr-FR\",\"potentialAction\":[{\"@type\":\"ReadAction\",\"target\":[\"https:\/\/www.ladiagonale.net\/index.php\/2026\/09\/04\/le-groupe-elite-repris-par-le-legia-varsovie\/\"]}]},{\"@type\":\"BreadcrumbList\",\"@id\":\"https:\/\/www.ladiagonale.net\/index.php\/2026\/09\/04\/le-groupe-elite-repris-par-le-legia-varsovie\/#breadcrumb\",\"itemListElement\":[{\"@type\":\"ListItem\",\"position\":1,\"name\":\"Accueil\",\"item\":\"https:\/\/www.ladiagonale.net\/\"},{\"@type\":\"ListItem\",\"position\":2,\"name\":\"Le Groupe \u00c9lite repris par le Legia Varsovie\"}]},{\"@type\":\"WebSite\",\"@id\":\"https:\/\/www.ladiagonale.net\/#website\",\"url\":\"https:\/\/www.ladiagonale.net\/\",\"name\":\"La Diagonale\",\"description\":\"Le site des supporters de l&#039;AS Monaco FC\",\"potentialAction\":[{\"@type\":\"SearchAction\",\"target\":{\"@type\":\"EntryPoint\",\"urlTemplate\":\"https:\/\/www.ladiagonale.net\/?s={search_term_string}\"},\"query-input\":\"required name=search_term_string\"}],\"inLanguage\":\"fr-FR\"},{\"@type\":\"Person\",\"@id\":\"https:\/\/www.ladiagonale.net\/#\/schema\/person\/79ff1e7b0853ed01b2aa26e64ad300bf\",\"name\":\"Damien Dellerba\",\"image\":{\"@type\":\"ImageObject\",\"inLanguage\":\"fr-FR\",\"@id\":\"https:\/\/www.ladiagonale.net\/#\/schema\/person\/image\/\",\"url\":\"https:\/\/secure.gravatar.com\/avatar\/c7850e06d3ff63cdbaee88b7fc16e2f0?s=96&d=mm&r=g\",\"contentUrl\":\"https:\/\/secure.gravatar.com\/avatar\/c7850e06d3ff63cdbaee88b7fc16e2f0?s=96&d=mm&r=g\",\"caption\":\"Damien Dellerba\"},\"url\":\"https:\/\/www.ladiagonale.net\/index.php\/author\/damien\/\"}]}<\/script>\n<!-- \/ Yoast SEO plugin. -->","yoast_head_json":{"title":"Le Groupe \u00c9lite repris par le Legia Varsovie - La Diagonale","robots":{"index":"index","follow":"follow","max-snippet":"max-snippet:-1","max-image-preview":"max-image-preview:large","max-video-preview":"max-video-preview:-1"},"canonical":"https:\/\/www.ladiagonale.net\/index.php\/2026\/09\/04\/le-groupe-elite-repris-par-le-legia-varsovie\/","og_locale":"fr_FR","og_type":"article","og_title":"Le Groupe \u00c9lite repris par le Legia Varsovie - La Diagonale","og_description":"Adversaire in\u00e9dit, jeudi, pour le Groupe \u00c9lite de l&rsquo;AS Monaco, qui a affront\u00e9 le Legia Varsovie au centre d&rsquo;entra\u00eenement du club polonais au cours d&rsquo;une rencontre amicale. Avec Aymen Assab ou encore Oumar Konat\u00e9, les joueurs de Dennis Schmit ont \u00e9t\u00e9 accroch\u00e9s par leur adversaire (2-2), apr\u00e8s avoir men\u00e9 deux fois au score. C&rsquo;est Ilies [...]","og_url":"https:\/\/www.ladiagonale.net\/index.php\/2026\/09\/04\/le-groupe-elite-repris-par-le-legia-varsovie\/","og_site_name":"La Diagonale","article_published_time":"2026-09-04T15:21:26+00:00","article_modified_time":"2026-09-04T15:21:27+00:00","og_image":[{"width":1160,"height":650,"url":"https:\/\/www.ladiagonale.net\/wp-content\/uploads\/2026\/09\/Belmokhtar.png","type":"image\/png"}],"author":"Damien Dellerba","twitter_card":"summary_large_image","twitter_image":"https:\/\/www.ladiagonale.net\/wp-content\/uploads\/2026\/09\/Belmokhtar.png","twitter_misc":{"\u00c9crit par":"Damien Dellerba","Dur\u00e9e de lecture estim\u00e9e":"1 minute"},"schema":{"@context":"https:\/\/schema.org","@graph":[{"@type":"WebPage","@id":"https:\/\/www.ladiagonale.net\/index.php\/2026\/09\/04\/le-groupe-elite-repris-par-le-legia-varsovie\/","url":"https:\/\/www.ladiagonale.net\/index.php\/2026\/09\/04\/le-groupe-elite-repris-par-le-legia-varsovie\/","name":"Le Groupe \u00c9lite repris par le Legia Varsovie - La Diagonale","isPartOf":{"@id":"https:\/\/www.ladiagonale.net\/#website"},"datePublished":"2026-09-04T15:21:26+00:00","dateModified":"2026-09-04T15:21:27+00:00","author":{"@id":"https:\/\/www.ladiagonale.net\/#\/schema\/person\/79ff1e7b0853ed01b2aa26e64ad300bf"},"breadcrumb":{"@id":"https:\/\/www.ladiagonale.net\/index.php\/2026\/09\/04\/le-groupe-elite-repris-par-le-legia-varsovie\/#breadcrumb"},"inLanguage":"fr-FR","potentialAction":[{"@type":"ReadAction","target":["https:\/\/www.ladiagonale.net\/index.php\/2026\/09\/04\/le-groupe-elite-repris-par-le-legia-varsovie\/"]}]},{"@type":"BreadcrumbList","@id":"https:\/\/www.ladiagonale.net\/index.php\/2026\/09\/04\/le-groupe-elite-repris-par-le-legia-varsovie\/#breadcrumb","itemListElement":[{"@type":"ListItem","position":1,"name":"Accueil","item":"https:\/\/www.ladiagonale.net\/"},{"@type":"ListItem","position":2,"name":"Le Groupe \u00c9lite repris par le Legia Varsovie"}]},{"@type":"WebSite","@id":"https:\/\/www.ladiagonale.net\/#website","url":"https:\/\/www.ladiagonale.net\/","name":"La Diagonale","description":"Le site des supporters de l&#039;AS Monaco FC","potentialAction":[{"@type":"SearchAction","target":{"@type":"EntryPoint","urlTemplate":"https:\/\/www.ladiagonale.net\/?s={search_term_string}"},"query-input":"required name=search_term_string"}],"inLanguage":"fr-FR"},{"@type":"Person","@id":"https:\/\/www.ladiagonale.net\/#\/schema\/person\/79ff1e7b0853ed01b2aa26e64ad300bf","name":"Damien Dellerba","image":{"@type":"ImageObject","inLanguage":"fr-FR","@id":"https:\/\/www.ladiagonale.net\/#\/schema\/person\/image\/","url":"https:\/\/secure.gravatar.com\/avatar\/c7850e06d3ff63cdbaee88b7fc16e2f0?s=96&d=mm&r=g","contentUrl":"https:\/\/secure.gravatar.com\/avatar\/c7850e06d3ff63cdbaee88b7fc16e2f0?s=96&d=mm&r=g","caption":"Damien Dellerba"},"url":"https:\/\/www.ladiagonale.net\/index.php\/author\/damien\/"}]}},"_links":{"self":[{"href":"https:\/\/www.ladiagonale.net\/index.php\/wp-json\/wp\/v2\/posts\/40663"}],"collection":[{"href":"https:\/\/www.ladiagonale.net\/index.php\/wp-json\/wp\/v2\/posts"}],"about":[{"href":"https:\/\/www.ladiagonale.net\/index.php\/wp-json\/wp\/v2\/types\/post"}],"author":[{"embeddable":true,"href":"https:\/\/www.ladiagonale.net\/index.php\/wp-json\/wp\/v2\/users\/2"}],"replies":[{"embeddable":true,"href":"https:\/\/www.ladiagonale.net\/index.php\/wp-json\/wp\/v2\/comments?post=40663"}],"version-history":[{"count":1,"href":"https:\/\/www.ladiagonale.net\/index.php\/wp-json\/wp\/v2\/posts\/40663\/revisions"}],"predecessor-version":[{"id":40665,"href":"https:\/\/www.ladiagonale.net\/index.php\/wp-json\/wp\/v2\/posts\/40663\/revisions\/40665"}],"wp:attachment":[{"href":"https:\/\/www.ladiagonale.net\/index.php\/wp-json\/wp\/v2\/media?parent=40663"}],"wp:term":[{"taxonomy":"category","embeddable":true,"href":"https:\/\/www.ladiagonale.net\/index.php\/wp-json\/wp\/v2\/categories?post=40663"},{"taxonomy":"post_tag","embeddable":true,"href":"https:\/\/www.ladiagonale.net\/index.php\/wp-json\/wp\/v2\/tags?post=40663"}],"curies":[{"name":"wp","href":"https:\/\/api.w.org\/{rel}","templated":true}]}}