{"id":40677,"date":"2026-09-04T23:12:26","date_gmt":"2026-09-04T21:12:26","guid":{"rendered":"https:\/\/www.ladiagonale.net\/?p=40677"},"modified":"2026-09-04T23:13:20","modified_gmt":"2026-09-04T21:13:20","slug":"las-monaco-en-conquete-au-parc-des-princes-2-1","status":"publish","type":"post","link":"https:\/\/www.ladiagonale.net\/index.php\/2026\/09\/04\/las-monaco-en-conquete-au-parc-des-princes-2-1\/","title":{"rendered":"L\u2019AS Monaco en conqu\u00eate au Parc des Princes (2-1)"},"content":{"rendered":"\n<p><strong>L&rsquo;AS Monaco poursuit son sans-faute en ce d\u00e9but de saison. Mais cette fois, les Mon\u00e9gasques ont accroch\u00e9 le double champion d&rsquo;Europe \u00e0 leur tableau de chasse. Men\u00e9e, l&rsquo;ASM a renvers\u00e9 le PSG \u00e0 l&rsquo;ext\u00e9rieur (2-1).<\/strong><\/p>\n\n\n\n<p>Des intentions, les Mon\u00e9gasques en avaient certainement au moment de d\u00e9buter la rencontre. C&rsquo;\u00e9tait la promesse faite par Filipe Luis au soir de la victoire contre Marseille, dimanche dernier. Avec un pressing haut, les hommes de Filipe Luis avaient d\u00e9cid\u00e9 d\u2019aller chercher les Parisiens dans leur camp lors des premi\u00e8res minutes et montr\u00e9 qu&rsquo;ils \u00e9taient pr\u00e9sent au rendez-vous. Si les champions d\u2019Europe ont d\u2019abord eu du mal \u00e0 se d\u00e9faire de la pression et ont \u00e9t\u00e9 un peu perturb\u00e9s par le bloc haut, ils ont peu \u00e0 peu trouv\u00e9 des r\u00e9ponses collectivement et fait reculer l\u2019ASM. <\/p>\n\n\n\n<p>Sans conc\u00e9der de grosses occasions, les Mon\u00e9gasques ont tout de m\u00eame \u00e9t\u00e9 l\u00e9g\u00e8rement en dessous dans le premier acte et ont fini par craquer \u00e0 la demi-heure de jeu (0-1, 31<sup>e<\/sup>). Pour se montrer tr\u00e8s appliqu\u00e9s \u00e0 bien d\u00e9fendre jusqu\u2019\u00e0 l\u2019ouverture du score, ils n\u2019ont pas \u00e9t\u00e9 assez dangereux, et les rares fois o\u00f9 ils l&rsquo;ont \u00e9t\u00e9, on les a vus g\u00e2cher de bonnes situations par une trop grande maladresse technique. Mais, alors qu\u2019ils \u00e9taient men\u00e9s pour la premi\u00e8re fois de la saison, il \u00e9tait int\u00e9ressant de noter leur r\u00e9action. Et sur ce point, les joueurs de Filipe Luis, qui semble avoir vraiment une tr\u00e8s bonne influence sur eux, n\u2019ont pas d\u00e9\u00e7u.<\/p>\n\n\n\n<p>La seconde p\u00e9riode a \u00e9t\u00e9 plus ouverte. Les joueurs de la Principaut\u00e9 ont mis un peu plus de vitesse dans leur jeu tout en \u00e9tant capables de g\u00e9rer le d\u00e9s\u00e9quilibre et de contenir les Parisiens, qui ont aussi profit\u00e9 des espaces pour continuer \u00e0 se montrer dangereux. Le manque d\u2019adresse de l\u2019ASM en premi\u00e8re p\u00e9riode ne s\u2019est pas r\u00e9p\u00e9t\u00e9, pour le plus grand bonheur des 1000 supporters pr\u00e9sents dans le parcage et qui ont pu chanter \u00e0 la fin du match \u00ab\u00a0On est chez nous\u00a0\u00bb. <\/p>\n\n\n\n<p>Les amoureux de la diagonale ont pu se laisser aller \u00e0 cette euphorie parce que leurs joueurs ont renvers\u00e9 le PSG, toujours en qu\u00eate de son premier succ\u00e8s de la saison. Sur un bon centre de Teze, Nazinho a marqu\u00e9 de la t\u00eate \u00e0 bout portant (1-1, 58<sup>e<\/sup>). Quelques minutes plus tard, apr\u00e8s une grosse perc\u00e9e de Zakaria plein axe, Stanis Idumbo a fait une belle diff\u00e9rence sur le c\u00f4t\u00e9 et a crucifi\u00e9 Safonov pour mettre l&rsquo;ASM devant au tableau d&rsquo;affichage (2-1, 72<sup>e<\/sup>).<\/p>\n\n\n\n<p>Le dernier quart d&rsquo;heure, il fallait s&rsquo;attendre \u00e0 souffrir, et cela n&rsquo;a pas rat\u00e9. Ousmane Demb\u00e9l\u00e9 a souvent fait planer la menace sur le but de Hradecky mais le gardien mon\u00e9gasque s&rsquo;est montr\u00e9 vigilant jusqu&rsquo;au bout, suppl\u00e9e par sa d\u00e9fense et notamment un Sadibou San\u00e9 tr\u00e8s tranchant. Malgr\u00e9 un si\u00e8ge asphyxiant autour de la surface de l&rsquo;ASM, les hommes de Filipe Luis ont tenu jusqu&rsquo;au bout et conservent leur invincibilit\u00e9. Ce vendredi soir, ils sont leaders de Ligue 1 et sont assur\u00e9s de rester seuls sur leur tr\u00f4ne jusqu&rsquo;\u00e0 la prochaine journ\u00e9e, o\u00f9 ils recevront Strasbourg.<\/p>\n\n\n","protected":false},"excerpt":{"rendered":"<p>L&rsquo;AS Monaco poursuit son sans-faute en ce d\u00e9but de saison. Mais cette fois, les Mon\u00e9gasques ont accroch\u00e9 le double champion d&rsquo;Europe \u00e0 leur tableau de chasse. Men\u00e9e, l&rsquo;ASM a renvers\u00e9 le PSG \u00e0 l&rsquo;ext\u00e9rieur (2-1). Des intentions, les Mon\u00e9gasques en avaient certainement au moment de d\u00e9buter la rencontre. C&rsquo;\u00e9tait la promesse faite par Filipe Luis [&#8230;]\n","protected":false},"author":2,"featured_media":40678,"comment_status":"open","ping_status":"open","sticky":false,"template":"","format":"standard","meta":[],"categories":[5,6,1000],"tags":[86,94,720],"yoast_head":"<!-- This site is optimized with the Yoast SEO plugin v19.8 - https:\/\/yoast.com\/wordpress\/plugins\/seo\/ -->\n<title>L\u2019AS Monaco en conqu\u00eate au Parc des Princes (2-1) - La Diagonale<\/title>\n<meta name=\"robots\" content=\"index, follow, max-snippet:-1, max-image-preview:large, max-video-preview:-1\" \/>\n<link rel=\"canonical\" href=\"https:\/\/www.ladiagonale.net\/index.php\/2026\/09\/04\/las-monaco-en-conquete-au-parc-des-princes-2-1\/\" \/>\n<meta property=\"og:locale\" content=\"fr_FR\" \/>\n<meta property=\"og:type\" content=\"article\" \/>\n<meta property=\"og:title\" content=\"L\u2019AS Monaco en conqu\u00eate au Parc des Princes (2-1) - La Diagonale\" \/>\n<meta property=\"og:description\" content=\"L&rsquo;AS Monaco poursuit son sans-faute en ce d\u00e9but de saison. Mais cette fois, les Mon\u00e9gasques ont accroch\u00e9 le double champion d&rsquo;Europe \u00e0 leur tableau de chasse. Men\u00e9e, l&rsquo;ASM a renvers\u00e9 le PSG \u00e0 l&rsquo;ext\u00e9rieur (2-1). Des intentions, les Mon\u00e9gasques en avaient certainement au moment de d\u00e9buter la rencontre. C&rsquo;\u00e9tait la promesse faite par Filipe Luis [...]\" \/>\n<meta property=\"og:url\" content=\"https:\/\/www.ladiagonale.net\/index.php\/2026\/09\/04\/las-monaco-en-conquete-au-parc-des-princes-2-1\/\" \/>\n<meta property=\"og:site_name\" content=\"La Diagonale\" \/>\n<meta property=\"article:published_time\" content=\"2026-09-04T21:12:26+00:00\" \/>\n<meta property=\"article:modified_time\" content=\"2026-09-04T21:13:20+00:00\" \/>\n<meta property=\"og:image\" content=\"https:\/\/www.ladiagonale.net\/wp-content\/uploads\/2026\/09\/Monaco-Parc.png\" \/>\n\t<meta property=\"og:image:width\" content=\"1160\" \/>\n\t<meta property=\"og:image:height\" content=\"650\" \/>\n\t<meta property=\"og:image:type\" content=\"image\/png\" \/>\n<meta name=\"author\" content=\"Damien Dellerba\" \/>\n<meta name=\"twitter:card\" content=\"summary_large_image\" \/>\n<meta name=\"twitter:image\" content=\"https:\/\/www.ladiagonale.net\/wp-content\/uploads\/2026\/09\/Monaco-Parc.png\" \/>\n<meta name=\"twitter:label1\" content=\"\u00c9crit par\" \/>\n\t<meta name=\"twitter:data1\" content=\"Damien Dellerba\" \/>\n\t<meta name=\"twitter:label2\" content=\"Dur\u00e9e de lecture estim\u00e9e\" \/>\n\t<meta name=\"twitter:data2\" content=\"3 minutes\" \/>\n<script type=\"application\/ld+json\" class=\"yoast-schema-graph\">{\"@context\":\"https:\/\/schema.org\",\"@graph\":[{\"@type\":\"WebPage\",\"@id\":\"https:\/\/www.ladiagonale.net\/index.php\/2026\/09\/04\/las-monaco-en-conquete-au-parc-des-princes-2-1\/\",\"url\":\"https:\/\/www.ladiagonale.net\/index.php\/2026\/09\/04\/las-monaco-en-conquete-au-parc-des-princes-2-1\/\",\"name\":\"L\u2019AS Monaco en conqu\u00eate au Parc des Princes (2-1) - La Diagonale\",\"isPartOf\":{\"@id\":\"https:\/\/www.ladiagonale.net\/#website\"},\"datePublished\":\"2026-09-04T21:12:26+00:00\",\"dateModified\":\"2026-09-04T21:13:20+00:00\",\"author\":{\"@id\":\"https:\/\/www.ladiagonale.net\/#\/schema\/person\/79ff1e7b0853ed01b2aa26e64ad300bf\"},\"breadcrumb\":{\"@id\":\"https:\/\/www.ladiagonale.net\/index.php\/2026\/09\/04\/las-monaco-en-conquete-au-parc-des-princes-2-1\/#breadcrumb\"},\"inLanguage\":\"fr-FR\",\"potentialAction\":[{\"@type\":\"ReadAction\",\"target\":[\"https:\/\/www.ladiagonale.net\/index.php\/2026\/09\/04\/las-monaco-en-conquete-au-parc-des-princes-2-1\/\"]}]},{\"@type\":\"BreadcrumbList\",\"@id\":\"https:\/\/www.ladiagonale.net\/index.php\/2026\/09\/04\/las-monaco-en-conquete-au-parc-des-princes-2-1\/#breadcrumb\",\"itemListElement\":[{\"@type\":\"ListItem\",\"position\":1,\"name\":\"Accueil\",\"item\":\"https:\/\/www.ladiagonale.net\/\"},{\"@type\":\"ListItem\",\"position\":2,\"name\":\"L\u2019AS Monaco en conqu\u00eate au Parc des Princes (2-1)\"}]},{\"@type\":\"WebSite\",\"@id\":\"https:\/\/www.ladiagonale.net\/#website\",\"url\":\"https:\/\/www.ladiagonale.net\/\",\"name\":\"La Diagonale\",\"description\":\"Le site des supporters de l&#039;AS Monaco FC\",\"potentialAction\":[{\"@type\":\"SearchAction\",\"target\":{\"@type\":\"EntryPoint\",\"urlTemplate\":\"https:\/\/www.ladiagonale.net\/?s={search_term_string}\"},\"query-input\":\"required name=search_term_string\"}],\"inLanguage\":\"fr-FR\"},{\"@type\":\"Person\",\"@id\":\"https:\/\/www.ladiagonale.net\/#\/schema\/person\/79ff1e7b0853ed01b2aa26e64ad300bf\",\"name\":\"Damien Dellerba\",\"image\":{\"@type\":\"ImageObject\",\"inLanguage\":\"fr-FR\",\"@id\":\"https:\/\/www.ladiagonale.net\/#\/schema\/person\/image\/\",\"url\":\"https:\/\/secure.gravatar.com\/avatar\/c7850e06d3ff63cdbaee88b7fc16e2f0?s=96&d=mm&r=g\",\"contentUrl\":\"https:\/\/secure.gravatar.com\/avatar\/c7850e06d3ff63cdbaee88b7fc16e2f0?s=96&d=mm&r=g\",\"caption\":\"Damien Dellerba\"},\"url\":\"https:\/\/www.ladiagonale.net\/index.php\/author\/damien\/\"}]}<\/script>\n<!-- \/ Yoast SEO plugin. -->","yoast_head_json":{"title":"L\u2019AS Monaco en conqu\u00eate au Parc des Princes (2-1) - La Diagonale","robots":{"index":"index","follow":"follow","max-snippet":"max-snippet:-1","max-image-preview":"max-image-preview:large","max-video-preview":"max-video-preview:-1"},"canonical":"https:\/\/www.ladiagonale.net\/index.php\/2026\/09\/04\/las-monaco-en-conquete-au-parc-des-princes-2-1\/","og_locale":"fr_FR","og_type":"article","og_title":"L\u2019AS Monaco en conqu\u00eate au Parc des Princes (2-1) - La Diagonale","og_description":"L&rsquo;AS Monaco poursuit son sans-faute en ce d\u00e9but de saison. Mais cette fois, les Mon\u00e9gasques ont accroch\u00e9 le double champion d&rsquo;Europe \u00e0 leur tableau de chasse. Men\u00e9e, l&rsquo;ASM a renvers\u00e9 le PSG \u00e0 l&rsquo;ext\u00e9rieur (2-1). Des intentions, les Mon\u00e9gasques en avaient certainement au moment de d\u00e9buter la rencontre. C&rsquo;\u00e9tait la promesse faite par Filipe Luis [...]","og_url":"https:\/\/www.ladiagonale.net\/index.php\/2026\/09\/04\/las-monaco-en-conquete-au-parc-des-princes-2-1\/","og_site_name":"La Diagonale","article_published_time":"2026-09-04T21:12:26+00:00","article_modified_time":"2026-09-04T21:13:20+00:00","og_image":[{"width":1160,"height":650,"url":"https:\/\/www.ladiagonale.net\/wp-content\/uploads\/2026\/09\/Monaco-Parc.png","type":"image\/png"}],"author":"Damien Dellerba","twitter_card":"summary_large_image","twitter_image":"https:\/\/www.ladiagonale.net\/wp-content\/uploads\/2026\/09\/Monaco-Parc.png","twitter_misc":{"\u00c9crit par":"Damien Dellerba","Dur\u00e9e de lecture estim\u00e9e":"3 minutes"},"schema":{"@context":"https:\/\/schema.org","@graph":[{"@type":"WebPage","@id":"https:\/\/www.ladiagonale.net\/index.php\/2026\/09\/04\/las-monaco-en-conquete-au-parc-des-princes-2-1\/","url":"https:\/\/www.ladiagonale.net\/index.php\/2026\/09\/04\/las-monaco-en-conquete-au-parc-des-princes-2-1\/","name":"L\u2019AS Monaco en conqu\u00eate au Parc des Princes (2-1) - La Diagonale","isPartOf":{"@id":"https:\/\/www.ladiagonale.net\/#website"},"datePublished":"2026-09-04T21:12:26+00:00","dateModified":"2026-09-04T21:13:20+00:00","author":{"@id":"https:\/\/www.ladiagonale.net\/#\/schema\/person\/79ff1e7b0853ed01b2aa26e64ad300bf"},"breadcrumb":{"@id":"https:\/\/www.ladiagonale.net\/index.php\/2026\/09\/04\/las-monaco-en-conquete-au-parc-des-princes-2-1\/#breadcrumb"},"inLanguage":"fr-FR","potentialAction":[{"@type":"ReadAction","target":["https:\/\/www.ladiagonale.net\/index.php\/2026\/09\/04\/las-monaco-en-conquete-au-parc-des-princes-2-1\/"]}]},{"@type":"BreadcrumbList","@id":"https:\/\/www.ladiagonale.net\/index.php\/2026\/09\/04\/las-monaco-en-conquete-au-parc-des-princes-2-1\/#breadcrumb","itemListElement":[{"@type":"ListItem","position":1,"name":"Accueil","item":"https:\/\/www.ladiagonale.net\/"},{"@type":"ListItem","position":2,"name":"L\u2019AS Monaco en conqu\u00eate au Parc des Princes (2-1)"}]},{"@type":"WebSite","@id":"https:\/\/www.ladiagonale.net\/#website","url":"https:\/\/www.ladiagonale.net\/","name":"La Diagonale","description":"Le site des supporters de l&#039;AS Monaco FC","potentialAction":[{"@type":"SearchAction","target":{"@type":"EntryPoint","urlTemplate":"https:\/\/www.ladiagonale.net\/?s={search_term_string}"},"query-input":"required name=search_term_string"}],"inLanguage":"fr-FR"},{"@type":"Person","@id":"https:\/\/www.ladiagonale.net\/#\/schema\/person\/79ff1e7b0853ed01b2aa26e64ad300bf","name":"Damien Dellerba","image":{"@type":"ImageObject","inLanguage":"fr-FR","@id":"https:\/\/www.ladiagonale.net\/#\/schema\/person\/image\/","url":"https:\/\/secure.gravatar.com\/avatar\/c7850e06d3ff63cdbaee88b7fc16e2f0?s=96&d=mm&r=g","contentUrl":"https:\/\/secure.gravatar.com\/avatar\/c7850e06d3ff63cdbaee88b7fc16e2f0?s=96&d=mm&r=g","caption":"Damien Dellerba"},"url":"https:\/\/www.ladiagonale.net\/index.php\/author\/damien\/"}]}},"_links":{"self":[{"href":"https:\/\/www.ladiagonale.net\/index.php\/wp-json\/wp\/v2\/posts\/40677"}],"collection":[{"href":"https:\/\/www.ladiagonale.net\/index.php\/wp-json\/wp\/v2\/posts"}],"about":[{"href":"https:\/\/www.ladiagonale.net\/index.php\/wp-json\/wp\/v2\/types\/post"}],"author":[{"embeddable":true,"href":"https:\/\/www.ladiagonale.net\/index.php\/wp-json\/wp\/v2\/users\/2"}],"replies":[{"embeddable":true,"href":"https:\/\/www.ladiagonale.net\/index.php\/wp-json\/wp\/v2\/comments?post=40677"}],"version-history":[{"count":2,"href":"https:\/\/www.ladiagonale.net\/index.php\/wp-json\/wp\/v2\/posts\/40677\/revisions"}],"predecessor-version":[{"id":40680,"href":"https:\/\/www.ladiagonale.net\/index.php\/wp-json\/wp\/v2\/posts\/40677\/revisions\/40680"}],"wp:featuredmedia":[{"embeddable":true,"href":"https:\/\/www.ladiagonale.net\/index.php\/wp-json\/wp\/v2\/media\/40678"}],"wp:attachment":[{"href":"https:\/\/www.ladiagonale.net\/index.php\/wp-json\/wp\/v2\/media?parent=40677"}],"wp:term":[{"taxonomy":"category","embeddable":true,"href":"https:\/\/www.ladiagonale.net\/index.php\/wp-json\/wp\/v2\/categories?post=40677"},{"taxonomy":"post_tag","embeddable":true,"href":"https:\/\/www.ladiagonale.net\/index.php\/wp-json\/wp\/v2\/tags?post=40677"}],"curies":[{"name":"wp","href":"https:\/\/api.w.org\/{rel}","templated":true}]}}