{"id":40681,"date":"2026-09-05T13:06:25","date_gmt":"2026-09-05T11:06:25","guid":{"rendered":"https:\/\/www.ladiagonale.net\/?p=40681"},"modified":"2026-09-05T13:06:25","modified_gmt":"2026-09-05T11:06:25","slug":"filipe-luis-cest-un-tres-bon-debut-de-saison-mais-je-reste-calme","status":"publish","type":"post","link":"https:\/\/www.ladiagonale.net\/index.php\/2026\/09\/05\/filipe-luis-cest-un-tres-bon-debut-de-saison-mais-je-reste-calme\/","title":{"rendered":"Filipe Luis : \u00ab&nbsp;C\u2019est un tr\u00e8s bon d\u00e9but de saison mais je reste calme&nbsp;\u00bb"},"content":{"rendered":"\n<p>L\u2019AS Monaco a r\u00e9alis\u00e9 une performance majeure en s\u2019imposant, vendredi, sur la pelouse du Paris Saint-Germain (2-1). Filipe Luis n\u2019a toujours pas connu la d\u00e9faite en comp\u00e9tition depuis son arriv\u00e9e sur le Rocher et il est forc\u00e9ment ravi de \u00e7a. Pour autant, le Br\u00e9silien ne c\u00e8de pas \u00e0 l\u2019emballement : \u00ab\u00a0<em>C&rsquo;est un tr\u00e8s bon d\u00e9but de saison pour nous, mais je suis calme parce que nous devons prendre match par match. Je suis tr\u00e8s content de la performance des joueurs. Je suis tr\u00e8s fier de ce qu\u2019ils ont fait aujourd\u2019hui (vendredi), de leur comportement sur le terrain, de leur courage, de jouer contre la meilleure \u00e9quipe du monde. C&rsquo;est fantastique.\u00a0Mais en tant que coach, je ne peux que regarder vers le prochain match. Je ne fais pas de projections \u00e0 long terme.<\/em>\u00a0\u00bb<\/p>\n\n\n\n<p>Le technicien mon\u00e9gasque a livr\u00e9 son analyse du match : \u00ab\u00a0<em>Nous avons essay\u00e9 de presser tr\u00e8s haut au d\u00e9but, mais j&rsquo;avais pr\u00e9venu les joueurs qu&rsquo;ils arriveraient \u00e0 casser le pressing parfois, parce qu&rsquo;ils ont beaucoup de qualit\u00e9. Ils savent comment contourner cette pression, c\u2019est pourquoi il faut savoir \u00e9galement se positionner en bloc m\u00e9dian ou bas sans le ballon. Nous avons souffert en premi\u00e8re p\u00e9riode. Mais je pense qu\u2019avec le ballon, nous avons bien jou\u00e9. En premi\u00e8re p\u00e9riode, je pense que nous sommes bons, mais un peu anxieux.<\/em>\u00a0\u00bb<\/p>\n\n\n\n<blockquote class=\"wp-block-quote\"><p>\u00ab\u00a0Mon travail, en plus du r\u00e9sultat, c&rsquo;est d&rsquo;essayer d&rsquo;obtenir le meilleur des joueurs, et de les rendre meilleurs tous les jours\u00a0\u00bb<\/p><cite>Filipe Luis<\/cite><\/blockquote>\n\n\n\n<p>Filipe Luis a en revanche vu son \u00e9quipe se lib\u00e9rer au retour de la pause et : \u00ab\u00a0<em>En seconde p\u00e9riode, les joueurs se sont mieux sentis. Bien s\u00fbr, le PSG n&rsquo;est pas dans sa meilleure forme encore, il y avait un peu plus de distance entre eux, et nous avons r\u00e9alis\u00e9 qu\u2019avec le ballon, nous avions des chances de marquer, et c\u2019est ce qui s\u2019est pass\u00e9. Nous avons r\u00e9ussi \u00e0 inverser le score. Bien s\u00fbr \u00e0 la fin nous avons souffert et d\u00e9fendu pour conserver le r\u00e9sultat, mais je suis tr\u00e8s fier.\u00a0<\/em>\u00bb<\/p>\n\n\n\n<p>Le Br\u00e9silien a donn\u00e9 quelques d\u00e9tails sur son discours \u00e0 la mi-temps pour redonner du courage \u00e0 ses joueurs : \u00ab\u00a0<em>J&rsquo;ai essay\u00e9 d&rsquo;\u00eatre tr\u00e8s honn\u00eate. Pour moi, m\u00eame si nous perdions, nous ne jouions pas mal. Nous jouions du bon football. Nous avons eu des occasions de marquer en premi\u00e8re p\u00e9riode, pas forc\u00e9ment tr\u00e8s grosses, mais nous avons eu des situations. Et j&rsquo;ai juste corrig\u00e9 quelques d\u00e9tails sur le pressing, et aussi avec le ballon, et les joueurs l&rsquo;ont compris. (\u2026) Mon travail, en plus du r\u00e9sultat, c&rsquo;est d&rsquo;essayer d&rsquo;obtenir le meilleur des joueurs, et de les rendre meilleurs tous les jours.<\/em>\u00a0\u00bb<\/p>\n\n\n\n<blockquote class=\"wp-block-quote\"><p>\u00ab\u00a0Je veux qu&rsquo;ils se sentent qu&rsquo;\u00e0 chaque fois qu&rsquo;un joueur fait une erreur, un autre est pr\u00e8s pour le couvrir\u00a0\u00bb<\/p><cite>Filipe Luis, \u00e0 propos de sa d\u00e9fense<\/cite><\/blockquote>\n\n\n\n<p>Mais l\u2019ancien de Flamengo reconna\u00eet aussi que Lukas Hradecky a \u00e9t\u00e9 d\u00e9terminant pour obtenir ce r\u00e9sultat, alors que son homologue Luis Enrique a estim\u00e9 que Paris m\u00e9ritait de gagner : \u00ab\u00a0<em>Mon gardien a fait trois arr\u00eats incroyables. C&rsquo;est la v\u00e9rit\u00e9. Peut-\u00eatre qu&rsquo;ils m\u00e9ritaient mieux, mais nous savions aussi comment d\u00e9fendre, comment contre-attaquer. Le r\u00e9sultat, c&rsquo;est ce qu&rsquo;il est. Et le football, c&rsquo;est parfois le r\u00e9sultat. Je sais que vous n&rsquo;allez jamais venir ici, dans ce stade, sans souffrir.<\/em>\u00a0\u00bb<\/p>\n\n\n\n<p>Pour autant, Monaco affiche un visage bien plus solide d\u00e9fensivement. Filipe Luis n\u2019a pas voulu livrer ses secrets : \u00ab\u00a0<em>Ce n&rsquo;est pas mieux, ni pire. Ce sont des id\u00e9es diff\u00e9rentes. Tous les coachs en ont, j&rsquo;ai les miennes, et c&rsquo;est diff\u00e9rent. Il y a beaucoup de d\u00e9tails, beaucoup de choses qu&rsquo;il faut corriger, parce qu\u2019ils se sont habitu\u00e9s \u00e0 certaines l&rsquo;ann\u00e9e derni\u00e8re, et je dois changer \u00e7a. Quand vous avez plus de joueurs d\u2019exp\u00e9rience, c&rsquo;est plus facile, mais nous avons de tr\u00e8s jeunes joueurs, de tr\u00e8s jeunes groupes, et \u00e7a prend un peu plus de temps. Maintenant, ils comprennent, ils se sentent solides, ils se couvrent les uns des autres. Je veux qu&rsquo;ils se sentent qu&rsquo;\u00e0 chaque fois qu&rsquo;un joueur fait une erreur, un autre est pr\u00e8s pour le couvrir. Je me sens tr\u00e8s repr\u00e9sent\u00e9.\u00a0<\/em>\u00bb<\/p>\n\n\n","protected":false},"excerpt":{"rendered":"<p>L\u2019AS Monaco a r\u00e9alis\u00e9 une performance majeure en s\u2019imposant, vendredi, sur la pelouse du Paris Saint-Germain (2-1). Filipe Luis n\u2019a toujours pas connu la d\u00e9faite en comp\u00e9tition depuis son arriv\u00e9e sur le Rocher et il est forc\u00e9ment ravi de \u00e7a. Pour autant, le Br\u00e9silien ne c\u00e8de pas \u00e0 l\u2019emballement : \u00ab\u00a0C&rsquo;est un tr\u00e8s bon d\u00e9but [&#8230;]\n","protected":false},"author":2,"featured_media":0,"comment_status":"open","ping_status":"open","sticky":false,"template":"","format":"standard","meta":[],"categories":[6,1000],"tags":[86,1301,94,720],"yoast_head":"<!-- This site is optimized with the Yoast SEO plugin v19.8 - https:\/\/yoast.com\/wordpress\/plugins\/seo\/ -->\n<title>Filipe Luis : \u00ab&nbsp;C\u2019est un tr\u00e8s bon d\u00e9but de saison mais je reste calme&nbsp;\u00bb - La Diagonale<\/title>\n<meta name=\"robots\" content=\"index, follow, max-snippet:-1, max-image-preview:large, max-video-preview:-1\" \/>\n<link rel=\"canonical\" href=\"https:\/\/www.ladiagonale.net\/index.php\/2026\/09\/05\/filipe-luis-cest-un-tres-bon-debut-de-saison-mais-je-reste-calme\/\" \/>\n<meta property=\"og:locale\" content=\"fr_FR\" \/>\n<meta property=\"og:type\" content=\"article\" \/>\n<meta property=\"og:title\" content=\"Filipe Luis : \u00ab&nbsp;C\u2019est un tr\u00e8s bon d\u00e9but de saison mais je reste calme&nbsp;\u00bb - La Diagonale\" \/>\n<meta property=\"og:description\" content=\"L\u2019AS Monaco a r\u00e9alis\u00e9 une performance majeure en s\u2019imposant, vendredi, sur la pelouse du Paris Saint-Germain (2-1). Filipe Luis n\u2019a toujours pas connu la d\u00e9faite en comp\u00e9tition depuis son arriv\u00e9e sur le Rocher et il est forc\u00e9ment ravi de \u00e7a. Pour autant, le Br\u00e9silien ne c\u00e8de pas \u00e0 l\u2019emballement : \u00ab\u00a0C&rsquo;est un tr\u00e8s bon d\u00e9but [...]\" \/>\n<meta property=\"og:url\" content=\"https:\/\/www.ladiagonale.net\/index.php\/2026\/09\/05\/filipe-luis-cest-un-tres-bon-debut-de-saison-mais-je-reste-calme\/\" \/>\n<meta property=\"og:site_name\" content=\"La Diagonale\" \/>\n<meta property=\"article:published_time\" content=\"2026-09-05T11:06:25+00:00\" \/>\n<meta property=\"og:image\" content=\"https:\/\/www.ladiagonale.net\/wp-content\/uploads\/2026\/08\/Filipe-Luis-OM-1.png\" \/>\n\t<meta property=\"og:image:width\" content=\"1160\" \/>\n\t<meta property=\"og:image:height\" content=\"650\" \/>\n\t<meta property=\"og:image:type\" content=\"image\/png\" \/>\n<meta name=\"author\" content=\"Damien Dellerba\" \/>\n<meta name=\"twitter:card\" content=\"summary_large_image\" \/>\n<meta name=\"twitter:image\" content=\"https:\/\/www.ladiagonale.net\/wp-content\/uploads\/2026\/08\/Filipe-Luis-OM-1.png\" \/>\n<meta name=\"twitter:label1\" content=\"\u00c9crit par\" \/>\n\t<meta name=\"twitter:data1\" content=\"Damien Dellerba\" \/>\n\t<meta name=\"twitter:label2\" content=\"Dur\u00e9e de lecture estim\u00e9e\" \/>\n\t<meta name=\"twitter:data2\" content=\"4 minutes\" \/>\n<script type=\"application\/ld+json\" class=\"yoast-schema-graph\">{\"@context\":\"https:\/\/schema.org\",\"@graph\":[{\"@type\":\"WebPage\",\"@id\":\"https:\/\/www.ladiagonale.net\/index.php\/2026\/09\/05\/filipe-luis-cest-un-tres-bon-debut-de-saison-mais-je-reste-calme\/\",\"url\":\"https:\/\/www.ladiagonale.net\/index.php\/2026\/09\/05\/filipe-luis-cest-un-tres-bon-debut-de-saison-mais-je-reste-calme\/\",\"name\":\"Filipe Luis : \u00ab&nbsp;C\u2019est un tr\u00e8s bon d\u00e9but de saison mais je reste calme&nbsp;\u00bb - La Diagonale\",\"isPartOf\":{\"@id\":\"https:\/\/www.ladiagonale.net\/#website\"},\"datePublished\":\"2026-09-05T11:06:25+00:00\",\"dateModified\":\"2026-09-05T11:06:25+00:00\",\"author\":{\"@id\":\"https:\/\/www.ladiagonale.net\/#\/schema\/person\/79ff1e7b0853ed01b2aa26e64ad300bf\"},\"breadcrumb\":{\"@id\":\"https:\/\/www.ladiagonale.net\/index.php\/2026\/09\/05\/filipe-luis-cest-un-tres-bon-debut-de-saison-mais-je-reste-calme\/#breadcrumb\"},\"inLanguage\":\"fr-FR\",\"potentialAction\":[{\"@type\":\"ReadAction\",\"target\":[\"https:\/\/www.ladiagonale.net\/index.php\/2026\/09\/05\/filipe-luis-cest-un-tres-bon-debut-de-saison-mais-je-reste-calme\/\"]}]},{\"@type\":\"BreadcrumbList\",\"@id\":\"https:\/\/www.ladiagonale.net\/index.php\/2026\/09\/05\/filipe-luis-cest-un-tres-bon-debut-de-saison-mais-je-reste-calme\/#breadcrumb\",\"itemListElement\":[{\"@type\":\"ListItem\",\"position\":1,\"name\":\"Accueil\",\"item\":\"https:\/\/www.ladiagonale.net\/\"},{\"@type\":\"ListItem\",\"position\":2,\"name\":\"Filipe Luis : \u00ab&nbsp;C\u2019est un tr\u00e8s bon d\u00e9but de saison mais je reste calme&nbsp;\u00bb\"}]},{\"@type\":\"WebSite\",\"@id\":\"https:\/\/www.ladiagonale.net\/#website\",\"url\":\"https:\/\/www.ladiagonale.net\/\",\"name\":\"La Diagonale\",\"description\":\"Le site des supporters de l&#039;AS Monaco FC\",\"potentialAction\":[{\"@type\":\"SearchAction\",\"target\":{\"@type\":\"EntryPoint\",\"urlTemplate\":\"https:\/\/www.ladiagonale.net\/?s={search_term_string}\"},\"query-input\":\"required name=search_term_string\"}],\"inLanguage\":\"fr-FR\"},{\"@type\":\"Person\",\"@id\":\"https:\/\/www.ladiagonale.net\/#\/schema\/person\/79ff1e7b0853ed01b2aa26e64ad300bf\",\"name\":\"Damien Dellerba\",\"image\":{\"@type\":\"ImageObject\",\"inLanguage\":\"fr-FR\",\"@id\":\"https:\/\/www.ladiagonale.net\/#\/schema\/person\/image\/\",\"url\":\"https:\/\/secure.gravatar.com\/avatar\/c7850e06d3ff63cdbaee88b7fc16e2f0?s=96&d=mm&r=g\",\"contentUrl\":\"https:\/\/secure.gravatar.com\/avatar\/c7850e06d3ff63cdbaee88b7fc16e2f0?s=96&d=mm&r=g\",\"caption\":\"Damien Dellerba\"},\"url\":\"https:\/\/www.ladiagonale.net\/index.php\/author\/damien\/\"}]}<\/script>\n<!-- \/ Yoast SEO plugin. -->","yoast_head_json":{"title":"Filipe Luis : \u00ab&nbsp;C\u2019est un tr\u00e8s bon d\u00e9but de saison mais je reste calme&nbsp;\u00bb - La Diagonale","robots":{"index":"index","follow":"follow","max-snippet":"max-snippet:-1","max-image-preview":"max-image-preview:large","max-video-preview":"max-video-preview:-1"},"canonical":"https:\/\/www.ladiagonale.net\/index.php\/2026\/09\/05\/filipe-luis-cest-un-tres-bon-debut-de-saison-mais-je-reste-calme\/","og_locale":"fr_FR","og_type":"article","og_title":"Filipe Luis : \u00ab&nbsp;C\u2019est un tr\u00e8s bon d\u00e9but de saison mais je reste calme&nbsp;\u00bb - La Diagonale","og_description":"L\u2019AS Monaco a r\u00e9alis\u00e9 une performance majeure en s\u2019imposant, vendredi, sur la pelouse du Paris Saint-Germain (2-1). Filipe Luis n\u2019a toujours pas connu la d\u00e9faite en comp\u00e9tition depuis son arriv\u00e9e sur le Rocher et il est forc\u00e9ment ravi de \u00e7a. Pour autant, le Br\u00e9silien ne c\u00e8de pas \u00e0 l\u2019emballement : \u00ab\u00a0C&rsquo;est un tr\u00e8s bon d\u00e9but [...]","og_url":"https:\/\/www.ladiagonale.net\/index.php\/2026\/09\/05\/filipe-luis-cest-un-tres-bon-debut-de-saison-mais-je-reste-calme\/","og_site_name":"La Diagonale","article_published_time":"2026-09-05T11:06:25+00:00","og_image":[{"width":1160,"height":650,"url":"https:\/\/www.ladiagonale.net\/wp-content\/uploads\/2026\/08\/Filipe-Luis-OM-1.png","type":"image\/png"}],"author":"Damien Dellerba","twitter_card":"summary_large_image","twitter_image":"https:\/\/www.ladiagonale.net\/wp-content\/uploads\/2026\/08\/Filipe-Luis-OM-1.png","twitter_misc":{"\u00c9crit par":"Damien Dellerba","Dur\u00e9e de lecture estim\u00e9e":"4 minutes"},"schema":{"@context":"https:\/\/schema.org","@graph":[{"@type":"WebPage","@id":"https:\/\/www.ladiagonale.net\/index.php\/2026\/09\/05\/filipe-luis-cest-un-tres-bon-debut-de-saison-mais-je-reste-calme\/","url":"https:\/\/www.ladiagonale.net\/index.php\/2026\/09\/05\/filipe-luis-cest-un-tres-bon-debut-de-saison-mais-je-reste-calme\/","name":"Filipe Luis : \u00ab&nbsp;C\u2019est un tr\u00e8s bon d\u00e9but de saison mais je reste calme&nbsp;\u00bb - La Diagonale","isPartOf":{"@id":"https:\/\/www.ladiagonale.net\/#website"},"datePublished":"2026-09-05T11:06:25+00:00","dateModified":"2026-09-05T11:06:25+00:00","author":{"@id":"https:\/\/www.ladiagonale.net\/#\/schema\/person\/79ff1e7b0853ed01b2aa26e64ad300bf"},"breadcrumb":{"@id":"https:\/\/www.ladiagonale.net\/index.php\/2026\/09\/05\/filipe-luis-cest-un-tres-bon-debut-de-saison-mais-je-reste-calme\/#breadcrumb"},"inLanguage":"fr-FR","potentialAction":[{"@type":"ReadAction","target":["https:\/\/www.ladiagonale.net\/index.php\/2026\/09\/05\/filipe-luis-cest-un-tres-bon-debut-de-saison-mais-je-reste-calme\/"]}]},{"@type":"BreadcrumbList","@id":"https:\/\/www.ladiagonale.net\/index.php\/2026\/09\/05\/filipe-luis-cest-un-tres-bon-debut-de-saison-mais-je-reste-calme\/#breadcrumb","itemListElement":[{"@type":"ListItem","position":1,"name":"Accueil","item":"https:\/\/www.ladiagonale.net\/"},{"@type":"ListItem","position":2,"name":"Filipe Luis : \u00ab&nbsp;C\u2019est un tr\u00e8s bon d\u00e9but de saison mais je reste calme&nbsp;\u00bb"}]},{"@type":"WebSite","@id":"https:\/\/www.ladiagonale.net\/#website","url":"https:\/\/www.ladiagonale.net\/","name":"La Diagonale","description":"Le site des supporters de l&#039;AS Monaco FC","potentialAction":[{"@type":"SearchAction","target":{"@type":"EntryPoint","urlTemplate":"https:\/\/www.ladiagonale.net\/?s={search_term_string}"},"query-input":"required name=search_term_string"}],"inLanguage":"fr-FR"},{"@type":"Person","@id":"https:\/\/www.ladiagonale.net\/#\/schema\/person\/79ff1e7b0853ed01b2aa26e64ad300bf","name":"Damien Dellerba","image":{"@type":"ImageObject","inLanguage":"fr-FR","@id":"https:\/\/www.ladiagonale.net\/#\/schema\/person\/image\/","url":"https:\/\/secure.gravatar.com\/avatar\/c7850e06d3ff63cdbaee88b7fc16e2f0?s=96&d=mm&r=g","contentUrl":"https:\/\/secure.gravatar.com\/avatar\/c7850e06d3ff63cdbaee88b7fc16e2f0?s=96&d=mm&r=g","caption":"Damien Dellerba"},"url":"https:\/\/www.ladiagonale.net\/index.php\/author\/damien\/"}]}},"_links":{"self":[{"href":"https:\/\/www.ladiagonale.net\/index.php\/wp-json\/wp\/v2\/posts\/40681"}],"collection":[{"href":"https:\/\/www.ladiagonale.net\/index.php\/wp-json\/wp\/v2\/posts"}],"about":[{"href":"https:\/\/www.ladiagonale.net\/index.php\/wp-json\/wp\/v2\/types\/post"}],"author":[{"embeddable":true,"href":"https:\/\/www.ladiagonale.net\/index.php\/wp-json\/wp\/v2\/users\/2"}],"replies":[{"embeddable":true,"href":"https:\/\/www.ladiagonale.net\/index.php\/wp-json\/wp\/v2\/comments?post=40681"}],"version-history":[{"count":1,"href":"https:\/\/www.ladiagonale.net\/index.php\/wp-json\/wp\/v2\/posts\/40681\/revisions"}],"predecessor-version":[{"id":40685,"href":"https:\/\/www.ladiagonale.net\/index.php\/wp-json\/wp\/v2\/posts\/40681\/revisions\/40685"}],"wp:attachment":[{"href":"https:\/\/www.ladiagonale.net\/index.php\/wp-json\/wp\/v2\/media?parent=40681"}],"wp:term":[{"taxonomy":"category","embeddable":true,"href":"https:\/\/www.ladiagonale.net\/index.php\/wp-json\/wp\/v2\/categories?post=40681"},{"taxonomy":"post_tag","embeddable":true,"href":"https:\/\/www.ladiagonale.net\/index.php\/wp-json\/wp\/v2\/tags?post=40681"}],"curies":[{"name":"wp","href":"https:\/\/api.w.org\/{rel}","templated":true}]}}