{"id":40686,"date":"2026-09-05T13:43:42","date_gmt":"2026-09-05T11:43:42","guid":{"rendered":"https:\/\/www.ladiagonale.net\/?p=40686"},"modified":"2026-09-05T13:43:43","modified_gmt":"2026-09-05T11:43:43","slug":"les-notes-de-paris-sg-monaco","status":"publish","type":"post","link":"https:\/\/www.ladiagonale.net\/index.php\/2026\/09\/05\/les-notes-de-paris-sg-monaco\/","title":{"rendered":"Les notes de Paris SG &#8211; Monaco"},"content":{"rendered":"\n\n\n<p><strong>L&rsquo;AS Monaco a r\u00e9alis\u00e9 un tr\u00e8s gros coup en battant le PSG \u00e0 l&rsquo;ext\u00e9rieur (2-1). Domin\u00e9s, les Mon\u00e9gasques ont montr\u00e9 du r\u00e9pondant pour inverser la tendance et ont \u00e9t\u00e9 solides d\u00e9fensivement.<\/strong><\/p>\n\n\n\n<h4 class=\"wp-block-heading has-white-color has-text-color has-background\" style=\"background-color:#294a29\">TOPS<\/h4>\n\n\n\n<div class=\"wp-block-media-text alignwide is-stacked-on-mobile\" style=\"grid-template-columns:35% auto\"><figure class=\"wp-block-media-text__media\"><img loading=\"lazy\" width=\"400\" height=\"400\" src=\"https:\/\/www.ladiagonale.net\/wp-content\/uploads\/2026\/09\/Hradecky8.png\" alt=\"\" class=\"wp-image-40687 size-full\" srcset=\"https:\/\/www.ladiagonale.net\/wp-content\/uploads\/2026\/09\/Hradecky8.png 400w, https:\/\/www.ladiagonale.net\/wp-content\/uploads\/2026\/09\/Hradecky8-300x300.png 300w, https:\/\/www.ladiagonale.net\/wp-content\/uploads\/2026\/09\/Hradecky8-150x150.png 150w, https:\/\/www.ladiagonale.net\/wp-content\/uploads\/2026\/09\/Hradecky8-128x128.png 128w, https:\/\/www.ladiagonale.net\/wp-content\/uploads\/2026\/09\/Hradecky8-32x32.png 32w\" sizes=\"(max-width: 400px) 100vw, 400px\" \/><\/figure><div class=\"wp-block-media-text__content\">\n<p style=\"font-size:16px\"><strong>Lukas Hradecky<\/strong><\/p>\n\n\n\n<p style=\"font-size:15px\">Apr\u00e8s plusieurs rencontres pass\u00e9es sans \u00eatre r\u00e9ellement inqui\u00e9t\u00e9, le Finlandais a cette fois d\u00fb s\u2019employer. Et il ne l\u2019a pas fait \u00e0 moiti\u00e9, avec neuf arr\u00eats au total. Dou\u00e9 lui a chauff\u00e9 deux fois les gants en d\u00e9but de partie (8<sup>e<\/sup>, 12<sup>e<\/sup>), mais il a fini par encaisser son premier but en Championnat, battu de pr\u00e8s par Marquinhos (31<sup>e<\/sup>). Le gardien mon\u00e9gasque n\u2019a pas \u00e9t\u00e9 perturb\u00e9 par cette p\u00e9rip\u00e9tie et il a repris sa marche en avant avec ma\u00eetrise. \u00c0 l\u2019exception d\u2019une lourde frappe d\u2019Hakimi qu\u2019il n\u2019a pas r\u00e9ussi \u00e0 capter (65<sup>e<\/sup>), il a \u00e9t\u00e9 impeccable sur les autres situations comme sur sa parade finale main oppos\u00e9e sur la frappe de Demb\u00e9l\u00e9 (90e+5).<\/p>\n<\/div><\/div>\n\n\n\n<div style=\"height:40px\" aria-hidden=\"true\" class=\"wp-block-spacer\"><\/div>\n\n\n\n<div class=\"wp-block-media-text alignwide is-stacked-on-mobile\" style=\"grid-template-columns:35% auto\"><figure class=\"wp-block-media-text__media\"><img loading=\"lazy\" width=\"400\" height=\"400\" src=\"https:\/\/www.ladiagonale.net\/wp-content\/uploads\/2026\/08\/Sane\u03017.png\" alt=\"\" class=\"wp-image-40465 size-full\" srcset=\"https:\/\/www.ladiagonale.net\/wp-content\/uploads\/2026\/08\/Sane\u03017.png 400w, https:\/\/www.ladiagonale.net\/wp-content\/uploads\/2026\/08\/Sane\u03017-300x300.png 300w, https:\/\/www.ladiagonale.net\/wp-content\/uploads\/2026\/08\/Sane\u03017-150x150.png 150w, https:\/\/www.ladiagonale.net\/wp-content\/uploads\/2026\/08\/Sane\u03017-128x128.png 128w, https:\/\/www.ladiagonale.net\/wp-content\/uploads\/2026\/08\/Sane\u03017-32x32.png 32w\" sizes=\"(max-width: 400px) 100vw, 400px\" \/><\/figure><div class=\"wp-block-media-text__content\">\n<p style=\"font-size:16px\"><strong>Sadibou San\u00e9<\/strong><\/p>\n\n\n\n<p style=\"font-size:15px\">Le S\u00e9n\u00e9galais a fait un vrai gros match face au PSG et est en train de montrer pourquoi l\u2019ASM avait raison de lui faire confiance. Il a rarement \u00e9t\u00e9 pris \u00e0 d\u00e9faut dans son dos, n\u2019a pas laiss\u00e9 un adversaire profiter de la profondeur et il a d\u00e9montr\u00e9 un vrai bon sens de l\u2019anticipation, faisant en plus parler sa vitesse. Sur la plupart des situations chaudes parisiennes, c\u2019\u00e9tait lui qui \u00e9tait plac\u00e9 pour repousser les ballons, que ce soit de la t\u00eate ou du pied.<\/p>\n<\/div><\/div>\n\n\n\n<div style=\"height:40px\" aria-hidden=\"true\" class=\"wp-block-spacer\"><\/div>\n\n\n\n<div class=\"wp-block-media-text alignwide is-stacked-on-mobile\" style=\"grid-template-columns:35% auto\"><figure class=\"wp-block-media-text__media\"><img loading=\"lazy\" width=\"400\" height=\"400\" src=\"https:\/\/www.ladiagonale.net\/wp-content\/uploads\/2026\/09\/Zakaria7.png\" alt=\"\" class=\"wp-image-40688 size-full\" srcset=\"https:\/\/www.ladiagonale.net\/wp-content\/uploads\/2026\/09\/Zakaria7.png 400w, https:\/\/www.ladiagonale.net\/wp-content\/uploads\/2026\/09\/Zakaria7-300x300.png 300w, https:\/\/www.ladiagonale.net\/wp-content\/uploads\/2026\/09\/Zakaria7-150x150.png 150w, https:\/\/www.ladiagonale.net\/wp-content\/uploads\/2026\/09\/Zakaria7-128x128.png 128w, https:\/\/www.ladiagonale.net\/wp-content\/uploads\/2026\/09\/Zakaria7-32x32.png 32w\" sizes=\"(max-width: 400px) 100vw, 400px\" \/><\/figure><div class=\"wp-block-media-text__content\">\n<p style=\"font-size:16px\"><strong>Denis Zakaria<\/strong><\/p>\n\n\n\n<p style=\"font-size:15px\">Malgr\u00e9 une pr\u00e9paration tronqu\u00e9e, le capitaine encha\u00eene les matches en ce d\u00e9but de saison, et sans creux. Il a encore eu une pr\u00e9sence rassurante dans l\u2019entrejeu, souvent bien plac\u00e9 pour r\u00e9cup\u00e9rer les ballons et intercepter certaines passes parisiennes. Il a souvent calm\u00e9 l\u2019\u00e9quipe. Son raid \u00e0 l&rsquo;amorce du dernier quart d&rsquo;heure, pour percer le bloc parisien, a fait toute la diff\u00e9rence et amen\u00e9 le but d&rsquo;Idumbo.<\/p>\n<\/div><\/div>\n\n\n\n<div style=\"height:40px\" aria-hidden=\"true\" class=\"wp-block-spacer\"><\/div>\n\n\n\n<div class=\"wp-block-media-text alignwide is-stacked-on-mobile\" style=\"grid-template-columns:35% auto\"><figure class=\"wp-block-media-text__media\"><img loading=\"lazy\" width=\"400\" height=\"400\" src=\"https:\/\/www.ladiagonale.net\/wp-content\/uploads\/2026\/09\/Nazinho7.png\" alt=\"\" class=\"wp-image-40689 size-full\" srcset=\"https:\/\/www.ladiagonale.net\/wp-content\/uploads\/2026\/09\/Nazinho7.png 400w, https:\/\/www.ladiagonale.net\/wp-content\/uploads\/2026\/09\/Nazinho7-300x300.png 300w, https:\/\/www.ladiagonale.net\/wp-content\/uploads\/2026\/09\/Nazinho7-150x150.png 150w, https:\/\/www.ladiagonale.net\/wp-content\/uploads\/2026\/09\/Nazinho7-128x128.png 128w, https:\/\/www.ladiagonale.net\/wp-content\/uploads\/2026\/09\/Nazinho7-32x32.png 32w\" sizes=\"(max-width: 400px) 100vw, 400px\" \/><\/figure><div class=\"wp-block-media-text__content\">\n<p style=\"font-size:16px\"><strong>Flavio Nazinho<\/strong><\/p>\n\n\n\n<p style=\"font-size:15px\">Une boule d\u2019\u00e9nergie que le PSG a eu beaucoup de mal \u00e0 cadrer. Auteur de deux passes d\u00e9cisives depuis le d\u00e9but de la saison, le lat\u00e9ral portugais a inscrit son premier but avec l\u2019ASM. Il a \u00e9t\u00e9 un peu pris \u00e0 d\u00e9faut sur le d\u00e9placement en diagonale de Marquinhos sur le but mais sa rencontre a \u00e9t\u00e9 vraiment int\u00e9ressante sur d\u2019autres aspects. D\u2019abord parce que d\u00e9fensivement il ne s\u2019est jamais d\u00e9suni et a \u00e9t\u00e9 globalement solide, mais surtout parce qu\u2019il apporte quelque chose diff\u00e9rent offensivement. Il ne longe pas la ligne mais vient dans le c\u0153ur du jeu et am\u00e8ne souvent le surnombre.<\/p>\n<\/div><\/div>\n\n\n\n<div style=\"height:40px\" aria-hidden=\"true\" class=\"wp-block-spacer\"><\/div>\n\n\n\n<div class=\"wp-block-media-text alignwide is-stacked-on-mobile\" style=\"grid-template-columns:35% auto\"><figure class=\"wp-block-media-text__media\"><img loading=\"lazy\" width=\"400\" height=\"400\" src=\"https:\/\/www.ladiagonale.net\/wp-content\/uploads\/2026\/09\/Filipe-Luis-8.png\" alt=\"\" class=\"wp-image-40691 size-full\" srcset=\"https:\/\/www.ladiagonale.net\/wp-content\/uploads\/2026\/09\/Filipe-Luis-8.png 400w, https:\/\/www.ladiagonale.net\/wp-content\/uploads\/2026\/09\/Filipe-Luis-8-300x300.png 300w, https:\/\/www.ladiagonale.net\/wp-content\/uploads\/2026\/09\/Filipe-Luis-8-150x150.png 150w, https:\/\/www.ladiagonale.net\/wp-content\/uploads\/2026\/09\/Filipe-Luis-8-128x128.png 128w, https:\/\/www.ladiagonale.net\/wp-content\/uploads\/2026\/09\/Filipe-Luis-8-32x32.png 32w\" sizes=\"(max-width: 400px) 100vw, 400px\" \/><\/figure><div class=\"wp-block-media-text__content\">\n<p style=\"font-size:16px\"><strong>Filipe Luis<\/strong><\/p>\n\n\n\n<p style=\"font-size:15px\">Quel calme et quelle ma\u00eetrise de la part de Filipe Luis. Pour la premi\u00e8re fois de la saison, son \u00e9quipe a conc\u00e9d\u00e9 l&rsquo;ouverture du score mais il ne s&rsquo;est jamais trouv\u00e9 d\u00e9sempar\u00e9 par la situation. Ses ajustements en seconde p\u00e9riode ont permis \u00e0 l&rsquo;ASM de renverser la situation. D\u00e9fensivement, son \u00e9quipe est vraiment tr\u00e8s forte. Certes Hradecky a fait plusieurs arr\u00eats pour tenir le score, mais elle a d\u00e9gag\u00e9 une vraie force collective. <\/p>\n<\/div><\/div>\n\n\n\n<div style=\"height:40px\" aria-hidden=\"true\" class=\"wp-block-spacer\"><\/div>\n\n\n\n<h4 class=\"wp-block-heading has-white-color has-text-color has-background\" style=\"background-color:#763934\">FLOPS<\/h4>\n\n\n\n<div class=\"wp-block-media-text alignwide is-stacked-on-mobile\" style=\"grid-template-columns:34% auto\"><figure class=\"wp-block-media-text__media\"><img loading=\"lazy\" width=\"400\" height=\"400\" src=\"https:\/\/www.ladiagonale.net\/wp-content\/uploads\/2026\/09\/Brunner4.png\" alt=\"\" class=\"wp-image-40690 size-full\" srcset=\"https:\/\/www.ladiagonale.net\/wp-content\/uploads\/2026\/09\/Brunner4.png 400w, https:\/\/www.ladiagonale.net\/wp-content\/uploads\/2026\/09\/Brunner4-300x300.png 300w, https:\/\/www.ladiagonale.net\/wp-content\/uploads\/2026\/09\/Brunner4-150x150.png 150w, https:\/\/www.ladiagonale.net\/wp-content\/uploads\/2026\/09\/Brunner4-128x128.png 128w, https:\/\/www.ladiagonale.net\/wp-content\/uploads\/2026\/09\/Brunner4-32x32.png 32w\" sizes=\"(max-width: 400px) 100vw, 400px\" \/><\/figure><div class=\"wp-block-media-text__content\">\n<p style=\"font-size:16px\"><strong>Paris Brunner<\/strong><\/p>\n\n\n\n<p style=\"font-size:15px\">Il ne sera pas oppos\u00e9 \u00e0 Kondogbia tous les week-ends. Face \u00e0 Pacho, un des meilleurs d\u00e9fenseurs au monde, rugueux \u00e0 souhait et dominant dans la dimension physique, il a eu plus de mal \u00e0 exister. Pour autant, il n&rsquo;a pas \u00e9vit\u00e9 la confrontation et parfois r\u00e9ussi \u00e0 remuer l&rsquo;\u00c9quatorien. Malgr\u00e9 tout, son jeu dos au but n&rsquo;a pas permis \u00e0 l&rsquo;ASM de garder les ballons pour remonter le bloc, et il a souvent p\u00e9ch\u00e9 par exc\u00e8s d&rsquo;individualisme et fait des mauvais choix.<\/p>\n<\/div><\/div>\n\n\n\n<div style=\"height:40px\" aria-hidden=\"true\" class=\"wp-block-spacer\"><\/div>\n\n\n\n<div class=\"wp-block-media-text alignwide is-stacked-on-mobile\" style=\"grid-template-columns:34% auto\"><figure class=\"wp-block-media-text__media\"><img loading=\"lazy\" width=\"400\" height=\"400\" src=\"https:\/\/www.ladiagonale.net\/wp-content\/uploads\/2026\/08\/Vanderson4.png\" alt=\"\" class=\"wp-image-40165 size-full\" srcset=\"https:\/\/www.ladiagonale.net\/wp-content\/uploads\/2026\/08\/Vanderson4.png 400w, https:\/\/www.ladiagonale.net\/wp-content\/uploads\/2026\/08\/Vanderson4-300x300.png 300w, https:\/\/www.ladiagonale.net\/wp-content\/uploads\/2026\/08\/Vanderson4-150x150.png 150w, https:\/\/www.ladiagonale.net\/wp-content\/uploads\/2026\/08\/Vanderson4-128x128.png 128w, https:\/\/www.ladiagonale.net\/wp-content\/uploads\/2026\/08\/Vanderson4-32x32.png 32w\" sizes=\"(max-width: 400px) 100vw, 400px\" \/><\/figure><div class=\"wp-block-media-text__content\">\n<p style=\"font-size:16px\"><strong>Vanderson<\/strong><\/p>\n\n\n\n<p style=\"font-size:15px\">Le lat\u00e9ral br\u00e9silien s\u2019est voulu appliqu\u00e9 d\u00e9fensivement, mais on n\u2019a pas senti chez lui le mordant de ses pr\u00e9c\u00e9dentes sorties. Il n\u2019a pas si mal d\u00e9fendu sur plusieurs situations, mais \u00e0 mesure que le bloc mon\u00e9gasque a recul\u00e9, Kvara a progressivement pris le dessus sur lui. Sur le but, il se montre trop passif sur le d\u00e9calage. Offensivement, il a eu peu d\u2019occasions de se projeter mais il n\u2019a pas \u00e9t\u00e9 non plus bien jou\u00e9 le coup \u00e0 la demi-heure, en ratant son contr\u00f4le. Remplac\u00e9 par <strong>Teze<\/strong> (52<sup>e<\/sup>), passeur d\u00e9cisif.<\/p>\n<\/div><\/div>\n\n\n\n<div style=\"height:40px\" aria-hidden=\"true\" class=\"wp-block-spacer\"><\/div>\n\n\n\n<h4 class=\"wp-block-heading has-white-color has-text-color has-background\" style=\"background-color:#303030\">Les autres notes<\/h4>\n\n\n\n<p><strong>Eric Dier : 6\/10<\/strong><\/p>\n\n\n\n<p>Contrairement \u00e0 San\u00e9, qui n\u2019a jamais h\u00e9sit\u00e9 \u00e0 aller chasser haut, le d\u00e9fenseur anglais a eu tendance \u00e0 \u00eatre un peu plus sur le reculoir, et cela s\u2019est encore plus senti quand l\u2019ASM a press\u00e9 moins haut. Sur le but parisien, il se fait d\u2019ailleurs prendre de vitesse sur une courte distance. Mais il s\u2019est ensuite bien repris et a bien dirig\u00e9 la d\u00e9fense. Pr\u00e9cieux en fin de match pour d\u00e9gager des ballons.<\/p>\n\n\n\n<p><strong>Lamine Camara : 6\/10<\/strong><\/p>\n\n\n\n<p>Si le milieu de terrain \u00e9tait perturb\u00e9 par son transfert avort\u00e9 du c\u00f4t\u00e9 de Chelsea, il n\u2019en a rien montr\u00e9. L\u2019ancien Messin a \u00e9t\u00e9 dans le ton, avec beaucoup de duels disput\u00e9s et six ballons r\u00e9cup\u00e9r\u00e9s (record de l\u2019\u00e9quipe). Il a certes parfois eu du d\u00e9chet, mais quand il a r\u00e9ussi \u00e0 mettre le pied sur le ballon et \u00e0 les ressortir proprement, il a fait beaucoup de bien \u00e0 l\u2019ASM.<\/p>\n\n\n\n<p><strong>Mamadou Coulibaly : 5\/10<\/strong><\/p>\n\n\n\n<p>Le milieu joue souvent avec nos nerfs. Sa volont\u00e9 n\u2019est jamais en cause, car il est souvent l\u2019un des plus actifs sur le terrain et pr\u00e9cieux par ses retours d\u00e9fensifs. Dans une configuration o\u00f9 l\u2019ASM a \u00e9t\u00e9 contrainte de beaucoup d\u00e9fendre, il a charbonn\u00e9 et a fait beaucoup de bien. Mais ce poste de milieu droit lui demande quelque chose de plus, pas forc\u00e9ment dans son registre. Et c\u2019est l\u00e0 qu\u2019il devient frustrant, car il g\u00e2che \u00e9norm\u00e9ment tout ou presque.<\/p>\n\n\n\n<p><strong>Aleksandr Golovin : 5\/10<\/strong><\/p>\n\n\n\n<p>Une passe d\u00e9cisive pour Idumbo, apr\u00e8s le gros travail de Zakaria. Mais il est difficile de sortir beaucoup de positif de sa prestation. Certes, il s&rsquo;est montr\u00e9 important dans le pressing et le travail d\u00e9fensif, mais il n&rsquo;a que tr\u00e8s peu pes\u00e9 sur l&rsquo;animation de son \u00e9quipe.<\/p>\n\n\n\n<p><strong>Stanis Idumbo : 6\/10<\/strong><\/p>\n\n\n\n<p>Un sacr\u00e9 but pour sa premi\u00e8re r\u00e9alisation de la saison, capable de semer Marquinhos sur quelques m\u00e8tres \u00e0 peine, et qui donne la victoire \u00e0 l&rsquo;ASM. Un but qui change forc\u00e9ment le destin de cette rencontre, forc\u00e9ment, et un peu la perception de sa prestation. Il a \u00e9t\u00e9 tr\u00e8s appliqu\u00e9 d\u00e9fensivement, et c&rsquo;est la raison pour laquelle Filipe Luis lui fait confiance. Offensivement, il avait \u00e9t\u00e9 jusque-l\u00e0 frustrant, avec notamment une passe totalement rat\u00e9e (36<sup>e<\/sup>).<\/p>\n\n\n<div class=\"wp-block-image\">\n<figure class=\"aligncenter size-large\"><img loading=\"lazy\" width=\"660\" height=\"1024\" src=\"https:\/\/www.ladiagonale.net\/wp-content\/uploads\/2026\/09\/IMG_9648-660x1024.jpg\" alt=\"\" class=\"wp-image-40694\" srcset=\"https:\/\/www.ladiagonale.net\/wp-content\/uploads\/2026\/09\/IMG_9648-660x1024.jpg 660w, https:\/\/www.ladiagonale.net\/wp-content\/uploads\/2026\/09\/IMG_9648-193x300.jpg 193w, https:\/\/www.ladiagonale.net\/wp-content\/uploads\/2026\/09\/IMG_9648-82x128.jpg 82w, https:\/\/www.ladiagonale.net\/wp-content\/uploads\/2026\/09\/IMG_9648-21x32.jpg 21w, https:\/\/www.ladiagonale.net\/wp-content\/uploads\/2026\/09\/IMG_9648.jpg 750w\" sizes=\"(max-width: 660px) 100vw, 660px\" \/><\/figure><\/div>\n\n\n<p><\/p>\n","protected":false},"excerpt":{"rendered":"<p>L&rsquo;AS Monaco a r\u00e9alis\u00e9 un tr\u00e8s gros coup en battant le PSG \u00e0 l&rsquo;ext\u00e9rieur (2-1). Domin\u00e9s, les Mon\u00e9gasques ont montr\u00e9 du r\u00e9pondant pour inverser la tendance et ont \u00e9t\u00e9 solides d\u00e9fensivement. TOPS Lukas Hradecky Apr\u00e8s plusieurs rencontres pass\u00e9es sans \u00eatre r\u00e9ellement inqui\u00e9t\u00e9, le Finlandais a cette fois d\u00fb s\u2019employer. Et il ne l\u2019a pas fait [&#8230;]\n","protected":false},"author":2,"featured_media":40692,"comment_status":"open","ping_status":"open","sticky":false,"template":"","format":"standard","meta":[],"categories":[5,6,1000],"tags":[86,94,1094,248,720],"yoast_head":"<!-- This site is optimized with the Yoast SEO plugin v19.8 - https:\/\/yoast.com\/wordpress\/plugins\/seo\/ -->\n<title>Les notes de Paris SG - Monaco - La Diagonale<\/title>\n<meta name=\"robots\" content=\"index, follow, max-snippet:-1, max-image-preview:large, max-video-preview:-1\" \/>\n<link rel=\"canonical\" href=\"https:\/\/www.ladiagonale.net\/index.php\/2026\/09\/05\/les-notes-de-paris-sg-monaco\/\" \/>\n<meta property=\"og:locale\" content=\"fr_FR\" \/>\n<meta property=\"og:type\" content=\"article\" \/>\n<meta property=\"og:title\" content=\"Les notes de Paris SG - Monaco - La Diagonale\" \/>\n<meta property=\"og:description\" content=\"L&rsquo;AS Monaco a r\u00e9alis\u00e9 un tr\u00e8s gros coup en battant le PSG \u00e0 l&rsquo;ext\u00e9rieur (2-1). Domin\u00e9s, les Mon\u00e9gasques ont montr\u00e9 du r\u00e9pondant pour inverser la tendance et ont \u00e9t\u00e9 solides d\u00e9fensivement. TOPS Lukas Hradecky Apr\u00e8s plusieurs rencontres pass\u00e9es sans \u00eatre r\u00e9ellement inqui\u00e9t\u00e9, le Finlandais a cette fois d\u00fb s\u2019employer. Et il ne l\u2019a pas fait [...]\" \/>\n<meta property=\"og:url\" content=\"https:\/\/www.ladiagonale.net\/index.php\/2026\/09\/05\/les-notes-de-paris-sg-monaco\/\" \/>\n<meta property=\"og:site_name\" content=\"La Diagonale\" \/>\n<meta property=\"article:published_time\" content=\"2026-09-05T11:43:42+00:00\" \/>\n<meta property=\"article:modified_time\" content=\"2026-09-05T11:43:43+00:00\" \/>\n<meta property=\"og:image\" content=\"https:\/\/www.ladiagonale.net\/wp-content\/uploads\/2026\/09\/PSG.png\" \/>\n\t<meta property=\"og:image:width\" content=\"800\" \/>\n\t<meta property=\"og:image:height\" content=\"500\" \/>\n\t<meta property=\"og:image:type\" content=\"image\/png\" \/>\n<meta name=\"author\" content=\"Damien Dellerba\" \/>\n<meta name=\"twitter:card\" content=\"summary_large_image\" \/>\n<meta name=\"twitter:image\" content=\"https:\/\/www.ladiagonale.net\/wp-content\/uploads\/2026\/09\/PSG.png\" \/>\n<meta name=\"twitter:label1\" content=\"\u00c9crit par\" \/>\n\t<meta name=\"twitter:data1\" content=\"Damien Dellerba\" \/>\n\t<meta name=\"twitter:label2\" content=\"Dur\u00e9e de lecture estim\u00e9e\" \/>\n\t<meta name=\"twitter:data2\" content=\"7 minutes\" \/>\n<script type=\"application\/ld+json\" class=\"yoast-schema-graph\">{\"@context\":\"https:\/\/schema.org\",\"@graph\":[{\"@type\":\"WebPage\",\"@id\":\"https:\/\/www.ladiagonale.net\/index.php\/2026\/09\/05\/les-notes-de-paris-sg-monaco\/\",\"url\":\"https:\/\/www.ladiagonale.net\/index.php\/2026\/09\/05\/les-notes-de-paris-sg-monaco\/\",\"name\":\"Les notes de Paris SG - Monaco - La Diagonale\",\"isPartOf\":{\"@id\":\"https:\/\/www.ladiagonale.net\/#website\"},\"datePublished\":\"2026-09-05T11:43:42+00:00\",\"dateModified\":\"2026-09-05T11:43:43+00:00\",\"author\":{\"@id\":\"https:\/\/www.ladiagonale.net\/#\/schema\/person\/79ff1e7b0853ed01b2aa26e64ad300bf\"},\"breadcrumb\":{\"@id\":\"https:\/\/www.ladiagonale.net\/index.php\/2026\/09\/05\/les-notes-de-paris-sg-monaco\/#breadcrumb\"},\"inLanguage\":\"fr-FR\",\"potentialAction\":[{\"@type\":\"ReadAction\",\"target\":[\"https:\/\/www.ladiagonale.net\/index.php\/2026\/09\/05\/les-notes-de-paris-sg-monaco\/\"]}]},{\"@type\":\"BreadcrumbList\",\"@id\":\"https:\/\/www.ladiagonale.net\/index.php\/2026\/09\/05\/les-notes-de-paris-sg-monaco\/#breadcrumb\",\"itemListElement\":[{\"@type\":\"ListItem\",\"position\":1,\"name\":\"Accueil\",\"item\":\"https:\/\/www.ladiagonale.net\/\"},{\"@type\":\"ListItem\",\"position\":2,\"name\":\"Les notes de Paris SG &#8211; Monaco\"}]},{\"@type\":\"WebSite\",\"@id\":\"https:\/\/www.ladiagonale.net\/#website\",\"url\":\"https:\/\/www.ladiagonale.net\/\",\"name\":\"La Diagonale\",\"description\":\"Le site des supporters de l&#039;AS Monaco FC\",\"potentialAction\":[{\"@type\":\"SearchAction\",\"target\":{\"@type\":\"EntryPoint\",\"urlTemplate\":\"https:\/\/www.ladiagonale.net\/?s={search_term_string}\"},\"query-input\":\"required name=search_term_string\"}],\"inLanguage\":\"fr-FR\"},{\"@type\":\"Person\",\"@id\":\"https:\/\/www.ladiagonale.net\/#\/schema\/person\/79ff1e7b0853ed01b2aa26e64ad300bf\",\"name\":\"Damien Dellerba\",\"image\":{\"@type\":\"ImageObject\",\"inLanguage\":\"fr-FR\",\"@id\":\"https:\/\/www.ladiagonale.net\/#\/schema\/person\/image\/\",\"url\":\"https:\/\/secure.gravatar.com\/avatar\/c7850e06d3ff63cdbaee88b7fc16e2f0?s=96&d=mm&r=g\",\"contentUrl\":\"https:\/\/secure.gravatar.com\/avatar\/c7850e06d3ff63cdbaee88b7fc16e2f0?s=96&d=mm&r=g\",\"caption\":\"Damien Dellerba\"},\"url\":\"https:\/\/www.ladiagonale.net\/index.php\/author\/damien\/\"}]}<\/script>\n<!-- \/ Yoast SEO plugin. -->","yoast_head_json":{"title":"Les notes de Paris SG - Monaco - La Diagonale","robots":{"index":"index","follow":"follow","max-snippet":"max-snippet:-1","max-image-preview":"max-image-preview:large","max-video-preview":"max-video-preview:-1"},"canonical":"https:\/\/www.ladiagonale.net\/index.php\/2026\/09\/05\/les-notes-de-paris-sg-monaco\/","og_locale":"fr_FR","og_type":"article","og_title":"Les notes de Paris SG - Monaco - La Diagonale","og_description":"L&rsquo;AS Monaco a r\u00e9alis\u00e9 un tr\u00e8s gros coup en battant le PSG \u00e0 l&rsquo;ext\u00e9rieur (2-1). Domin\u00e9s, les Mon\u00e9gasques ont montr\u00e9 du r\u00e9pondant pour inverser la tendance et ont \u00e9t\u00e9 solides d\u00e9fensivement. TOPS Lukas Hradecky Apr\u00e8s plusieurs rencontres pass\u00e9es sans \u00eatre r\u00e9ellement inqui\u00e9t\u00e9, le Finlandais a cette fois d\u00fb s\u2019employer. Et il ne l\u2019a pas fait [...]","og_url":"https:\/\/www.ladiagonale.net\/index.php\/2026\/09\/05\/les-notes-de-paris-sg-monaco\/","og_site_name":"La Diagonale","article_published_time":"2026-09-05T11:43:42+00:00","article_modified_time":"2026-09-05T11:43:43+00:00","og_image":[{"width":800,"height":500,"url":"https:\/\/www.ladiagonale.net\/wp-content\/uploads\/2026\/09\/PSG.png","type":"image\/png"}],"author":"Damien Dellerba","twitter_card":"summary_large_image","twitter_image":"https:\/\/www.ladiagonale.net\/wp-content\/uploads\/2026\/09\/PSG.png","twitter_misc":{"\u00c9crit par":"Damien Dellerba","Dur\u00e9e de lecture estim\u00e9e":"7 minutes"},"schema":{"@context":"https:\/\/schema.org","@graph":[{"@type":"WebPage","@id":"https:\/\/www.ladiagonale.net\/index.php\/2026\/09\/05\/les-notes-de-paris-sg-monaco\/","url":"https:\/\/www.ladiagonale.net\/index.php\/2026\/09\/05\/les-notes-de-paris-sg-monaco\/","name":"Les notes de Paris SG - Monaco - La Diagonale","isPartOf":{"@id":"https:\/\/www.ladiagonale.net\/#website"},"datePublished":"2026-09-05T11:43:42+00:00","dateModified":"2026-09-05T11:43:43+00:00","author":{"@id":"https:\/\/www.ladiagonale.net\/#\/schema\/person\/79ff1e7b0853ed01b2aa26e64ad300bf"},"breadcrumb":{"@id":"https:\/\/www.ladiagonale.net\/index.php\/2026\/09\/05\/les-notes-de-paris-sg-monaco\/#breadcrumb"},"inLanguage":"fr-FR","potentialAction":[{"@type":"ReadAction","target":["https:\/\/www.ladiagonale.net\/index.php\/2026\/09\/05\/les-notes-de-paris-sg-monaco\/"]}]},{"@type":"BreadcrumbList","@id":"https:\/\/www.ladiagonale.net\/index.php\/2026\/09\/05\/les-notes-de-paris-sg-monaco\/#breadcrumb","itemListElement":[{"@type":"ListItem","position":1,"name":"Accueil","item":"https:\/\/www.ladiagonale.net\/"},{"@type":"ListItem","position":2,"name":"Les notes de Paris SG &#8211; Monaco"}]},{"@type":"WebSite","@id":"https:\/\/www.ladiagonale.net\/#website","url":"https:\/\/www.ladiagonale.net\/","name":"La Diagonale","description":"Le site des supporters de l&#039;AS Monaco FC","potentialAction":[{"@type":"SearchAction","target":{"@type":"EntryPoint","urlTemplate":"https:\/\/www.ladiagonale.net\/?s={search_term_string}"},"query-input":"required name=search_term_string"}],"inLanguage":"fr-FR"},{"@type":"Person","@id":"https:\/\/www.ladiagonale.net\/#\/schema\/person\/79ff1e7b0853ed01b2aa26e64ad300bf","name":"Damien Dellerba","image":{"@type":"ImageObject","inLanguage":"fr-FR","@id":"https:\/\/www.ladiagonale.net\/#\/schema\/person\/image\/","url":"https:\/\/secure.gravatar.com\/avatar\/c7850e06d3ff63cdbaee88b7fc16e2f0?s=96&d=mm&r=g","contentUrl":"https:\/\/secure.gravatar.com\/avatar\/c7850e06d3ff63cdbaee88b7fc16e2f0?s=96&d=mm&r=g","caption":"Damien Dellerba"},"url":"https:\/\/www.ladiagonale.net\/index.php\/author\/damien\/"}]}},"_links":{"self":[{"href":"https:\/\/www.ladiagonale.net\/index.php\/wp-json\/wp\/v2\/posts\/40686"}],"collection":[{"href":"https:\/\/www.ladiagonale.net\/index.php\/wp-json\/wp\/v2\/posts"}],"about":[{"href":"https:\/\/www.ladiagonale.net\/index.php\/wp-json\/wp\/v2\/types\/post"}],"author":[{"embeddable":true,"href":"https:\/\/www.ladiagonale.net\/index.php\/wp-json\/wp\/v2\/users\/2"}],"replies":[{"embeddable":true,"href":"https:\/\/www.ladiagonale.net\/index.php\/wp-json\/wp\/v2\/comments?post=40686"}],"version-history":[{"count":1,"href":"https:\/\/www.ladiagonale.net\/index.php\/wp-json\/wp\/v2\/posts\/40686\/revisions"}],"predecessor-version":[{"id":40695,"href":"https:\/\/www.ladiagonale.net\/index.php\/wp-json\/wp\/v2\/posts\/40686\/revisions\/40695"}],"wp:featuredmedia":[{"embeddable":true,"href":"https:\/\/www.ladiagonale.net\/index.php\/wp-json\/wp\/v2\/media\/40692"}],"wp:attachment":[{"href":"https:\/\/www.ladiagonale.net\/index.php\/wp-json\/wp\/v2\/media?parent=40686"}],"wp:term":[{"taxonomy":"category","embeddable":true,"href":"https:\/\/www.ladiagonale.net\/index.php\/wp-json\/wp\/v2\/categories?post=40686"},{"taxonomy":"post_tag","embeddable":true,"href":"https:\/\/www.ladiagonale.net\/index.php\/wp-json\/wp\/v2\/tags?post=40686"}],"curies":[{"name":"wp","href":"https:\/\/api.w.org\/{rel}","templated":true}]}}