{"id":40696,"date":"2026-09-06T01:05:58","date_gmt":"2026-09-05T23:05:58","guid":{"rendered":"https:\/\/www.ladiagonale.net\/?p=40696"},"modified":"2026-09-06T01:10:49","modified_gmt":"2026-09-05T23:10:49","slug":"camara-roc-en-scene","status":"publish","type":"post","link":"https:\/\/www.ladiagonale.net\/index.php\/2026\/09\/06\/camara-roc-en-scene\/","title":{"rendered":"Camara, roc en sc\u00e8ne"},"content":{"rendered":"\n<p><strong>Proche d\u2019un d\u00e9part mardi soir, dans les derni\u00e8res heures du mercato, Lamine Camara a rapidement dig\u00e9r\u00e9 sa d\u00e9ception pour livrer une solide prestation face au PSG. S&rsquo;il continue sur sa lanc\u00e9e, il pourrait changer de dimension avant de voir ses r\u00eaves d&rsquo;Angleterre exauc\u00e9s. <\/strong><\/p>\n\n\n\n<p>Au milieu des exclamations de joie et des embrassades, il y a sans doute eu des mots qui n&rsquo;appartiendront qu&rsquo;\u00e0 eux. Sur la pelouse du Parc des Princes, apr\u00e8s la victoire mon\u00e9gasque face au PSG (2-1) vendredi, Lamine Camara a eu droit \u00e0 un gros c\u00e2lin de Denis Zakaria, pench\u00e9 au creux de son oreille. Pendant plusieurs secondes, le capitaine de l\u2019AS Monaco a \u00e9treint son comp\u00e8re du milieu, avec lequel il forme un joli duo depuis deux saisons, et l\u2019a tra\u00een\u00e9 sur plusieurs m\u00e8tres, comme s\u2019il avait fait du natif de Diouloulou sa \u00ab\u00a0chose\u00a0\u00bb. Sur le terrain, depuis le d\u00e9but de la saison, c\u2019est un peu le sort que r\u00e9serve le S\u00e9n\u00e9galais \u00e0 ses adversaires. Cela avait \u00e9t\u00e9 particuli\u00e8rement visible contre l\u2019OM, cinq jours plus t\u00f4t, o\u00f9 il avait rayonn\u00e9 au Louis-II. C\u2019\u00e9tait peut-\u00eatre moins \u00e9vident contre le terrifiant trio du double champion d\u2019Europe parisien, mais il en est pourtant ressorti la t\u00eate haute.<\/p>\n\n\n\n<p>Les probabilit\u00e9s de le voir accuser le coup sous la fine pluie parisienne n\u2019\u00e9taient pas nulles, car Camara sortait d\u2019une semaine houleuse qui en aurait perturb\u00e9 plus d\u2019un. Quelques jours plus t\u00f4t, l\u2019ancien Messin \u00e9tait proche de rejoindre Chelsea, avant que le club de la Principaut\u00e9 n\u2019oppose son v\u00e9to \u00e0 ce transfert. Une d\u00e9ception qu\u2019il a fallu dig\u00e9rer pour le <em>Lion de la Teranga<\/em>, qui aurait bien aim\u00e9 se rendre du c\u00f4t\u00e9 de Stamford Bridge pour y enfiler le maillot des <em>Blues<\/em>. Si on pouvait craindre que le milieu s\u00e9n\u00e9galais soit atteint par cette situation, il n\u2019en a rien \u00e9t\u00e9, et le bleu de Chelsea a \u00e9t\u00e9 d\u00e9laiss\u00e9 pour le bleu de chauffe. \u00ab&nbsp;<em>Tous les projecteurs \u00e9taient braqu\u00e9s sur Lamine, et on a vu sa performance<\/em>&nbsp;\u00bb, a comment\u00e9 Flavio Nazinho, le premier buteur mon\u00e9gasque de la soir\u00e9e.<\/p>\n\n\n\n<h3>Filipe Luis l\u2019a int\u00e9gr\u00e9 au groupe des capitaines<\/h3>\n\n\n\n<p>Le Portugais a vu ce que tout le monde a vu, \u00e0 savoir un joueur de 22 ans qui ne s\u2019est pas laiss\u00e9 manger le cerveau par tous les bruits qui l\u2019ont entour\u00e9 au cours des derniers jours et qui a raval\u00e9 sa frustration. Du d\u00e9but \u00e0 la fin, on l&rsquo;a vu totalement dans le ton, concern\u00e9 par l\u2019enjeu et au niveau de l&rsquo;\u00e9v\u00e9nement. Rarement pris en d\u00e9faut tactiquement, il a oxyg\u00e9n\u00e9 le jeu mon\u00e9gasque par certaines sorties de balle dans les temps faibles. Il y a bien eu du d\u00e9chet dans ses transmissions, ce qui n\u2019est pas nouveau, et c\u2019est forc\u00e9ment un point sur lequel Filipe Luis va le faire travailler. Mais l\u2019international s\u00e9n\u00e9galais a aussi \u00e9t\u00e9 l\u00e0 pour ses partenaires, n\u2019h\u00e9sitant pas \u00e0 leur parler, comme il l&rsquo;a fait avec Jordan Teze lorsque celui-ci venait de se faire prendre sans son dos.<\/p>\n\n\n\n<p>Dans la semaine, son entra\u00eeneur avait officialis\u00e9 sa pr\u00e9sence dans le groupe des capitaines. Sans doute pas une simple consolante quand on sait \u00e0 quel point il l\u2019adore, et c\u2019est probablement aussi un aspect sur lequel il va sans doute tenter de le faire progresser. Depuis son arriv\u00e9e sur le Rocher, Camara a souvent eu tendance \u00e0 afficher frustration et nervosit\u00e9 au cours des matches quand les \u00e9v\u00e9nements \u00e9taient parfois contraires et ces nouvelles responsabilit\u00e9s pourraient lui permettre de m\u00fbrir. Mais pour ce qui est de lui remettre la t\u00eate \u00e0 l\u2019endroit, le Br\u00e9silien a ni\u00e9 toute responsabilit\u00e9 : \u00ab\u00a0<em>Je n&rsquo;ai rien fait, il est diff\u00e9rent. C&rsquo;est le genre de joueur que vous ne voyez pas souvent dans le football. Son esprit, sa mentalit\u00e9, son ambition, la fa\u00e7on qu\u2019il a d\u2019\u00eatre comp\u00e9titeur, c\u2019est juste incroyable.<\/em>\u00a0\u00bb<\/p>\n\n\n\n<p>En quelques jours, Camara a probablement gagn\u00e9 plusieurs ann\u00e9es d\u2019exp\u00e9rience. \u00ab&nbsp;<em>Nous devons profiter de ce gar\u00e7on<\/em>, a encore l\u00e2ch\u00e9 le technicien mon\u00e9gasque. <em>\u00c7a ne durera pas longtemps, parce qu&rsquo;il est top.<\/em>&nbsp;\u00bb \u00c0 Monaco, on assure que ce faux d\u00e9part n&rsquo;\u00e9tait qu&rsquo;un l\u00e9ger contretemps et que les promesses seront encore plus belles \u00e0 l&rsquo;avenir. \u00ab <em>Je suis convaincu que, tr\u00e8s bient\u00f4t, il aura des options et des offres encore meilleures que celle qu\u2019il a re\u00e7ue<\/em>&nbsp;\u00bb, affirmait Thiago Scuro, le directeur g\u00e9n\u00e9ral du club, mercredi. Denis Zakaria ne tenait pas un autre discours apr\u00e8s le match au micro de <em>Ligue 1+<\/em>. Qui sait ce si ce n&rsquo;est pas ce qu&rsquo;il lui a souffl\u00e9 au coup de sifflet final.<\/p>\n\n\n","protected":false},"excerpt":{"rendered":"<p>Proche d\u2019un d\u00e9part mardi soir, dans les derni\u00e8res heures du mercato, Lamine Camara a rapidement dig\u00e9r\u00e9 sa d\u00e9ception pour livrer une solide prestation face au PSG. S&rsquo;il continue sur sa lanc\u00e9e, il pourrait changer de dimension avant de voir ses r\u00eaves d&rsquo;Angleterre exauc\u00e9s. Au milieu des exclamations de joie et des embrassades, il y a [&#8230;]\n","protected":false},"author":2,"featured_media":40698,"comment_status":"open","ping_status":"open","sticky":false,"template":"","format":"standard","meta":[],"categories":[5,6,1003,1000],"tags":[86,894],"yoast_head":"<!-- This site is optimized with the Yoast SEO plugin v19.8 - https:\/\/yoast.com\/wordpress\/plugins\/seo\/ -->\n<title>Camara, roc en sc\u00e8ne - La Diagonale<\/title>\n<meta name=\"robots\" content=\"index, follow, max-snippet:-1, max-image-preview:large, max-video-preview:-1\" \/>\n<link rel=\"canonical\" href=\"https:\/\/www.ladiagonale.net\/index.php\/2026\/09\/06\/camara-roc-en-scene\/\" \/>\n<meta property=\"og:locale\" content=\"fr_FR\" \/>\n<meta property=\"og:type\" content=\"article\" \/>\n<meta property=\"og:title\" content=\"Camara, roc en sc\u00e8ne - La Diagonale\" \/>\n<meta property=\"og:description\" content=\"Proche d\u2019un d\u00e9part mardi soir, dans les derni\u00e8res heures du mercato, Lamine Camara a rapidement dig\u00e9r\u00e9 sa d\u00e9ception pour livrer une solide prestation face au PSG. S&rsquo;il continue sur sa lanc\u00e9e, il pourrait changer de dimension avant de voir ses r\u00eaves d&rsquo;Angleterre exauc\u00e9s. Au milieu des exclamations de joie et des embrassades, il y a [...]\" \/>\n<meta property=\"og:url\" content=\"https:\/\/www.ladiagonale.net\/index.php\/2026\/09\/06\/camara-roc-en-scene\/\" \/>\n<meta property=\"og:site_name\" content=\"La Diagonale\" \/>\n<meta property=\"article:published_time\" content=\"2026-09-05T23:05:58+00:00\" \/>\n<meta property=\"article:modified_time\" content=\"2026-09-05T23:10:49+00:00\" \/>\n<meta property=\"og:image\" content=\"https:\/\/www.ladiagonale.net\/wp-content\/uploads\/2026\/09\/Camara-PSG.png\" \/>\n\t<meta property=\"og:image:width\" content=\"1160\" \/>\n\t<meta property=\"og:image:height\" content=\"650\" \/>\n\t<meta property=\"og:image:type\" content=\"image\/png\" \/>\n<meta name=\"author\" content=\"Damien Dellerba\" \/>\n<meta name=\"twitter:card\" content=\"summary_large_image\" \/>\n<meta name=\"twitter:image\" content=\"https:\/\/www.ladiagonale.net\/wp-content\/uploads\/2026\/09\/Camara-PSG.png\" \/>\n<meta name=\"twitter:label1\" content=\"\u00c9crit par\" \/>\n\t<meta name=\"twitter:data1\" content=\"Damien Dellerba\" \/>\n\t<meta name=\"twitter:label2\" content=\"Dur\u00e9e de lecture estim\u00e9e\" \/>\n\t<meta name=\"twitter:data2\" content=\"4 minutes\" \/>\n<script type=\"application\/ld+json\" class=\"yoast-schema-graph\">{\"@context\":\"https:\/\/schema.org\",\"@graph\":[{\"@type\":\"WebPage\",\"@id\":\"https:\/\/www.ladiagonale.net\/index.php\/2026\/09\/06\/camara-roc-en-scene\/\",\"url\":\"https:\/\/www.ladiagonale.net\/index.php\/2026\/09\/06\/camara-roc-en-scene\/\",\"name\":\"Camara, roc en sc\u00e8ne - La Diagonale\",\"isPartOf\":{\"@id\":\"https:\/\/www.ladiagonale.net\/#website\"},\"datePublished\":\"2026-09-05T23:05:58+00:00\",\"dateModified\":\"2026-09-05T23:10:49+00:00\",\"author\":{\"@id\":\"https:\/\/www.ladiagonale.net\/#\/schema\/person\/79ff1e7b0853ed01b2aa26e64ad300bf\"},\"breadcrumb\":{\"@id\":\"https:\/\/www.ladiagonale.net\/index.php\/2026\/09\/06\/camara-roc-en-scene\/#breadcrumb\"},\"inLanguage\":\"fr-FR\",\"potentialAction\":[{\"@type\":\"ReadAction\",\"target\":[\"https:\/\/www.ladiagonale.net\/index.php\/2026\/09\/06\/camara-roc-en-scene\/\"]}]},{\"@type\":\"BreadcrumbList\",\"@id\":\"https:\/\/www.ladiagonale.net\/index.php\/2026\/09\/06\/camara-roc-en-scene\/#breadcrumb\",\"itemListElement\":[{\"@type\":\"ListItem\",\"position\":1,\"name\":\"Accueil\",\"item\":\"https:\/\/www.ladiagonale.net\/\"},{\"@type\":\"ListItem\",\"position\":2,\"name\":\"Camara, roc en sc\u00e8ne\"}]},{\"@type\":\"WebSite\",\"@id\":\"https:\/\/www.ladiagonale.net\/#website\",\"url\":\"https:\/\/www.ladiagonale.net\/\",\"name\":\"La Diagonale\",\"description\":\"Le site des supporters de l&#039;AS Monaco FC\",\"potentialAction\":[{\"@type\":\"SearchAction\",\"target\":{\"@type\":\"EntryPoint\",\"urlTemplate\":\"https:\/\/www.ladiagonale.net\/?s={search_term_string}\"},\"query-input\":\"required name=search_term_string\"}],\"inLanguage\":\"fr-FR\"},{\"@type\":\"Person\",\"@id\":\"https:\/\/www.ladiagonale.net\/#\/schema\/person\/79ff1e7b0853ed01b2aa26e64ad300bf\",\"name\":\"Damien Dellerba\",\"image\":{\"@type\":\"ImageObject\",\"inLanguage\":\"fr-FR\",\"@id\":\"https:\/\/www.ladiagonale.net\/#\/schema\/person\/image\/\",\"url\":\"https:\/\/secure.gravatar.com\/avatar\/c7850e06d3ff63cdbaee88b7fc16e2f0?s=96&d=mm&r=g\",\"contentUrl\":\"https:\/\/secure.gravatar.com\/avatar\/c7850e06d3ff63cdbaee88b7fc16e2f0?s=96&d=mm&r=g\",\"caption\":\"Damien Dellerba\"},\"url\":\"https:\/\/www.ladiagonale.net\/index.php\/author\/damien\/\"}]}<\/script>\n<!-- \/ Yoast SEO plugin. -->","yoast_head_json":{"title":"Camara, roc en sc\u00e8ne - La Diagonale","robots":{"index":"index","follow":"follow","max-snippet":"max-snippet:-1","max-image-preview":"max-image-preview:large","max-video-preview":"max-video-preview:-1"},"canonical":"https:\/\/www.ladiagonale.net\/index.php\/2026\/09\/06\/camara-roc-en-scene\/","og_locale":"fr_FR","og_type":"article","og_title":"Camara, roc en sc\u00e8ne - La Diagonale","og_description":"Proche d\u2019un d\u00e9part mardi soir, dans les derni\u00e8res heures du mercato, Lamine Camara a rapidement dig\u00e9r\u00e9 sa d\u00e9ception pour livrer une solide prestation face au PSG. S&rsquo;il continue sur sa lanc\u00e9e, il pourrait changer de dimension avant de voir ses r\u00eaves d&rsquo;Angleterre exauc\u00e9s. Au milieu des exclamations de joie et des embrassades, il y a [...]","og_url":"https:\/\/www.ladiagonale.net\/index.php\/2026\/09\/06\/camara-roc-en-scene\/","og_site_name":"La Diagonale","article_published_time":"2026-09-05T23:05:58+00:00","article_modified_time":"2026-09-05T23:10:49+00:00","og_image":[{"width":1160,"height":650,"url":"https:\/\/www.ladiagonale.net\/wp-content\/uploads\/2026\/09\/Camara-PSG.png","type":"image\/png"}],"author":"Damien Dellerba","twitter_card":"summary_large_image","twitter_image":"https:\/\/www.ladiagonale.net\/wp-content\/uploads\/2026\/09\/Camara-PSG.png","twitter_misc":{"\u00c9crit par":"Damien Dellerba","Dur\u00e9e de lecture estim\u00e9e":"4 minutes"},"schema":{"@context":"https:\/\/schema.org","@graph":[{"@type":"WebPage","@id":"https:\/\/www.ladiagonale.net\/index.php\/2026\/09\/06\/camara-roc-en-scene\/","url":"https:\/\/www.ladiagonale.net\/index.php\/2026\/09\/06\/camara-roc-en-scene\/","name":"Camara, roc en sc\u00e8ne - La Diagonale","isPartOf":{"@id":"https:\/\/www.ladiagonale.net\/#website"},"datePublished":"2026-09-05T23:05:58+00:00","dateModified":"2026-09-05T23:10:49+00:00","author":{"@id":"https:\/\/www.ladiagonale.net\/#\/schema\/person\/79ff1e7b0853ed01b2aa26e64ad300bf"},"breadcrumb":{"@id":"https:\/\/www.ladiagonale.net\/index.php\/2026\/09\/06\/camara-roc-en-scene\/#breadcrumb"},"inLanguage":"fr-FR","potentialAction":[{"@type":"ReadAction","target":["https:\/\/www.ladiagonale.net\/index.php\/2026\/09\/06\/camara-roc-en-scene\/"]}]},{"@type":"BreadcrumbList","@id":"https:\/\/www.ladiagonale.net\/index.php\/2026\/09\/06\/camara-roc-en-scene\/#breadcrumb","itemListElement":[{"@type":"ListItem","position":1,"name":"Accueil","item":"https:\/\/www.ladiagonale.net\/"},{"@type":"ListItem","position":2,"name":"Camara, roc en sc\u00e8ne"}]},{"@type":"WebSite","@id":"https:\/\/www.ladiagonale.net\/#website","url":"https:\/\/www.ladiagonale.net\/","name":"La Diagonale","description":"Le site des supporters de l&#039;AS Monaco FC","potentialAction":[{"@type":"SearchAction","target":{"@type":"EntryPoint","urlTemplate":"https:\/\/www.ladiagonale.net\/?s={search_term_string}"},"query-input":"required name=search_term_string"}],"inLanguage":"fr-FR"},{"@type":"Person","@id":"https:\/\/www.ladiagonale.net\/#\/schema\/person\/79ff1e7b0853ed01b2aa26e64ad300bf","name":"Damien Dellerba","image":{"@type":"ImageObject","inLanguage":"fr-FR","@id":"https:\/\/www.ladiagonale.net\/#\/schema\/person\/image\/","url":"https:\/\/secure.gravatar.com\/avatar\/c7850e06d3ff63cdbaee88b7fc16e2f0?s=96&d=mm&r=g","contentUrl":"https:\/\/secure.gravatar.com\/avatar\/c7850e06d3ff63cdbaee88b7fc16e2f0?s=96&d=mm&r=g","caption":"Damien Dellerba"},"url":"https:\/\/www.ladiagonale.net\/index.php\/author\/damien\/"}]}},"_links":{"self":[{"href":"https:\/\/www.ladiagonale.net\/index.php\/wp-json\/wp\/v2\/posts\/40696"}],"collection":[{"href":"https:\/\/www.ladiagonale.net\/index.php\/wp-json\/wp\/v2\/posts"}],"about":[{"href":"https:\/\/www.ladiagonale.net\/index.php\/wp-json\/wp\/v2\/types\/post"}],"author":[{"embeddable":true,"href":"https:\/\/www.ladiagonale.net\/index.php\/wp-json\/wp\/v2\/users\/2"}],"replies":[{"embeddable":true,"href":"https:\/\/www.ladiagonale.net\/index.php\/wp-json\/wp\/v2\/comments?post=40696"}],"version-history":[{"count":4,"href":"https:\/\/www.ladiagonale.net\/index.php\/wp-json\/wp\/v2\/posts\/40696\/revisions"}],"predecessor-version":[{"id":40701,"href":"https:\/\/www.ladiagonale.net\/index.php\/wp-json\/wp\/v2\/posts\/40696\/revisions\/40701"}],"wp:featuredmedia":[{"embeddable":true,"href":"https:\/\/www.ladiagonale.net\/index.php\/wp-json\/wp\/v2\/media\/40698"}],"wp:attachment":[{"href":"https:\/\/www.ladiagonale.net\/index.php\/wp-json\/wp\/v2\/media?parent=40696"}],"wp:term":[{"taxonomy":"category","embeddable":true,"href":"https:\/\/www.ladiagonale.net\/index.php\/wp-json\/wp\/v2\/categories?post=40696"},{"taxonomy":"post_tag","embeddable":true,"href":"https:\/\/www.ladiagonale.net\/index.php\/wp-json\/wp\/v2\/tags?post=40696"}],"curies":[{"name":"wp","href":"https:\/\/api.w.org\/{rel}","templated":true}]}}