{"id":40715,"date":"2026-09-06T23:49:44","date_gmt":"2026-09-06T21:49:44","guid":{"rendered":"https:\/\/www.ladiagonale.net\/?p=40715"},"modified":"2026-09-06T23:49:54","modified_gmt":"2026-09-06T21:49:54","slug":"cabral-va-rester-a-monaco","status":"publish","type":"post","link":"https:\/\/www.ladiagonale.net\/index.php\/2026\/09\/06\/cabral-va-rester-a-monaco\/","title":{"rendered":"Cabral va rester \u00e0 Monaco"},"content":{"rendered":"\n<p>Un temps annonc\u00e9 sur le d\u00e9part, Pape Cabral ne devrait finalement pas quitter l\u2019AS Monaco au cours de l\u2019\u00e9t\u00e9. Le milieu de terrain de 19 ans, r\u00e9cemment prolong\u00e9 jusqu\u2019en 2031, \u00e9tait courtis\u00e9 par le club saoudien d\u2019Al-Ahli et les n\u00e9gociations avaient \u00e9t\u00e9 bien entam\u00e9es. Alors qu\u2019il \u00e9tait proche de rejoindre le club saoudien contre 10 millions d\u2019euros pour deux de bonus et un pourcentage \u00e0 la revente de 15%, le directeur sportif qui avait n\u00e9goci\u00e9 cet accord, Rui Pedro, a \u00e9t\u00e9 limog\u00e9, mettant un coup d\u2019arr\u00eat \u00e0 l\u2019op\u00e9ration. C&rsquo;est finalement Ibrahima Diaby, du Cercle Bruges, qui doit y signer.<\/p>\n\n\n\n<p>Selon <em>Nice-Matin<\/em> et <em>L\u2019\u00c9quipe<\/em>, Cabral ne souhaiterait plus partir et sa volont\u00e9 n\u2019aurait jamais \u00e9t\u00e9 de forcer un d\u00e9part pour la <em>Saudi Pro League<\/em>. Il aurait \u00e9t\u00e9 en outre re\u00e7u certaines assurances sur sa place au sein de l\u2019effectif de la part des dirigeants. Cabral n\u2019a encore pris part \u00e0 aucune rencontre cette saison. Le natif de Keur Massar, au S\u00e9n\u00e9gal, n\u2019\u00e9tait pas dans le groupe de Filipe Luis pour Paris mais il avait tout de m\u00eame effectu\u00e9 le d\u00e9placement dans l\u2019\u00e9ventualit\u00e9 d\u2019effectuer une visite m\u00e9dicale \u00e0 distance.<\/p>\n\n\n","protected":false},"excerpt":{"rendered":"<p>Un temps annonc\u00e9 sur le d\u00e9part, Pape Cabral ne devrait finalement pas quitter l\u2019AS Monaco au cours de l\u2019\u00e9t\u00e9. Le milieu de terrain de 19 ans, r\u00e9cemment prolong\u00e9 jusqu\u2019en 2031, \u00e9tait courtis\u00e9 par le club saoudien d\u2019Al-Ahli et les n\u00e9gociations avaient \u00e9t\u00e9 bien entam\u00e9es. Alors qu\u2019il \u00e9tait proche de rejoindre le club saoudien contre 10 [&#8230;]\n","protected":false},"author":2,"featured_media":0,"comment_status":"open","ping_status":"open","sticky":false,"template":"","format":"standard","meta":[],"categories":[6,1086],"tags":[86,111,268,110],"yoast_head":"<!-- This site is optimized with the Yoast SEO plugin v19.8 - https:\/\/yoast.com\/wordpress\/plugins\/seo\/ -->\n<title>Cabral va rester \u00e0 Monaco - La Diagonale<\/title>\n<meta name=\"robots\" content=\"index, follow, max-snippet:-1, max-image-preview:large, max-video-preview:-1\" \/>\n<link rel=\"canonical\" href=\"https:\/\/www.ladiagonale.net\/index.php\/2026\/09\/06\/cabral-va-rester-a-monaco\/\" \/>\n<meta property=\"og:locale\" content=\"fr_FR\" \/>\n<meta property=\"og:type\" content=\"article\" \/>\n<meta property=\"og:title\" content=\"Cabral va rester \u00e0 Monaco - La Diagonale\" \/>\n<meta property=\"og:description\" content=\"Un temps annonc\u00e9 sur le d\u00e9part, Pape Cabral ne devrait finalement pas quitter l\u2019AS Monaco au cours de l\u2019\u00e9t\u00e9. Le milieu de terrain de 19 ans, r\u00e9cemment prolong\u00e9 jusqu\u2019en 2031, \u00e9tait courtis\u00e9 par le club saoudien d\u2019Al-Ahli et les n\u00e9gociations avaient \u00e9t\u00e9 bien entam\u00e9es. Alors qu\u2019il \u00e9tait proche de rejoindre le club saoudien contre 10 [...]\" \/>\n<meta property=\"og:url\" content=\"https:\/\/www.ladiagonale.net\/index.php\/2026\/09\/06\/cabral-va-rester-a-monaco\/\" \/>\n<meta property=\"og:site_name\" content=\"La Diagonale\" \/>\n<meta property=\"article:published_time\" content=\"2026-09-06T21:49:44+00:00\" \/>\n<meta property=\"article:modified_time\" content=\"2026-09-06T21:49:54+00:00\" \/>\n<meta property=\"og:image\" content=\"https:\/\/www.ladiagonale.net\/wp-content\/uploads\/2026\/08\/Cabral-Bruges.png\" \/>\n\t<meta property=\"og:image:width\" content=\"1160\" \/>\n\t<meta property=\"og:image:height\" content=\"650\" \/>\n\t<meta property=\"og:image:type\" content=\"image\/png\" \/>\n<meta name=\"author\" content=\"Damien Dellerba\" \/>\n<meta name=\"twitter:card\" content=\"summary_large_image\" \/>\n<meta name=\"twitter:image\" content=\"https:\/\/www.ladiagonale.net\/wp-content\/uploads\/2026\/08\/Cabral-Bruges.png\" \/>\n<meta name=\"twitter:label1\" content=\"\u00c9crit par\" \/>\n\t<meta name=\"twitter:data1\" content=\"Damien Dellerba\" \/>\n\t<meta name=\"twitter:label2\" content=\"Dur\u00e9e de lecture estim\u00e9e\" \/>\n\t<meta name=\"twitter:data2\" content=\"1 minute\" \/>\n<script type=\"application\/ld+json\" class=\"yoast-schema-graph\">{\"@context\":\"https:\/\/schema.org\",\"@graph\":[{\"@type\":\"WebPage\",\"@id\":\"https:\/\/www.ladiagonale.net\/index.php\/2026\/09\/06\/cabral-va-rester-a-monaco\/\",\"url\":\"https:\/\/www.ladiagonale.net\/index.php\/2026\/09\/06\/cabral-va-rester-a-monaco\/\",\"name\":\"Cabral va rester \u00e0 Monaco - La Diagonale\",\"isPartOf\":{\"@id\":\"https:\/\/www.ladiagonale.net\/#website\"},\"datePublished\":\"2026-09-06T21:49:44+00:00\",\"dateModified\":\"2026-09-06T21:49:54+00:00\",\"author\":{\"@id\":\"https:\/\/www.ladiagonale.net\/#\/schema\/person\/79ff1e7b0853ed01b2aa26e64ad300bf\"},\"breadcrumb\":{\"@id\":\"https:\/\/www.ladiagonale.net\/index.php\/2026\/09\/06\/cabral-va-rester-a-monaco\/#breadcrumb\"},\"inLanguage\":\"fr-FR\",\"potentialAction\":[{\"@type\":\"ReadAction\",\"target\":[\"https:\/\/www.ladiagonale.net\/index.php\/2026\/09\/06\/cabral-va-rester-a-monaco\/\"]}]},{\"@type\":\"BreadcrumbList\",\"@id\":\"https:\/\/www.ladiagonale.net\/index.php\/2026\/09\/06\/cabral-va-rester-a-monaco\/#breadcrumb\",\"itemListElement\":[{\"@type\":\"ListItem\",\"position\":1,\"name\":\"Accueil\",\"item\":\"https:\/\/www.ladiagonale.net\/\"},{\"@type\":\"ListItem\",\"position\":2,\"name\":\"Cabral va rester \u00e0 Monaco\"}]},{\"@type\":\"WebSite\",\"@id\":\"https:\/\/www.ladiagonale.net\/#website\",\"url\":\"https:\/\/www.ladiagonale.net\/\",\"name\":\"La Diagonale\",\"description\":\"Le site des supporters de l&#039;AS Monaco FC\",\"potentialAction\":[{\"@type\":\"SearchAction\",\"target\":{\"@type\":\"EntryPoint\",\"urlTemplate\":\"https:\/\/www.ladiagonale.net\/?s={search_term_string}\"},\"query-input\":\"required name=search_term_string\"}],\"inLanguage\":\"fr-FR\"},{\"@type\":\"Person\",\"@id\":\"https:\/\/www.ladiagonale.net\/#\/schema\/person\/79ff1e7b0853ed01b2aa26e64ad300bf\",\"name\":\"Damien Dellerba\",\"image\":{\"@type\":\"ImageObject\",\"inLanguage\":\"fr-FR\",\"@id\":\"https:\/\/www.ladiagonale.net\/#\/schema\/person\/image\/\",\"url\":\"https:\/\/secure.gravatar.com\/avatar\/c7850e06d3ff63cdbaee88b7fc16e2f0?s=96&d=mm&r=g\",\"contentUrl\":\"https:\/\/secure.gravatar.com\/avatar\/c7850e06d3ff63cdbaee88b7fc16e2f0?s=96&d=mm&r=g\",\"caption\":\"Damien Dellerba\"},\"url\":\"https:\/\/www.ladiagonale.net\/index.php\/author\/damien\/\"}]}<\/script>\n<!-- \/ Yoast SEO plugin. -->","yoast_head_json":{"title":"Cabral va rester \u00e0 Monaco - La Diagonale","robots":{"index":"index","follow":"follow","max-snippet":"max-snippet:-1","max-image-preview":"max-image-preview:large","max-video-preview":"max-video-preview:-1"},"canonical":"https:\/\/www.ladiagonale.net\/index.php\/2026\/09\/06\/cabral-va-rester-a-monaco\/","og_locale":"fr_FR","og_type":"article","og_title":"Cabral va rester \u00e0 Monaco - La Diagonale","og_description":"Un temps annonc\u00e9 sur le d\u00e9part, Pape Cabral ne devrait finalement pas quitter l\u2019AS Monaco au cours de l\u2019\u00e9t\u00e9. Le milieu de terrain de 19 ans, r\u00e9cemment prolong\u00e9 jusqu\u2019en 2031, \u00e9tait courtis\u00e9 par le club saoudien d\u2019Al-Ahli et les n\u00e9gociations avaient \u00e9t\u00e9 bien entam\u00e9es. Alors qu\u2019il \u00e9tait proche de rejoindre le club saoudien contre 10 [...]","og_url":"https:\/\/www.ladiagonale.net\/index.php\/2026\/09\/06\/cabral-va-rester-a-monaco\/","og_site_name":"La Diagonale","article_published_time":"2026-09-06T21:49:44+00:00","article_modified_time":"2026-09-06T21:49:54+00:00","og_image":[{"width":1160,"height":650,"url":"https:\/\/www.ladiagonale.net\/wp-content\/uploads\/2026\/08\/Cabral-Bruges.png","type":"image\/png"}],"author":"Damien Dellerba","twitter_card":"summary_large_image","twitter_image":"https:\/\/www.ladiagonale.net\/wp-content\/uploads\/2026\/08\/Cabral-Bruges.png","twitter_misc":{"\u00c9crit par":"Damien Dellerba","Dur\u00e9e de lecture estim\u00e9e":"1 minute"},"schema":{"@context":"https:\/\/schema.org","@graph":[{"@type":"WebPage","@id":"https:\/\/www.ladiagonale.net\/index.php\/2026\/09\/06\/cabral-va-rester-a-monaco\/","url":"https:\/\/www.ladiagonale.net\/index.php\/2026\/09\/06\/cabral-va-rester-a-monaco\/","name":"Cabral va rester \u00e0 Monaco - La Diagonale","isPartOf":{"@id":"https:\/\/www.ladiagonale.net\/#website"},"datePublished":"2026-09-06T21:49:44+00:00","dateModified":"2026-09-06T21:49:54+00:00","author":{"@id":"https:\/\/www.ladiagonale.net\/#\/schema\/person\/79ff1e7b0853ed01b2aa26e64ad300bf"},"breadcrumb":{"@id":"https:\/\/www.ladiagonale.net\/index.php\/2026\/09\/06\/cabral-va-rester-a-monaco\/#breadcrumb"},"inLanguage":"fr-FR","potentialAction":[{"@type":"ReadAction","target":["https:\/\/www.ladiagonale.net\/index.php\/2026\/09\/06\/cabral-va-rester-a-monaco\/"]}]},{"@type":"BreadcrumbList","@id":"https:\/\/www.ladiagonale.net\/index.php\/2026\/09\/06\/cabral-va-rester-a-monaco\/#breadcrumb","itemListElement":[{"@type":"ListItem","position":1,"name":"Accueil","item":"https:\/\/www.ladiagonale.net\/"},{"@type":"ListItem","position":2,"name":"Cabral va rester \u00e0 Monaco"}]},{"@type":"WebSite","@id":"https:\/\/www.ladiagonale.net\/#website","url":"https:\/\/www.ladiagonale.net\/","name":"La Diagonale","description":"Le site des supporters de l&#039;AS Monaco FC","potentialAction":[{"@type":"SearchAction","target":{"@type":"EntryPoint","urlTemplate":"https:\/\/www.ladiagonale.net\/?s={search_term_string}"},"query-input":"required name=search_term_string"}],"inLanguage":"fr-FR"},{"@type":"Person","@id":"https:\/\/www.ladiagonale.net\/#\/schema\/person\/79ff1e7b0853ed01b2aa26e64ad300bf","name":"Damien Dellerba","image":{"@type":"ImageObject","inLanguage":"fr-FR","@id":"https:\/\/www.ladiagonale.net\/#\/schema\/person\/image\/","url":"https:\/\/secure.gravatar.com\/avatar\/c7850e06d3ff63cdbaee88b7fc16e2f0?s=96&d=mm&r=g","contentUrl":"https:\/\/secure.gravatar.com\/avatar\/c7850e06d3ff63cdbaee88b7fc16e2f0?s=96&d=mm&r=g","caption":"Damien Dellerba"},"url":"https:\/\/www.ladiagonale.net\/index.php\/author\/damien\/"}]}},"_links":{"self":[{"href":"https:\/\/www.ladiagonale.net\/index.php\/wp-json\/wp\/v2\/posts\/40715"}],"collection":[{"href":"https:\/\/www.ladiagonale.net\/index.php\/wp-json\/wp\/v2\/posts"}],"about":[{"href":"https:\/\/www.ladiagonale.net\/index.php\/wp-json\/wp\/v2\/types\/post"}],"author":[{"embeddable":true,"href":"https:\/\/www.ladiagonale.net\/index.php\/wp-json\/wp\/v2\/users\/2"}],"replies":[{"embeddable":true,"href":"https:\/\/www.ladiagonale.net\/index.php\/wp-json\/wp\/v2\/comments?post=40715"}],"version-history":[{"count":2,"href":"https:\/\/www.ladiagonale.net\/index.php\/wp-json\/wp\/v2\/posts\/40715\/revisions"}],"predecessor-version":[{"id":40717,"href":"https:\/\/www.ladiagonale.net\/index.php\/wp-json\/wp\/v2\/posts\/40715\/revisions\/40717"}],"wp:attachment":[{"href":"https:\/\/www.ladiagonale.net\/index.php\/wp-json\/wp\/v2\/media?parent=40715"}],"wp:term":[{"taxonomy":"category","embeddable":true,"href":"https:\/\/www.ladiagonale.net\/index.php\/wp-json\/wp\/v2\/categories?post=40715"},{"taxonomy":"post_tag","embeddable":true,"href":"https:\/\/www.ladiagonale.net\/index.php\/wp-json\/wp\/v2\/tags?post=40715"}],"curies":[{"name":"wp","href":"https:\/\/api.w.org\/{rel}","templated":true}]}}