{"id":4075,"date":"2022-08-09T00:00:00","date_gmt":"2022-08-08T22:00:00","guid":{"rendered":"https:\/\/www.ladiagonale.net\/index.php\/2022\/08\/09\/monaco-passe-a-la-trappe-3-2-a-p\/"},"modified":"2022-08-09T00:00:00","modified_gmt":"2022-08-08T22:00:00","slug":"monaco-passe-a-la-trappe-3-2-a-p","status":"publish","type":"post","link":"https:\/\/www.ladiagonale.net\/index.php\/2022\/08\/09\/monaco-passe-a-la-trappe-3-2-a-p\/","title":{"rendered":"Monaco passe \u00e0 la trappe (3-2, a.p.)"},"content":{"rendered":"<p>Pour la deuxi\u00e8me saison cons\u00e9cutive, l&rsquo;AS Monaco disputera la Ligue Europa. Les Mon\u00e9gasques se sont inclin\u00e9s face au PSV Eindhoven apr\u00e8s les prolongations (3-2, a.p.). Les Mon\u00e9gasques peuvent nourrir des regrets apr\u00e8s avoir men\u00e9 au score et touch\u00e9 les montants de Benitez \u00e0 deux reprises. <\/p>\n<p>Apr\u00e8s avoir fourni de gros efforts pour revenir au score par Maripan (58e) et pour prendre l&rsquo;avantage par Ben Yedder (69e), les Mon\u00e9gasques ont fini par reculer et ont craqu\u00e9 dans les derni\u00e8res minutes du temps r\u00e9glementaire, sur un coup de t\u00eate de Gutierrez (89e). En prolongation, Monaco s&rsquo;est \u00e0 nouveau fait surprendre sur un centre des Bataves, repris cette fois par de Jong (109e), scellant d\u00e9finitivement le score de la rencontre. Une terrible d\u00e9sillusion pour le club de la Principaut\u00e9.<\/p>\n","protected":false},"excerpt":{"rendered":"<p>Pour la deuxi\u00e8me saison cons\u00e9cutive, l&rsquo;AS Monaco disputera la Ligue Europa. Les Mon\u00e9gasques se sont inclin\u00e9s face au PSV Eindhoven apr\u00e8s les prolongations (3-2, a.p.). Les Mon\u00e9gasques peuvent nourrir des regrets apr\u00e8s avoir men\u00e9 au score et touch\u00e9 les montants de Benitez \u00e0 deux reprises. Apr\u00e8s avoir fourni de gros efforts pour revenir au score [&#8230;]\n","protected":false},"author":1,"featured_media":0,"comment_status":"open","ping_status":"open","sticky":false,"template":"","format":"standard","meta":[],"categories":[6],"tags":[],"yoast_head":"<!-- This site is optimized with the Yoast SEO plugin v19.8 - https:\/\/yoast.com\/wordpress\/plugins\/seo\/ -->\n<title>Monaco passe \u00e0 la trappe (3-2, a.p.) - La Diagonale<\/title>\n<meta name=\"robots\" content=\"index, follow, max-snippet:-1, max-image-preview:large, max-video-preview:-1\" \/>\n<link rel=\"canonical\" href=\"https:\/\/www.ladiagonale.net\/index.php\/2022\/08\/09\/monaco-passe-a-la-trappe-3-2-a-p\/\" \/>\n<meta property=\"og:locale\" content=\"fr_FR\" \/>\n<meta property=\"og:type\" content=\"article\" \/>\n<meta property=\"og:title\" content=\"Monaco passe \u00e0 la trappe (3-2, a.p.) - La Diagonale\" \/>\n<meta property=\"og:description\" content=\"Pour la deuxi\u00e8me saison cons\u00e9cutive, l&rsquo;AS Monaco disputera la Ligue Europa. Les Mon\u00e9gasques se sont inclin\u00e9s face au PSV Eindhoven apr\u00e8s les prolongations (3-2, a.p.). Les Mon\u00e9gasques peuvent nourrir des regrets apr\u00e8s avoir men\u00e9 au score et touch\u00e9 les montants de Benitez \u00e0 deux reprises. Apr\u00e8s avoir fourni de gros efforts pour revenir au score [...]\" \/>\n<meta property=\"og:url\" content=\"https:\/\/www.ladiagonale.net\/index.php\/2022\/08\/09\/monaco-passe-a-la-trappe-3-2-a-p\/\" \/>\n<meta property=\"og:site_name\" content=\"La Diagonale\" \/>\n<meta property=\"article:published_time\" content=\"2022-08-08T22:00:00+00:00\" \/>\n<meta name=\"author\" content=\"admin\" \/>\n<meta name=\"twitter:card\" content=\"summary_large_image\" \/>\n<meta name=\"twitter:label1\" content=\"\u00c9crit par\" \/>\n\t<meta name=\"twitter:data1\" content=\"admin\" \/>\n\t<meta name=\"twitter:label2\" content=\"Dur\u00e9e de lecture estim\u00e9e\" \/>\n\t<meta name=\"twitter:data2\" content=\"1 minute\" \/>\n<script type=\"application\/ld+json\" class=\"yoast-schema-graph\">{\"@context\":\"https:\/\/schema.org\",\"@graph\":[{\"@type\":\"WebPage\",\"@id\":\"https:\/\/www.ladiagonale.net\/index.php\/2022\/08\/09\/monaco-passe-a-la-trappe-3-2-a-p\/\",\"url\":\"https:\/\/www.ladiagonale.net\/index.php\/2022\/08\/09\/monaco-passe-a-la-trappe-3-2-a-p\/\",\"name\":\"Monaco passe \u00e0 la trappe (3-2, a.p.) - La Diagonale\",\"isPartOf\":{\"@id\":\"https:\/\/www.ladiagonale.net\/#website\"},\"datePublished\":\"2022-08-08T22:00:00+00:00\",\"dateModified\":\"2022-08-08T22:00:00+00:00\",\"author\":{\"@id\":\"https:\/\/www.ladiagonale.net\/#\/schema\/person\/03fa041acd51875ece8bf97a37252a4d\"},\"breadcrumb\":{\"@id\":\"https:\/\/www.ladiagonale.net\/index.php\/2022\/08\/09\/monaco-passe-a-la-trappe-3-2-a-p\/#breadcrumb\"},\"inLanguage\":\"fr-FR\",\"potentialAction\":[{\"@type\":\"ReadAction\",\"target\":[\"https:\/\/www.ladiagonale.net\/index.php\/2022\/08\/09\/monaco-passe-a-la-trappe-3-2-a-p\/\"]}]},{\"@type\":\"BreadcrumbList\",\"@id\":\"https:\/\/www.ladiagonale.net\/index.php\/2022\/08\/09\/monaco-passe-a-la-trappe-3-2-a-p\/#breadcrumb\",\"itemListElement\":[{\"@type\":\"ListItem\",\"position\":1,\"name\":\"Accueil\",\"item\":\"https:\/\/www.ladiagonale.net\/\"},{\"@type\":\"ListItem\",\"position\":2,\"name\":\"Monaco passe \u00e0 la trappe (3-2, a.p.)\"}]},{\"@type\":\"WebSite\",\"@id\":\"https:\/\/www.ladiagonale.net\/#website\",\"url\":\"https:\/\/www.ladiagonale.net\/\",\"name\":\"La Diagonale\",\"description\":\"Le site des supporters de l&#039;AS Monaco FC\",\"potentialAction\":[{\"@type\":\"SearchAction\",\"target\":{\"@type\":\"EntryPoint\",\"urlTemplate\":\"https:\/\/www.ladiagonale.net\/?s={search_term_string}\"},\"query-input\":\"required name=search_term_string\"}],\"inLanguage\":\"fr-FR\"},{\"@type\":\"Person\",\"@id\":\"https:\/\/www.ladiagonale.net\/#\/schema\/person\/03fa041acd51875ece8bf97a37252a4d\",\"name\":\"admin\",\"image\":{\"@type\":\"ImageObject\",\"inLanguage\":\"fr-FR\",\"@id\":\"https:\/\/www.ladiagonale.net\/#\/schema\/person\/image\/\",\"url\":\"https:\/\/secure.gravatar.com\/avatar\/894b9daaf19cc759b072b6bb09cac5f2?s=96&d=mm&r=g\",\"contentUrl\":\"https:\/\/secure.gravatar.com\/avatar\/894b9daaf19cc759b072b6bb09cac5f2?s=96&d=mm&r=g\",\"caption\":\"admin\"},\"sameAs\":[\"https:\/\/v2.ladiagonale.net\"],\"url\":\"https:\/\/www.ladiagonale.net\/index.php\/author\/admin\/\"}]}<\/script>\n<!-- \/ Yoast SEO plugin. -->","yoast_head_json":{"title":"Monaco passe \u00e0 la trappe (3-2, a.p.) - La Diagonale","robots":{"index":"index","follow":"follow","max-snippet":"max-snippet:-1","max-image-preview":"max-image-preview:large","max-video-preview":"max-video-preview:-1"},"canonical":"https:\/\/www.ladiagonale.net\/index.php\/2022\/08\/09\/monaco-passe-a-la-trappe-3-2-a-p\/","og_locale":"fr_FR","og_type":"article","og_title":"Monaco passe \u00e0 la trappe (3-2, a.p.) - La Diagonale","og_description":"Pour la deuxi\u00e8me saison cons\u00e9cutive, l&rsquo;AS Monaco disputera la Ligue Europa. Les Mon\u00e9gasques se sont inclin\u00e9s face au PSV Eindhoven apr\u00e8s les prolongations (3-2, a.p.). Les Mon\u00e9gasques peuvent nourrir des regrets apr\u00e8s avoir men\u00e9 au score et touch\u00e9 les montants de Benitez \u00e0 deux reprises. Apr\u00e8s avoir fourni de gros efforts pour revenir au score [...]","og_url":"https:\/\/www.ladiagonale.net\/index.php\/2022\/08\/09\/monaco-passe-a-la-trappe-3-2-a-p\/","og_site_name":"La Diagonale","article_published_time":"2022-08-08T22:00:00+00:00","author":"admin","twitter_card":"summary_large_image","twitter_misc":{"\u00c9crit par":"admin","Dur\u00e9e de lecture estim\u00e9e":"1 minute"},"schema":{"@context":"https:\/\/schema.org","@graph":[{"@type":"WebPage","@id":"https:\/\/www.ladiagonale.net\/index.php\/2022\/08\/09\/monaco-passe-a-la-trappe-3-2-a-p\/","url":"https:\/\/www.ladiagonale.net\/index.php\/2022\/08\/09\/monaco-passe-a-la-trappe-3-2-a-p\/","name":"Monaco passe \u00e0 la trappe (3-2, a.p.) - La Diagonale","isPartOf":{"@id":"https:\/\/www.ladiagonale.net\/#website"},"datePublished":"2022-08-08T22:00:00+00:00","dateModified":"2022-08-08T22:00:00+00:00","author":{"@id":"https:\/\/www.ladiagonale.net\/#\/schema\/person\/03fa041acd51875ece8bf97a37252a4d"},"breadcrumb":{"@id":"https:\/\/www.ladiagonale.net\/index.php\/2022\/08\/09\/monaco-passe-a-la-trappe-3-2-a-p\/#breadcrumb"},"inLanguage":"fr-FR","potentialAction":[{"@type":"ReadAction","target":["https:\/\/www.ladiagonale.net\/index.php\/2022\/08\/09\/monaco-passe-a-la-trappe-3-2-a-p\/"]}]},{"@type":"BreadcrumbList","@id":"https:\/\/www.ladiagonale.net\/index.php\/2022\/08\/09\/monaco-passe-a-la-trappe-3-2-a-p\/#breadcrumb","itemListElement":[{"@type":"ListItem","position":1,"name":"Accueil","item":"https:\/\/www.ladiagonale.net\/"},{"@type":"ListItem","position":2,"name":"Monaco passe \u00e0 la trappe (3-2, a.p.)"}]},{"@type":"WebSite","@id":"https:\/\/www.ladiagonale.net\/#website","url":"https:\/\/www.ladiagonale.net\/","name":"La Diagonale","description":"Le site des supporters de l&#039;AS Monaco FC","potentialAction":[{"@type":"SearchAction","target":{"@type":"EntryPoint","urlTemplate":"https:\/\/www.ladiagonale.net\/?s={search_term_string}"},"query-input":"required name=search_term_string"}],"inLanguage":"fr-FR"},{"@type":"Person","@id":"https:\/\/www.ladiagonale.net\/#\/schema\/person\/03fa041acd51875ece8bf97a37252a4d","name":"admin","image":{"@type":"ImageObject","inLanguage":"fr-FR","@id":"https:\/\/www.ladiagonale.net\/#\/schema\/person\/image\/","url":"https:\/\/secure.gravatar.com\/avatar\/894b9daaf19cc759b072b6bb09cac5f2?s=96&d=mm&r=g","contentUrl":"https:\/\/secure.gravatar.com\/avatar\/894b9daaf19cc759b072b6bb09cac5f2?s=96&d=mm&r=g","caption":"admin"},"sameAs":["https:\/\/v2.ladiagonale.net"],"url":"https:\/\/www.ladiagonale.net\/index.php\/author\/admin\/"}]}},"_links":{"self":[{"href":"https:\/\/www.ladiagonale.net\/index.php\/wp-json\/wp\/v2\/posts\/4075"}],"collection":[{"href":"https:\/\/www.ladiagonale.net\/index.php\/wp-json\/wp\/v2\/posts"}],"about":[{"href":"https:\/\/www.ladiagonale.net\/index.php\/wp-json\/wp\/v2\/types\/post"}],"author":[{"embeddable":true,"href":"https:\/\/www.ladiagonale.net\/index.php\/wp-json\/wp\/v2\/users\/1"}],"replies":[{"embeddable":true,"href":"https:\/\/www.ladiagonale.net\/index.php\/wp-json\/wp\/v2\/comments?post=4075"}],"version-history":[{"count":0,"href":"https:\/\/www.ladiagonale.net\/index.php\/wp-json\/wp\/v2\/posts\/4075\/revisions"}],"wp:attachment":[{"href":"https:\/\/www.ladiagonale.net\/index.php\/wp-json\/wp\/v2\/media?parent=4075"}],"wp:term":[{"taxonomy":"category","embeddable":true,"href":"https:\/\/www.ladiagonale.net\/index.php\/wp-json\/wp\/v2\/categories?post=4075"},{"taxonomy":"post_tag","embeddable":true,"href":"https:\/\/www.ladiagonale.net\/index.php\/wp-json\/wp\/v2\/tags?post=4075"}],"curies":[{"name":"wp","href":"https:\/\/api.w.org\/{rel}","templated":true}]}}