{"id":408,"date":"2021-12-23T23:50:18","date_gmt":"2021-12-23T22:50:18","guid":{"rendered":"https:\/\/www.ladiagonale.net\/index.php\/2021\/12\/23\/vanderson-serait-en-principaute\/"},"modified":"2024-02-09T23:57:40","modified_gmt":"2024-02-09T22:57:40","slug":"vanderson-serait-en-principaute","status":"publish","type":"post","link":"https:\/\/www.ladiagonale.net\/index.php\/2021\/12\/23\/vanderson-serait-en-principaute\/","title":{"rendered":"Vanderson serait en Principaut\u00e9"},"content":{"rendered":"\n\n\n<p>Alors que le nom de Vanderson circule avec insistance du c\u00f4t\u00e9 de l&rsquo;AS Monaco depuis quelques jours, un indice suppl\u00e9mentaire semble corroborer l&rsquo;imminence de la transaction. En effet, le d\u00e9fenseur br\u00e9silien a publi\u00e9 sur son compte Instagram une photo d&rsquo;un lieu bien connu en Principaut\u00e9 et des amateurs de Formule 1, \u00e0 savoir la fameuse \u00e9pingle du Loews.<\/p>\n\n\n\n<p>Une photo par la suite supprim\u00e9e mais qui attesterait de la pr\u00e9sence du joueur de Gr\u00eamio en ce jour sur le territoire mon\u00e9gasque. Deux jours plus t\u00f4t, les dirigeants as\u00e9mistes avaient confirm\u00e9 suivre le joueur mais cette publication laisse \u00e0 penser qu&rsquo;un accord avec le club br\u00e9silien a bien \u00e9t\u00e9 trouv\u00e9.<\/p>\n","protected":false},"excerpt":{"rendered":"<p>Alors que le nom de Vanderson circule avec insistance du c\u00f4t\u00e9 de l&rsquo;AS Monaco depuis quelques jours, un indice suppl\u00e9mentaire semble corroborer l&rsquo;imminence de la transaction. En effet, le d\u00e9fenseur br\u00e9silien a publi\u00e9 sur son compte Instagram une photo d&rsquo;un lieu bien connu en Principaut\u00e9 et des amateurs de Formule 1, \u00e0 savoir la fameuse [&#8230;]\n","protected":false},"author":2,"featured_media":0,"comment_status":"open","ping_status":"open","sticky":false,"template":"","format":"standard","meta":[],"categories":[6],"tags":[86,111,110,125],"yoast_head":"<!-- This site is optimized with the Yoast SEO plugin v19.8 - https:\/\/yoast.com\/wordpress\/plugins\/seo\/ -->\n<title>Vanderson serait en Principaut\u00e9 - La Diagonale<\/title>\n<meta name=\"robots\" content=\"index, follow, max-snippet:-1, max-image-preview:large, max-video-preview:-1\" \/>\n<link rel=\"canonical\" href=\"https:\/\/www.ladiagonale.net\/index.php\/2021\/12\/23\/vanderson-serait-en-principaute\/\" \/>\n<meta property=\"og:locale\" content=\"fr_FR\" \/>\n<meta property=\"og:type\" content=\"article\" \/>\n<meta property=\"og:title\" content=\"Vanderson serait en Principaut\u00e9 - La Diagonale\" \/>\n<meta property=\"og:description\" content=\"Alors que le nom de Vanderson circule avec insistance du c\u00f4t\u00e9 de l&rsquo;AS Monaco depuis quelques jours, un indice suppl\u00e9mentaire semble corroborer l&rsquo;imminence de la transaction. En effet, le d\u00e9fenseur br\u00e9silien a publi\u00e9 sur son compte Instagram une photo d&rsquo;un lieu bien connu en Principaut\u00e9 et des amateurs de Formule 1, \u00e0 savoir la fameuse [...]\" \/>\n<meta property=\"og:url\" content=\"https:\/\/www.ladiagonale.net\/index.php\/2021\/12\/23\/vanderson-serait-en-principaute\/\" \/>\n<meta property=\"og:site_name\" content=\"La Diagonale\" \/>\n<meta property=\"article:published_time\" content=\"2021-12-23T22:50:18+00:00\" \/>\n<meta property=\"article:modified_time\" content=\"2024-02-09T22:57:40+00:00\" \/>\n<meta name=\"author\" content=\"Damien Dellerba\" \/>\n<meta name=\"twitter:card\" content=\"summary_large_image\" \/>\n<meta name=\"twitter:label1\" content=\"\u00c9crit par\" \/>\n\t<meta name=\"twitter:data1\" content=\"Damien Dellerba\" \/>\n\t<meta name=\"twitter:label2\" content=\"Dur\u00e9e de lecture estim\u00e9e\" \/>\n\t<meta name=\"twitter:data2\" content=\"1 minute\" \/>\n<script type=\"application\/ld+json\" class=\"yoast-schema-graph\">{\"@context\":\"https:\/\/schema.org\",\"@graph\":[{\"@type\":\"WebPage\",\"@id\":\"https:\/\/www.ladiagonale.net\/index.php\/2021\/12\/23\/vanderson-serait-en-principaute\/\",\"url\":\"https:\/\/www.ladiagonale.net\/index.php\/2021\/12\/23\/vanderson-serait-en-principaute\/\",\"name\":\"Vanderson serait en Principaut\u00e9 - La Diagonale\",\"isPartOf\":{\"@id\":\"https:\/\/www.ladiagonale.net\/#website\"},\"datePublished\":\"2021-12-23T22:50:18+00:00\",\"dateModified\":\"2024-02-09T22:57:40+00:00\",\"author\":{\"@id\":\"https:\/\/www.ladiagonale.net\/#\/schema\/person\/79ff1e7b0853ed01b2aa26e64ad300bf\"},\"breadcrumb\":{\"@id\":\"https:\/\/www.ladiagonale.net\/index.php\/2021\/12\/23\/vanderson-serait-en-principaute\/#breadcrumb\"},\"inLanguage\":\"fr-FR\",\"potentialAction\":[{\"@type\":\"ReadAction\",\"target\":[\"https:\/\/www.ladiagonale.net\/index.php\/2021\/12\/23\/vanderson-serait-en-principaute\/\"]}]},{\"@type\":\"BreadcrumbList\",\"@id\":\"https:\/\/www.ladiagonale.net\/index.php\/2021\/12\/23\/vanderson-serait-en-principaute\/#breadcrumb\",\"itemListElement\":[{\"@type\":\"ListItem\",\"position\":1,\"name\":\"Accueil\",\"item\":\"https:\/\/www.ladiagonale.net\/\"},{\"@type\":\"ListItem\",\"position\":2,\"name\":\"Vanderson serait en Principaut\u00e9\"}]},{\"@type\":\"WebSite\",\"@id\":\"https:\/\/www.ladiagonale.net\/#website\",\"url\":\"https:\/\/www.ladiagonale.net\/\",\"name\":\"La Diagonale\",\"description\":\"Le site des supporters de l&#039;AS Monaco FC\",\"potentialAction\":[{\"@type\":\"SearchAction\",\"target\":{\"@type\":\"EntryPoint\",\"urlTemplate\":\"https:\/\/www.ladiagonale.net\/?s={search_term_string}\"},\"query-input\":\"required name=search_term_string\"}],\"inLanguage\":\"fr-FR\"},{\"@type\":\"Person\",\"@id\":\"https:\/\/www.ladiagonale.net\/#\/schema\/person\/79ff1e7b0853ed01b2aa26e64ad300bf\",\"name\":\"Damien Dellerba\",\"image\":{\"@type\":\"ImageObject\",\"inLanguage\":\"fr-FR\",\"@id\":\"https:\/\/www.ladiagonale.net\/#\/schema\/person\/image\/\",\"url\":\"https:\/\/secure.gravatar.com\/avatar\/c7850e06d3ff63cdbaee88b7fc16e2f0?s=96&d=mm&r=g\",\"contentUrl\":\"https:\/\/secure.gravatar.com\/avatar\/c7850e06d3ff63cdbaee88b7fc16e2f0?s=96&d=mm&r=g\",\"caption\":\"Damien Dellerba\"},\"url\":\"https:\/\/www.ladiagonale.net\/index.php\/author\/damien\/\"}]}<\/script>\n<!-- \/ Yoast SEO plugin. -->","yoast_head_json":{"title":"Vanderson serait en Principaut\u00e9 - La Diagonale","robots":{"index":"index","follow":"follow","max-snippet":"max-snippet:-1","max-image-preview":"max-image-preview:large","max-video-preview":"max-video-preview:-1"},"canonical":"https:\/\/www.ladiagonale.net\/index.php\/2021\/12\/23\/vanderson-serait-en-principaute\/","og_locale":"fr_FR","og_type":"article","og_title":"Vanderson serait en Principaut\u00e9 - La Diagonale","og_description":"Alors que le nom de Vanderson circule avec insistance du c\u00f4t\u00e9 de l&rsquo;AS Monaco depuis quelques jours, un indice suppl\u00e9mentaire semble corroborer l&rsquo;imminence de la transaction. En effet, le d\u00e9fenseur br\u00e9silien a publi\u00e9 sur son compte Instagram une photo d&rsquo;un lieu bien connu en Principaut\u00e9 et des amateurs de Formule 1, \u00e0 savoir la fameuse [...]","og_url":"https:\/\/www.ladiagonale.net\/index.php\/2021\/12\/23\/vanderson-serait-en-principaute\/","og_site_name":"La Diagonale","article_published_time":"2021-12-23T22:50:18+00:00","article_modified_time":"2024-02-09T22:57:40+00:00","author":"Damien Dellerba","twitter_card":"summary_large_image","twitter_misc":{"\u00c9crit par":"Damien Dellerba","Dur\u00e9e de lecture estim\u00e9e":"1 minute"},"schema":{"@context":"https:\/\/schema.org","@graph":[{"@type":"WebPage","@id":"https:\/\/www.ladiagonale.net\/index.php\/2021\/12\/23\/vanderson-serait-en-principaute\/","url":"https:\/\/www.ladiagonale.net\/index.php\/2021\/12\/23\/vanderson-serait-en-principaute\/","name":"Vanderson serait en Principaut\u00e9 - La Diagonale","isPartOf":{"@id":"https:\/\/www.ladiagonale.net\/#website"},"datePublished":"2021-12-23T22:50:18+00:00","dateModified":"2024-02-09T22:57:40+00:00","author":{"@id":"https:\/\/www.ladiagonale.net\/#\/schema\/person\/79ff1e7b0853ed01b2aa26e64ad300bf"},"breadcrumb":{"@id":"https:\/\/www.ladiagonale.net\/index.php\/2021\/12\/23\/vanderson-serait-en-principaute\/#breadcrumb"},"inLanguage":"fr-FR","potentialAction":[{"@type":"ReadAction","target":["https:\/\/www.ladiagonale.net\/index.php\/2021\/12\/23\/vanderson-serait-en-principaute\/"]}]},{"@type":"BreadcrumbList","@id":"https:\/\/www.ladiagonale.net\/index.php\/2021\/12\/23\/vanderson-serait-en-principaute\/#breadcrumb","itemListElement":[{"@type":"ListItem","position":1,"name":"Accueil","item":"https:\/\/www.ladiagonale.net\/"},{"@type":"ListItem","position":2,"name":"Vanderson serait en Principaut\u00e9"}]},{"@type":"WebSite","@id":"https:\/\/www.ladiagonale.net\/#website","url":"https:\/\/www.ladiagonale.net\/","name":"La Diagonale","description":"Le site des supporters de l&#039;AS Monaco FC","potentialAction":[{"@type":"SearchAction","target":{"@type":"EntryPoint","urlTemplate":"https:\/\/www.ladiagonale.net\/?s={search_term_string}"},"query-input":"required name=search_term_string"}],"inLanguage":"fr-FR"},{"@type":"Person","@id":"https:\/\/www.ladiagonale.net\/#\/schema\/person\/79ff1e7b0853ed01b2aa26e64ad300bf","name":"Damien Dellerba","image":{"@type":"ImageObject","inLanguage":"fr-FR","@id":"https:\/\/www.ladiagonale.net\/#\/schema\/person\/image\/","url":"https:\/\/secure.gravatar.com\/avatar\/c7850e06d3ff63cdbaee88b7fc16e2f0?s=96&d=mm&r=g","contentUrl":"https:\/\/secure.gravatar.com\/avatar\/c7850e06d3ff63cdbaee88b7fc16e2f0?s=96&d=mm&r=g","caption":"Damien Dellerba"},"url":"https:\/\/www.ladiagonale.net\/index.php\/author\/damien\/"}]}},"_links":{"self":[{"href":"https:\/\/www.ladiagonale.net\/index.php\/wp-json\/wp\/v2\/posts\/408"}],"collection":[{"href":"https:\/\/www.ladiagonale.net\/index.php\/wp-json\/wp\/v2\/posts"}],"about":[{"href":"https:\/\/www.ladiagonale.net\/index.php\/wp-json\/wp\/v2\/types\/post"}],"author":[{"embeddable":true,"href":"https:\/\/www.ladiagonale.net\/index.php\/wp-json\/wp\/v2\/users\/2"}],"replies":[{"embeddable":true,"href":"https:\/\/www.ladiagonale.net\/index.php\/wp-json\/wp\/v2\/comments?post=408"}],"version-history":[{"count":2,"href":"https:\/\/www.ladiagonale.net\/index.php\/wp-json\/wp\/v2\/posts\/408\/revisions"}],"predecessor-version":[{"id":20668,"href":"https:\/\/www.ladiagonale.net\/index.php\/wp-json\/wp\/v2\/posts\/408\/revisions\/20668"}],"wp:attachment":[{"href":"https:\/\/www.ladiagonale.net\/index.php\/wp-json\/wp\/v2\/media?parent=408"}],"wp:term":[{"taxonomy":"category","embeddable":true,"href":"https:\/\/www.ladiagonale.net\/index.php\/wp-json\/wp\/v2\/categories?post=408"},{"taxonomy":"post_tag","embeddable":true,"href":"https:\/\/www.ladiagonale.net\/index.php\/wp-json\/wp\/v2\/tags?post=408"}],"curies":[{"name":"wp","href":"https:\/\/api.w.org\/{rel}","templated":true}]}}