{"id":4084,"date":"2022-08-10T00:00:00","date_gmt":"2022-08-09T22:00:00","guid":{"rendered":"https:\/\/www.ladiagonale.net\/index.php\/2022\/08\/10\/nice-monaco-laffiche-de-la-6e-journee\/"},"modified":"2022-08-10T00:00:00","modified_gmt":"2022-08-09T22:00:00","slug":"nice-monaco-laffiche-de-la-6e-journee","status":"publish","type":"post","link":"https:\/\/www.ladiagonale.net\/index.php\/2022\/08\/10\/nice-monaco-laffiche-de-la-6e-journee\/","title":{"rendered":"Nice-Monaco, l&rsquo;affiche de la 6e journ\u00e9e"},"content":{"rendered":"<p>La LFP a d\u00e9voil\u00e9 l&rsquo;int\u00e9gralit\u00e9 de la programmation de la 6e journ\u00e9e de Ligue 1, suite au r\u00e9sultat de l&rsquo;ASM lors du Tour Pr\u00e9liminaire face \u00e0 Eindhoven. \u00c0 cette occasion, l&rsquo;AS Monaco fera son d\u00e9placement le plus court de la saison, \u00e0 Nice, le dimanche 4 septembre. Pour la deuxi\u00e8me fois cons\u00e9cutive, la rencontre sera l&rsquo;affiche du dimanche soir, \u00e0 20h45 surPrime Video*.<\/p>\n<p> La programmation compl\u00e8te<\/p>\n<p>Samedi 3 septembre (17h00 -Prime Video*)<br \/>\nAJ Auxerre \u2013 Olympique de Marseille<\/p>\n<p>Samedi 3 septembre (19h00 -Prime Video*)<br \/>\nOlympique Lyonnais \u2013 Angers SCO<\/p>\n<p>Samedi 3 septembre (21h00 -Canal + Sport 360*)<br \/>\nFC Nantes \u2013 Paris Saint-Germain<\/p>\n<p>Dimanche 4 septembre (13h00 -Prime Video*)<br \/>\nMontpellier H\u00e9rault SC \u2013 LOSC Lille<\/p>\n<p>Dimanche 4 septembre (15h00 -Prime Video*)<br \/>\nAC Ajaccio \u2013 FC Lorient<br \/>\nClermont Foot 63 \u2013 Toulouse FC<br \/>\nStade Brestois 29 \u2013 RC Strasbourg Alsace<br \/>\nStade de Reims \u2013 RC Lens<\/p>\n<p>Dimanche 4 septembre (17h05 -Canal + Foot*)<br \/>\nESTAC Troyes \u2013 Stade Rennais FC<\/p>\n<p>Dimanche 4 septembre (20h45 -Prime Video*)<br \/>\nOGC Nice \u2013 AS Monaco<\/p>\n<p> Les autres journ\u00e9es<\/p>\n[2e journ\u00e9e](https:\/\/www.ladiagonale.net\/news-1586-la-programmation-du-choc-contre-rennes-est-connue)<br \/>\n[3e journ\u00e9e](https:\/\/www.ladiagonale.net\/news-1618-monaco-garde-le-meme-creneau-pour-la-reception-de-lens)<br \/>\n[4e journ\u00e9e](https:\/\/www.ladiagonale.net\/news-1637-paris-monaco-en-affiche-du-dimanche-soir)<br \/>\n[5e journ\u00e9e](https:\/\/www.ladiagonale.net\/news-1642-la-programmation-de-monaco-troyes-est-connue)<\/p>\n","protected":false},"excerpt":{"rendered":"<p>La LFP a d\u00e9voil\u00e9 l&rsquo;int\u00e9gralit\u00e9 de la programmation de la 6e journ\u00e9e de Ligue 1, suite au r\u00e9sultat de l&rsquo;ASM lors du Tour Pr\u00e9liminaire face \u00e0 Eindhoven. \u00c0 cette occasion, l&rsquo;AS Monaco fera son d\u00e9placement le plus court de la saison, \u00e0 Nice, le dimanche 4 septembre. Pour la deuxi\u00e8me fois cons\u00e9cutive, la rencontre sera [&#8230;]\n","protected":false},"author":1,"featured_media":0,"comment_status":"open","ping_status":"open","sticky":false,"template":"","format":"standard","meta":[],"categories":[6],"tags":[],"yoast_head":"<!-- This site is optimized with the Yoast SEO plugin v19.8 - https:\/\/yoast.com\/wordpress\/plugins\/seo\/ -->\n<title>Nice-Monaco, l&#039;affiche de la 6e journ\u00e9e - La Diagonale<\/title>\n<meta name=\"robots\" content=\"index, follow, max-snippet:-1, max-image-preview:large, max-video-preview:-1\" \/>\n<link rel=\"canonical\" href=\"https:\/\/www.ladiagonale.net\/index.php\/2022\/08\/10\/nice-monaco-laffiche-de-la-6e-journee\/\" \/>\n<meta property=\"og:locale\" content=\"fr_FR\" \/>\n<meta property=\"og:type\" content=\"article\" \/>\n<meta property=\"og:title\" content=\"Nice-Monaco, l&#039;affiche de la 6e journ\u00e9e - La Diagonale\" \/>\n<meta property=\"og:description\" content=\"La LFP a d\u00e9voil\u00e9 l&rsquo;int\u00e9gralit\u00e9 de la programmation de la 6e journ\u00e9e de Ligue 1, suite au r\u00e9sultat de l&rsquo;ASM lors du Tour Pr\u00e9liminaire face \u00e0 Eindhoven. \u00c0 cette occasion, l&rsquo;AS Monaco fera son d\u00e9placement le plus court de la saison, \u00e0 Nice, le dimanche 4 septembre. Pour la deuxi\u00e8me fois cons\u00e9cutive, la rencontre sera [...]\" \/>\n<meta property=\"og:url\" content=\"https:\/\/www.ladiagonale.net\/index.php\/2022\/08\/10\/nice-monaco-laffiche-de-la-6e-journee\/\" \/>\n<meta property=\"og:site_name\" content=\"La Diagonale\" \/>\n<meta property=\"article:published_time\" content=\"2022-08-09T22:00:00+00:00\" \/>\n<meta name=\"author\" content=\"admin\" \/>\n<meta name=\"twitter:card\" content=\"summary_large_image\" \/>\n<meta name=\"twitter:label1\" content=\"\u00c9crit par\" \/>\n\t<meta name=\"twitter:data1\" content=\"admin\" \/>\n\t<meta name=\"twitter:label2\" content=\"Dur\u00e9e de lecture estim\u00e9e\" \/>\n\t<meta name=\"twitter:data2\" content=\"1 minute\" \/>\n<script type=\"application\/ld+json\" class=\"yoast-schema-graph\">{\"@context\":\"https:\/\/schema.org\",\"@graph\":[{\"@type\":\"WebPage\",\"@id\":\"https:\/\/www.ladiagonale.net\/index.php\/2022\/08\/10\/nice-monaco-laffiche-de-la-6e-journee\/\",\"url\":\"https:\/\/www.ladiagonale.net\/index.php\/2022\/08\/10\/nice-monaco-laffiche-de-la-6e-journee\/\",\"name\":\"Nice-Monaco, l'affiche de la 6e journ\u00e9e - La Diagonale\",\"isPartOf\":{\"@id\":\"https:\/\/www.ladiagonale.net\/#website\"},\"datePublished\":\"2022-08-09T22:00:00+00:00\",\"dateModified\":\"2022-08-09T22:00:00+00:00\",\"author\":{\"@id\":\"https:\/\/www.ladiagonale.net\/#\/schema\/person\/03fa041acd51875ece8bf97a37252a4d\"},\"breadcrumb\":{\"@id\":\"https:\/\/www.ladiagonale.net\/index.php\/2022\/08\/10\/nice-monaco-laffiche-de-la-6e-journee\/#breadcrumb\"},\"inLanguage\":\"fr-FR\",\"potentialAction\":[{\"@type\":\"ReadAction\",\"target\":[\"https:\/\/www.ladiagonale.net\/index.php\/2022\/08\/10\/nice-monaco-laffiche-de-la-6e-journee\/\"]}]},{\"@type\":\"BreadcrumbList\",\"@id\":\"https:\/\/www.ladiagonale.net\/index.php\/2022\/08\/10\/nice-monaco-laffiche-de-la-6e-journee\/#breadcrumb\",\"itemListElement\":[{\"@type\":\"ListItem\",\"position\":1,\"name\":\"Accueil\",\"item\":\"https:\/\/www.ladiagonale.net\/\"},{\"@type\":\"ListItem\",\"position\":2,\"name\":\"Nice-Monaco, l&rsquo;affiche de la 6e journ\u00e9e\"}]},{\"@type\":\"WebSite\",\"@id\":\"https:\/\/www.ladiagonale.net\/#website\",\"url\":\"https:\/\/www.ladiagonale.net\/\",\"name\":\"La Diagonale\",\"description\":\"Le site des supporters de l&#039;AS Monaco FC\",\"potentialAction\":[{\"@type\":\"SearchAction\",\"target\":{\"@type\":\"EntryPoint\",\"urlTemplate\":\"https:\/\/www.ladiagonale.net\/?s={search_term_string}\"},\"query-input\":\"required name=search_term_string\"}],\"inLanguage\":\"fr-FR\"},{\"@type\":\"Person\",\"@id\":\"https:\/\/www.ladiagonale.net\/#\/schema\/person\/03fa041acd51875ece8bf97a37252a4d\",\"name\":\"admin\",\"image\":{\"@type\":\"ImageObject\",\"inLanguage\":\"fr-FR\",\"@id\":\"https:\/\/www.ladiagonale.net\/#\/schema\/person\/image\/\",\"url\":\"https:\/\/secure.gravatar.com\/avatar\/894b9daaf19cc759b072b6bb09cac5f2?s=96&d=mm&r=g\",\"contentUrl\":\"https:\/\/secure.gravatar.com\/avatar\/894b9daaf19cc759b072b6bb09cac5f2?s=96&d=mm&r=g\",\"caption\":\"admin\"},\"sameAs\":[\"https:\/\/v2.ladiagonale.net\"],\"url\":\"https:\/\/www.ladiagonale.net\/index.php\/author\/admin\/\"}]}<\/script>\n<!-- \/ Yoast SEO plugin. -->","yoast_head_json":{"title":"Nice-Monaco, l'affiche de la 6e journ\u00e9e - La Diagonale","robots":{"index":"index","follow":"follow","max-snippet":"max-snippet:-1","max-image-preview":"max-image-preview:large","max-video-preview":"max-video-preview:-1"},"canonical":"https:\/\/www.ladiagonale.net\/index.php\/2022\/08\/10\/nice-monaco-laffiche-de-la-6e-journee\/","og_locale":"fr_FR","og_type":"article","og_title":"Nice-Monaco, l'affiche de la 6e journ\u00e9e - La Diagonale","og_description":"La LFP a d\u00e9voil\u00e9 l&rsquo;int\u00e9gralit\u00e9 de la programmation de la 6e journ\u00e9e de Ligue 1, suite au r\u00e9sultat de l&rsquo;ASM lors du Tour Pr\u00e9liminaire face \u00e0 Eindhoven. \u00c0 cette occasion, l&rsquo;AS Monaco fera son d\u00e9placement le plus court de la saison, \u00e0 Nice, le dimanche 4 septembre. Pour la deuxi\u00e8me fois cons\u00e9cutive, la rencontre sera [...]","og_url":"https:\/\/www.ladiagonale.net\/index.php\/2022\/08\/10\/nice-monaco-laffiche-de-la-6e-journee\/","og_site_name":"La Diagonale","article_published_time":"2022-08-09T22:00:00+00:00","author":"admin","twitter_card":"summary_large_image","twitter_misc":{"\u00c9crit par":"admin","Dur\u00e9e de lecture estim\u00e9e":"1 minute"},"schema":{"@context":"https:\/\/schema.org","@graph":[{"@type":"WebPage","@id":"https:\/\/www.ladiagonale.net\/index.php\/2022\/08\/10\/nice-monaco-laffiche-de-la-6e-journee\/","url":"https:\/\/www.ladiagonale.net\/index.php\/2022\/08\/10\/nice-monaco-laffiche-de-la-6e-journee\/","name":"Nice-Monaco, l'affiche de la 6e journ\u00e9e - La Diagonale","isPartOf":{"@id":"https:\/\/www.ladiagonale.net\/#website"},"datePublished":"2022-08-09T22:00:00+00:00","dateModified":"2022-08-09T22:00:00+00:00","author":{"@id":"https:\/\/www.ladiagonale.net\/#\/schema\/person\/03fa041acd51875ece8bf97a37252a4d"},"breadcrumb":{"@id":"https:\/\/www.ladiagonale.net\/index.php\/2022\/08\/10\/nice-monaco-laffiche-de-la-6e-journee\/#breadcrumb"},"inLanguage":"fr-FR","potentialAction":[{"@type":"ReadAction","target":["https:\/\/www.ladiagonale.net\/index.php\/2022\/08\/10\/nice-monaco-laffiche-de-la-6e-journee\/"]}]},{"@type":"BreadcrumbList","@id":"https:\/\/www.ladiagonale.net\/index.php\/2022\/08\/10\/nice-monaco-laffiche-de-la-6e-journee\/#breadcrumb","itemListElement":[{"@type":"ListItem","position":1,"name":"Accueil","item":"https:\/\/www.ladiagonale.net\/"},{"@type":"ListItem","position":2,"name":"Nice-Monaco, l&rsquo;affiche de la 6e journ\u00e9e"}]},{"@type":"WebSite","@id":"https:\/\/www.ladiagonale.net\/#website","url":"https:\/\/www.ladiagonale.net\/","name":"La Diagonale","description":"Le site des supporters de l&#039;AS Monaco FC","potentialAction":[{"@type":"SearchAction","target":{"@type":"EntryPoint","urlTemplate":"https:\/\/www.ladiagonale.net\/?s={search_term_string}"},"query-input":"required name=search_term_string"}],"inLanguage":"fr-FR"},{"@type":"Person","@id":"https:\/\/www.ladiagonale.net\/#\/schema\/person\/03fa041acd51875ece8bf97a37252a4d","name":"admin","image":{"@type":"ImageObject","inLanguage":"fr-FR","@id":"https:\/\/www.ladiagonale.net\/#\/schema\/person\/image\/","url":"https:\/\/secure.gravatar.com\/avatar\/894b9daaf19cc759b072b6bb09cac5f2?s=96&d=mm&r=g","contentUrl":"https:\/\/secure.gravatar.com\/avatar\/894b9daaf19cc759b072b6bb09cac5f2?s=96&d=mm&r=g","caption":"admin"},"sameAs":["https:\/\/v2.ladiagonale.net"],"url":"https:\/\/www.ladiagonale.net\/index.php\/author\/admin\/"}]}},"_links":{"self":[{"href":"https:\/\/www.ladiagonale.net\/index.php\/wp-json\/wp\/v2\/posts\/4084"}],"collection":[{"href":"https:\/\/www.ladiagonale.net\/index.php\/wp-json\/wp\/v2\/posts"}],"about":[{"href":"https:\/\/www.ladiagonale.net\/index.php\/wp-json\/wp\/v2\/types\/post"}],"author":[{"embeddable":true,"href":"https:\/\/www.ladiagonale.net\/index.php\/wp-json\/wp\/v2\/users\/1"}],"replies":[{"embeddable":true,"href":"https:\/\/www.ladiagonale.net\/index.php\/wp-json\/wp\/v2\/comments?post=4084"}],"version-history":[{"count":0,"href":"https:\/\/www.ladiagonale.net\/index.php\/wp-json\/wp\/v2\/posts\/4084\/revisions"}],"wp:attachment":[{"href":"https:\/\/www.ladiagonale.net\/index.php\/wp-json\/wp\/v2\/media?parent=4084"}],"wp:term":[{"taxonomy":"category","embeddable":true,"href":"https:\/\/www.ladiagonale.net\/index.php\/wp-json\/wp\/v2\/categories?post=4084"},{"taxonomy":"post_tag","embeddable":true,"href":"https:\/\/www.ladiagonale.net\/index.php\/wp-json\/wp\/v2\/tags?post=4084"}],"curies":[{"name":"wp","href":"https:\/\/api.w.org\/{rel}","templated":true}]}}