{"id":4085,"date":"2022-08-11T00:00:00","date_gmt":"2022-08-10T22:00:00","guid":{"rendered":"https:\/\/www.ladiagonale.net\/index.php\/2022\/08\/11\/un-depart-de-clement-improbable-pour-lequipe\/"},"modified":"2022-08-11T00:00:00","modified_gmt":"2022-08-10T22:00:00","slug":"un-depart-de-clement-improbable-pour-lequipe","status":"publish","type":"post","link":"https:\/\/www.ladiagonale.net\/index.php\/2022\/08\/11\/un-depart-de-clement-improbable-pour-lequipe\/","title":{"rendered":"Un d\u00e9part de Clement \u00ab improbable \u00bb pour L\u2019\u00c9quipe"},"content":{"rendered":"<p>L\u2019\u00e9limination de l\u2019AS Monaco pour la deuxi\u00e8me saison cons\u00e9cutive a probablement d\u00e9plu, eta minimad\u00e9\u00e7u, les dirigeants mon\u00e9gasques, ne cadrant pas avec les grandes ambitions du club que ne cesse de clamer Paul Mitchell. Et dans ce genre de cas, c\u2019est \u00e0 la r\u00e9action du Pr\u00e9sident Dmitry Rybolovlev qu&rsquo;il faut toujours pr\u00eater attention, comme le rappelleL\u2019\u00c9quipe*. L\u2019an dernier, Niko Kovac \u00e9tait pass\u00e9 pr\u00e8s d\u2019une \u00e9viction pr\u00e9coce apr\u00e8s l\u2019\u00e9chec face au Shakhtar Donetsk. <\/p>\n<p>Mais selon le quotidien sportif, Philippe Clement ne serait pas en danger et son renvoi semblerait m\u00eame \u00abimprobable\u00bb. Si les jours du technicien belge \u00e9taient compt\u00e9s au mois de mars, au m\u00eame titre que ceux de Paul Mitchell et Oleg Petrov, la s\u00e9rie de dix matchs sans d\u00e9faite en fin de saison derni\u00e8re semble avoir nettement radouci le pr\u00e9sident russe depuis. Et pourL\u2019\u00c9quipe*, le contenu des deux matchs disput\u00e9s contre Eindhoven ainsi que la bonne ambiance de groupe sont des arguments qui jouent en faveur de Clement.<\/p>\n","protected":false},"excerpt":{"rendered":"<p>L\u2019\u00e9limination de l\u2019AS Monaco pour la deuxi\u00e8me saison cons\u00e9cutive a probablement d\u00e9plu, eta minimad\u00e9\u00e7u, les dirigeants mon\u00e9gasques, ne cadrant pas avec les grandes ambitions du club que ne cesse de clamer Paul Mitchell. Et dans ce genre de cas, c\u2019est \u00e0 la r\u00e9action du Pr\u00e9sident Dmitry Rybolovlev qu&rsquo;il faut toujours pr\u00eater attention, comme le rappelleL\u2019\u00c9quipe*. [&#8230;]\n","protected":false},"author":1,"featured_media":0,"comment_status":"open","ping_status":"open","sticky":false,"template":"","format":"standard","meta":[],"categories":[6],"tags":[],"yoast_head":"<!-- This site is optimized with the Yoast SEO plugin v19.8 - https:\/\/yoast.com\/wordpress\/plugins\/seo\/ -->\n<title>Un d\u00e9part de Clement \u00ab improbable \u00bb pour L\u2019\u00c9quipe - La Diagonale<\/title>\n<meta name=\"robots\" content=\"index, follow, max-snippet:-1, max-image-preview:large, max-video-preview:-1\" \/>\n<link rel=\"canonical\" href=\"https:\/\/www.ladiagonale.net\/index.php\/2022\/08\/11\/un-depart-de-clement-improbable-pour-lequipe\/\" \/>\n<meta property=\"og:locale\" content=\"fr_FR\" \/>\n<meta property=\"og:type\" content=\"article\" \/>\n<meta property=\"og:title\" content=\"Un d\u00e9part de Clement \u00ab improbable \u00bb pour L\u2019\u00c9quipe - La Diagonale\" \/>\n<meta property=\"og:description\" content=\"L\u2019\u00e9limination de l\u2019AS Monaco pour la deuxi\u00e8me saison cons\u00e9cutive a probablement d\u00e9plu, eta minimad\u00e9\u00e7u, les dirigeants mon\u00e9gasques, ne cadrant pas avec les grandes ambitions du club que ne cesse de clamer Paul Mitchell. Et dans ce genre de cas, c\u2019est \u00e0 la r\u00e9action du Pr\u00e9sident Dmitry Rybolovlev qu&rsquo;il faut toujours pr\u00eater attention, comme le rappelleL\u2019\u00c9quipe*. [...]\" \/>\n<meta property=\"og:url\" content=\"https:\/\/www.ladiagonale.net\/index.php\/2022\/08\/11\/un-depart-de-clement-improbable-pour-lequipe\/\" \/>\n<meta property=\"og:site_name\" content=\"La Diagonale\" \/>\n<meta property=\"article:published_time\" content=\"2022-08-10T22:00:00+00:00\" \/>\n<meta name=\"author\" content=\"admin\" \/>\n<meta name=\"twitter:card\" content=\"summary_large_image\" \/>\n<meta name=\"twitter:label1\" content=\"\u00c9crit par\" \/>\n\t<meta name=\"twitter:data1\" content=\"admin\" \/>\n\t<meta name=\"twitter:label2\" content=\"Dur\u00e9e de lecture estim\u00e9e\" \/>\n\t<meta name=\"twitter:data2\" content=\"1 minute\" \/>\n<script type=\"application\/ld+json\" class=\"yoast-schema-graph\">{\"@context\":\"https:\/\/schema.org\",\"@graph\":[{\"@type\":\"WebPage\",\"@id\":\"https:\/\/www.ladiagonale.net\/index.php\/2022\/08\/11\/un-depart-de-clement-improbable-pour-lequipe\/\",\"url\":\"https:\/\/www.ladiagonale.net\/index.php\/2022\/08\/11\/un-depart-de-clement-improbable-pour-lequipe\/\",\"name\":\"Un d\u00e9part de Clement \u00ab improbable \u00bb pour L\u2019\u00c9quipe - La Diagonale\",\"isPartOf\":{\"@id\":\"https:\/\/www.ladiagonale.net\/#website\"},\"datePublished\":\"2022-08-10T22:00:00+00:00\",\"dateModified\":\"2022-08-10T22:00:00+00:00\",\"author\":{\"@id\":\"https:\/\/www.ladiagonale.net\/#\/schema\/person\/03fa041acd51875ece8bf97a37252a4d\"},\"breadcrumb\":{\"@id\":\"https:\/\/www.ladiagonale.net\/index.php\/2022\/08\/11\/un-depart-de-clement-improbable-pour-lequipe\/#breadcrumb\"},\"inLanguage\":\"fr-FR\",\"potentialAction\":[{\"@type\":\"ReadAction\",\"target\":[\"https:\/\/www.ladiagonale.net\/index.php\/2022\/08\/11\/un-depart-de-clement-improbable-pour-lequipe\/\"]}]},{\"@type\":\"BreadcrumbList\",\"@id\":\"https:\/\/www.ladiagonale.net\/index.php\/2022\/08\/11\/un-depart-de-clement-improbable-pour-lequipe\/#breadcrumb\",\"itemListElement\":[{\"@type\":\"ListItem\",\"position\":1,\"name\":\"Accueil\",\"item\":\"https:\/\/www.ladiagonale.net\/\"},{\"@type\":\"ListItem\",\"position\":2,\"name\":\"Un d\u00e9part de Clement \u00ab improbable \u00bb pour L\u2019\u00c9quipe\"}]},{\"@type\":\"WebSite\",\"@id\":\"https:\/\/www.ladiagonale.net\/#website\",\"url\":\"https:\/\/www.ladiagonale.net\/\",\"name\":\"La Diagonale\",\"description\":\"Le site des supporters de l&#039;AS Monaco FC\",\"potentialAction\":[{\"@type\":\"SearchAction\",\"target\":{\"@type\":\"EntryPoint\",\"urlTemplate\":\"https:\/\/www.ladiagonale.net\/?s={search_term_string}\"},\"query-input\":\"required name=search_term_string\"}],\"inLanguage\":\"fr-FR\"},{\"@type\":\"Person\",\"@id\":\"https:\/\/www.ladiagonale.net\/#\/schema\/person\/03fa041acd51875ece8bf97a37252a4d\",\"name\":\"admin\",\"image\":{\"@type\":\"ImageObject\",\"inLanguage\":\"fr-FR\",\"@id\":\"https:\/\/www.ladiagonale.net\/#\/schema\/person\/image\/\",\"url\":\"https:\/\/secure.gravatar.com\/avatar\/894b9daaf19cc759b072b6bb09cac5f2?s=96&d=mm&r=g\",\"contentUrl\":\"https:\/\/secure.gravatar.com\/avatar\/894b9daaf19cc759b072b6bb09cac5f2?s=96&d=mm&r=g\",\"caption\":\"admin\"},\"sameAs\":[\"https:\/\/v2.ladiagonale.net\"],\"url\":\"https:\/\/www.ladiagonale.net\/index.php\/author\/admin\/\"}]}<\/script>\n<!-- \/ Yoast SEO plugin. -->","yoast_head_json":{"title":"Un d\u00e9part de Clement \u00ab improbable \u00bb pour L\u2019\u00c9quipe - La Diagonale","robots":{"index":"index","follow":"follow","max-snippet":"max-snippet:-1","max-image-preview":"max-image-preview:large","max-video-preview":"max-video-preview:-1"},"canonical":"https:\/\/www.ladiagonale.net\/index.php\/2022\/08\/11\/un-depart-de-clement-improbable-pour-lequipe\/","og_locale":"fr_FR","og_type":"article","og_title":"Un d\u00e9part de Clement \u00ab improbable \u00bb pour L\u2019\u00c9quipe - La Diagonale","og_description":"L\u2019\u00e9limination de l\u2019AS Monaco pour la deuxi\u00e8me saison cons\u00e9cutive a probablement d\u00e9plu, eta minimad\u00e9\u00e7u, les dirigeants mon\u00e9gasques, ne cadrant pas avec les grandes ambitions du club que ne cesse de clamer Paul Mitchell. Et dans ce genre de cas, c\u2019est \u00e0 la r\u00e9action du Pr\u00e9sident Dmitry Rybolovlev qu&rsquo;il faut toujours pr\u00eater attention, comme le rappelleL\u2019\u00c9quipe*. [...]","og_url":"https:\/\/www.ladiagonale.net\/index.php\/2022\/08\/11\/un-depart-de-clement-improbable-pour-lequipe\/","og_site_name":"La Diagonale","article_published_time":"2022-08-10T22:00:00+00:00","author":"admin","twitter_card":"summary_large_image","twitter_misc":{"\u00c9crit par":"admin","Dur\u00e9e de lecture estim\u00e9e":"1 minute"},"schema":{"@context":"https:\/\/schema.org","@graph":[{"@type":"WebPage","@id":"https:\/\/www.ladiagonale.net\/index.php\/2022\/08\/11\/un-depart-de-clement-improbable-pour-lequipe\/","url":"https:\/\/www.ladiagonale.net\/index.php\/2022\/08\/11\/un-depart-de-clement-improbable-pour-lequipe\/","name":"Un d\u00e9part de Clement \u00ab improbable \u00bb pour L\u2019\u00c9quipe - La Diagonale","isPartOf":{"@id":"https:\/\/www.ladiagonale.net\/#website"},"datePublished":"2022-08-10T22:00:00+00:00","dateModified":"2022-08-10T22:00:00+00:00","author":{"@id":"https:\/\/www.ladiagonale.net\/#\/schema\/person\/03fa041acd51875ece8bf97a37252a4d"},"breadcrumb":{"@id":"https:\/\/www.ladiagonale.net\/index.php\/2022\/08\/11\/un-depart-de-clement-improbable-pour-lequipe\/#breadcrumb"},"inLanguage":"fr-FR","potentialAction":[{"@type":"ReadAction","target":["https:\/\/www.ladiagonale.net\/index.php\/2022\/08\/11\/un-depart-de-clement-improbable-pour-lequipe\/"]}]},{"@type":"BreadcrumbList","@id":"https:\/\/www.ladiagonale.net\/index.php\/2022\/08\/11\/un-depart-de-clement-improbable-pour-lequipe\/#breadcrumb","itemListElement":[{"@type":"ListItem","position":1,"name":"Accueil","item":"https:\/\/www.ladiagonale.net\/"},{"@type":"ListItem","position":2,"name":"Un d\u00e9part de Clement \u00ab improbable \u00bb pour L\u2019\u00c9quipe"}]},{"@type":"WebSite","@id":"https:\/\/www.ladiagonale.net\/#website","url":"https:\/\/www.ladiagonale.net\/","name":"La Diagonale","description":"Le site des supporters de l&#039;AS Monaco FC","potentialAction":[{"@type":"SearchAction","target":{"@type":"EntryPoint","urlTemplate":"https:\/\/www.ladiagonale.net\/?s={search_term_string}"},"query-input":"required name=search_term_string"}],"inLanguage":"fr-FR"},{"@type":"Person","@id":"https:\/\/www.ladiagonale.net\/#\/schema\/person\/03fa041acd51875ece8bf97a37252a4d","name":"admin","image":{"@type":"ImageObject","inLanguage":"fr-FR","@id":"https:\/\/www.ladiagonale.net\/#\/schema\/person\/image\/","url":"https:\/\/secure.gravatar.com\/avatar\/894b9daaf19cc759b072b6bb09cac5f2?s=96&d=mm&r=g","contentUrl":"https:\/\/secure.gravatar.com\/avatar\/894b9daaf19cc759b072b6bb09cac5f2?s=96&d=mm&r=g","caption":"admin"},"sameAs":["https:\/\/v2.ladiagonale.net"],"url":"https:\/\/www.ladiagonale.net\/index.php\/author\/admin\/"}]}},"_links":{"self":[{"href":"https:\/\/www.ladiagonale.net\/index.php\/wp-json\/wp\/v2\/posts\/4085"}],"collection":[{"href":"https:\/\/www.ladiagonale.net\/index.php\/wp-json\/wp\/v2\/posts"}],"about":[{"href":"https:\/\/www.ladiagonale.net\/index.php\/wp-json\/wp\/v2\/types\/post"}],"author":[{"embeddable":true,"href":"https:\/\/www.ladiagonale.net\/index.php\/wp-json\/wp\/v2\/users\/1"}],"replies":[{"embeddable":true,"href":"https:\/\/www.ladiagonale.net\/index.php\/wp-json\/wp\/v2\/comments?post=4085"}],"version-history":[{"count":0,"href":"https:\/\/www.ladiagonale.net\/index.php\/wp-json\/wp\/v2\/posts\/4085\/revisions"}],"wp:attachment":[{"href":"https:\/\/www.ladiagonale.net\/index.php\/wp-json\/wp\/v2\/media?parent=4085"}],"wp:term":[{"taxonomy":"category","embeddable":true,"href":"https:\/\/www.ladiagonale.net\/index.php\/wp-json\/wp\/v2\/categories?post=4085"},{"taxonomy":"post_tag","embeddable":true,"href":"https:\/\/www.ladiagonale.net\/index.php\/wp-json\/wp\/v2\/tags?post=4085"}],"curies":[{"name":"wp","href":"https:\/\/api.w.org\/{rel}","templated":true}]}}