{"id":4092,"date":"2022-08-11T00:00:00","date_gmt":"2022-08-10T22:00:00","guid":{"rendered":"https:\/\/www.ladiagonale.net\/index.php\/2022\/08\/11\/groupe-elite-monaco-corrige-nice\/"},"modified":"2022-08-11T00:00:00","modified_gmt":"2022-08-10T22:00:00","slug":"groupe-elite-monaco-corrige-nice","status":"publish","type":"post","link":"https:\/\/www.ladiagonale.net\/index.php\/2022\/08\/11\/groupe-elite-monaco-corrige-nice\/","title":{"rendered":"Groupe \u00c9lite : Monaco corrige Nice"},"content":{"rendered":"<p>Ce mercredi, l\u2019AS Monaco disputait une rencontre amicale face au rival de l\u2019OGC Nice du c\u00f4t\u00e9 du Stade de la Plaine. Les hommes de Damien Perrinelle ont d\u00e9montr\u00e9 leur sup\u00e9riorit\u00e9 et se sont largement impos\u00e9s dans ce derby (1-4) gr\u00e2ce \u00e0 des r\u00e9alisations de Baglieri, Kouassi, Ben Seghir et Yacoub.<\/p>\n<p>Prochaine \u00e9ch\u00e9ance pour les jeunes As\u00e9mistes avec la r\u00e9ception de l&rsquo;AS Cannes au Centre de Performance de La Turbie ce samedi (18 heures).<\/p>\n<p>Composition : Olmeta \u2013 Platret, Marcelin, El Maach, Cartillier \u2013 E. Diop, Lemarechal, Bamba, Ben Seghir \u2013 Kouassi, Baglieri.<\/p>\n<p>*Entr\u00e9s en jeu :Zadi (45e), Kuzmanovic (60e), Semedo (60e), Benama (60e), Coulibaly (60e), Mayoute (60e), Baba\u00ef (60e), Efekele (60e), Yacoub (60e).<\/p>\n<p>Photo :AS Monaco*<\/p>\n","protected":false},"excerpt":{"rendered":"<p>Ce mercredi, l\u2019AS Monaco disputait une rencontre amicale face au rival de l\u2019OGC Nice du c\u00f4t\u00e9 du Stade de la Plaine. Les hommes de Damien Perrinelle ont d\u00e9montr\u00e9 leur sup\u00e9riorit\u00e9 et se sont largement impos\u00e9s dans ce derby (1-4) gr\u00e2ce \u00e0 des r\u00e9alisations de Baglieri, Kouassi, Ben Seghir et Yacoub. Prochaine \u00e9ch\u00e9ance pour les jeunes [&#8230;]\n","protected":false},"author":1,"featured_media":0,"comment_status":"open","ping_status":"open","sticky":false,"template":"","format":"standard","meta":[],"categories":[6],"tags":[],"yoast_head":"<!-- This site is optimized with the Yoast SEO plugin v19.8 - https:\/\/yoast.com\/wordpress\/plugins\/seo\/ -->\n<title>Groupe \u00c9lite : Monaco corrige Nice - La Diagonale<\/title>\n<meta name=\"robots\" content=\"index, follow, max-snippet:-1, max-image-preview:large, max-video-preview:-1\" \/>\n<link rel=\"canonical\" href=\"https:\/\/www.ladiagonale.net\/index.php\/2022\/08\/11\/groupe-elite-monaco-corrige-nice\/\" \/>\n<meta property=\"og:locale\" content=\"fr_FR\" \/>\n<meta property=\"og:type\" content=\"article\" \/>\n<meta property=\"og:title\" content=\"Groupe \u00c9lite : Monaco corrige Nice - La Diagonale\" \/>\n<meta property=\"og:description\" content=\"Ce mercredi, l\u2019AS Monaco disputait une rencontre amicale face au rival de l\u2019OGC Nice du c\u00f4t\u00e9 du Stade de la Plaine. Les hommes de Damien Perrinelle ont d\u00e9montr\u00e9 leur sup\u00e9riorit\u00e9 et se sont largement impos\u00e9s dans ce derby (1-4) gr\u00e2ce \u00e0 des r\u00e9alisations de Baglieri, Kouassi, Ben Seghir et Yacoub. Prochaine \u00e9ch\u00e9ance pour les jeunes [...]\" \/>\n<meta property=\"og:url\" content=\"https:\/\/www.ladiagonale.net\/index.php\/2022\/08\/11\/groupe-elite-monaco-corrige-nice\/\" \/>\n<meta property=\"og:site_name\" content=\"La Diagonale\" \/>\n<meta property=\"article:published_time\" content=\"2022-08-10T22:00:00+00:00\" \/>\n<meta name=\"author\" content=\"admin\" \/>\n<meta name=\"twitter:card\" content=\"summary_large_image\" \/>\n<meta name=\"twitter:label1\" content=\"\u00c9crit par\" \/>\n\t<meta name=\"twitter:data1\" content=\"admin\" \/>\n\t<meta name=\"twitter:label2\" content=\"Dur\u00e9e de lecture estim\u00e9e\" \/>\n\t<meta name=\"twitter:data2\" content=\"1 minute\" \/>\n<script type=\"application\/ld+json\" class=\"yoast-schema-graph\">{\"@context\":\"https:\/\/schema.org\",\"@graph\":[{\"@type\":\"WebPage\",\"@id\":\"https:\/\/www.ladiagonale.net\/index.php\/2022\/08\/11\/groupe-elite-monaco-corrige-nice\/\",\"url\":\"https:\/\/www.ladiagonale.net\/index.php\/2022\/08\/11\/groupe-elite-monaco-corrige-nice\/\",\"name\":\"Groupe \u00c9lite : Monaco corrige Nice - La Diagonale\",\"isPartOf\":{\"@id\":\"https:\/\/www.ladiagonale.net\/#website\"},\"datePublished\":\"2022-08-10T22:00:00+00:00\",\"dateModified\":\"2022-08-10T22:00:00+00:00\",\"author\":{\"@id\":\"https:\/\/www.ladiagonale.net\/#\/schema\/person\/03fa041acd51875ece8bf97a37252a4d\"},\"breadcrumb\":{\"@id\":\"https:\/\/www.ladiagonale.net\/index.php\/2022\/08\/11\/groupe-elite-monaco-corrige-nice\/#breadcrumb\"},\"inLanguage\":\"fr-FR\",\"potentialAction\":[{\"@type\":\"ReadAction\",\"target\":[\"https:\/\/www.ladiagonale.net\/index.php\/2022\/08\/11\/groupe-elite-monaco-corrige-nice\/\"]}]},{\"@type\":\"BreadcrumbList\",\"@id\":\"https:\/\/www.ladiagonale.net\/index.php\/2022\/08\/11\/groupe-elite-monaco-corrige-nice\/#breadcrumb\",\"itemListElement\":[{\"@type\":\"ListItem\",\"position\":1,\"name\":\"Accueil\",\"item\":\"https:\/\/www.ladiagonale.net\/\"},{\"@type\":\"ListItem\",\"position\":2,\"name\":\"Groupe \u00c9lite : Monaco corrige Nice\"}]},{\"@type\":\"WebSite\",\"@id\":\"https:\/\/www.ladiagonale.net\/#website\",\"url\":\"https:\/\/www.ladiagonale.net\/\",\"name\":\"La Diagonale\",\"description\":\"Le site des supporters de l&#039;AS Monaco FC\",\"potentialAction\":[{\"@type\":\"SearchAction\",\"target\":{\"@type\":\"EntryPoint\",\"urlTemplate\":\"https:\/\/www.ladiagonale.net\/?s={search_term_string}\"},\"query-input\":\"required name=search_term_string\"}],\"inLanguage\":\"fr-FR\"},{\"@type\":\"Person\",\"@id\":\"https:\/\/www.ladiagonale.net\/#\/schema\/person\/03fa041acd51875ece8bf97a37252a4d\",\"name\":\"admin\",\"image\":{\"@type\":\"ImageObject\",\"inLanguage\":\"fr-FR\",\"@id\":\"https:\/\/www.ladiagonale.net\/#\/schema\/person\/image\/\",\"url\":\"https:\/\/secure.gravatar.com\/avatar\/894b9daaf19cc759b072b6bb09cac5f2?s=96&d=mm&r=g\",\"contentUrl\":\"https:\/\/secure.gravatar.com\/avatar\/894b9daaf19cc759b072b6bb09cac5f2?s=96&d=mm&r=g\",\"caption\":\"admin\"},\"sameAs\":[\"https:\/\/v2.ladiagonale.net\"],\"url\":\"https:\/\/www.ladiagonale.net\/index.php\/author\/admin\/\"}]}<\/script>\n<!-- \/ Yoast SEO plugin. -->","yoast_head_json":{"title":"Groupe \u00c9lite : Monaco corrige Nice - La Diagonale","robots":{"index":"index","follow":"follow","max-snippet":"max-snippet:-1","max-image-preview":"max-image-preview:large","max-video-preview":"max-video-preview:-1"},"canonical":"https:\/\/www.ladiagonale.net\/index.php\/2022\/08\/11\/groupe-elite-monaco-corrige-nice\/","og_locale":"fr_FR","og_type":"article","og_title":"Groupe \u00c9lite : Monaco corrige Nice - La Diagonale","og_description":"Ce mercredi, l\u2019AS Monaco disputait une rencontre amicale face au rival de l\u2019OGC Nice du c\u00f4t\u00e9 du Stade de la Plaine. Les hommes de Damien Perrinelle ont d\u00e9montr\u00e9 leur sup\u00e9riorit\u00e9 et se sont largement impos\u00e9s dans ce derby (1-4) gr\u00e2ce \u00e0 des r\u00e9alisations de Baglieri, Kouassi, Ben Seghir et Yacoub. Prochaine \u00e9ch\u00e9ance pour les jeunes [...]","og_url":"https:\/\/www.ladiagonale.net\/index.php\/2022\/08\/11\/groupe-elite-monaco-corrige-nice\/","og_site_name":"La Diagonale","article_published_time":"2022-08-10T22:00:00+00:00","author":"admin","twitter_card":"summary_large_image","twitter_misc":{"\u00c9crit par":"admin","Dur\u00e9e de lecture estim\u00e9e":"1 minute"},"schema":{"@context":"https:\/\/schema.org","@graph":[{"@type":"WebPage","@id":"https:\/\/www.ladiagonale.net\/index.php\/2022\/08\/11\/groupe-elite-monaco-corrige-nice\/","url":"https:\/\/www.ladiagonale.net\/index.php\/2022\/08\/11\/groupe-elite-monaco-corrige-nice\/","name":"Groupe \u00c9lite : Monaco corrige Nice - La Diagonale","isPartOf":{"@id":"https:\/\/www.ladiagonale.net\/#website"},"datePublished":"2022-08-10T22:00:00+00:00","dateModified":"2022-08-10T22:00:00+00:00","author":{"@id":"https:\/\/www.ladiagonale.net\/#\/schema\/person\/03fa041acd51875ece8bf97a37252a4d"},"breadcrumb":{"@id":"https:\/\/www.ladiagonale.net\/index.php\/2022\/08\/11\/groupe-elite-monaco-corrige-nice\/#breadcrumb"},"inLanguage":"fr-FR","potentialAction":[{"@type":"ReadAction","target":["https:\/\/www.ladiagonale.net\/index.php\/2022\/08\/11\/groupe-elite-monaco-corrige-nice\/"]}]},{"@type":"BreadcrumbList","@id":"https:\/\/www.ladiagonale.net\/index.php\/2022\/08\/11\/groupe-elite-monaco-corrige-nice\/#breadcrumb","itemListElement":[{"@type":"ListItem","position":1,"name":"Accueil","item":"https:\/\/www.ladiagonale.net\/"},{"@type":"ListItem","position":2,"name":"Groupe \u00c9lite : Monaco corrige Nice"}]},{"@type":"WebSite","@id":"https:\/\/www.ladiagonale.net\/#website","url":"https:\/\/www.ladiagonale.net\/","name":"La Diagonale","description":"Le site des supporters de l&#039;AS Monaco FC","potentialAction":[{"@type":"SearchAction","target":{"@type":"EntryPoint","urlTemplate":"https:\/\/www.ladiagonale.net\/?s={search_term_string}"},"query-input":"required name=search_term_string"}],"inLanguage":"fr-FR"},{"@type":"Person","@id":"https:\/\/www.ladiagonale.net\/#\/schema\/person\/03fa041acd51875ece8bf97a37252a4d","name":"admin","image":{"@type":"ImageObject","inLanguage":"fr-FR","@id":"https:\/\/www.ladiagonale.net\/#\/schema\/person\/image\/","url":"https:\/\/secure.gravatar.com\/avatar\/894b9daaf19cc759b072b6bb09cac5f2?s=96&d=mm&r=g","contentUrl":"https:\/\/secure.gravatar.com\/avatar\/894b9daaf19cc759b072b6bb09cac5f2?s=96&d=mm&r=g","caption":"admin"},"sameAs":["https:\/\/v2.ladiagonale.net"],"url":"https:\/\/www.ladiagonale.net\/index.php\/author\/admin\/"}]}},"_links":{"self":[{"href":"https:\/\/www.ladiagonale.net\/index.php\/wp-json\/wp\/v2\/posts\/4092"}],"collection":[{"href":"https:\/\/www.ladiagonale.net\/index.php\/wp-json\/wp\/v2\/posts"}],"about":[{"href":"https:\/\/www.ladiagonale.net\/index.php\/wp-json\/wp\/v2\/types\/post"}],"author":[{"embeddable":true,"href":"https:\/\/www.ladiagonale.net\/index.php\/wp-json\/wp\/v2\/users\/1"}],"replies":[{"embeddable":true,"href":"https:\/\/www.ladiagonale.net\/index.php\/wp-json\/wp\/v2\/comments?post=4092"}],"version-history":[{"count":0,"href":"https:\/\/www.ladiagonale.net\/index.php\/wp-json\/wp\/v2\/posts\/4092\/revisions"}],"wp:attachment":[{"href":"https:\/\/www.ladiagonale.net\/index.php\/wp-json\/wp\/v2\/media?parent=4092"}],"wp:term":[{"taxonomy":"category","embeddable":true,"href":"https:\/\/www.ladiagonale.net\/index.php\/wp-json\/wp\/v2\/categories?post=4092"},{"taxonomy":"post_tag","embeddable":true,"href":"https:\/\/www.ladiagonale.net\/index.php\/wp-json\/wp\/v2\/tags?post=4092"}],"curies":[{"name":"wp","href":"https:\/\/api.w.org\/{rel}","templated":true}]}}