{"id":4093,"date":"2022-08-12T00:00:00","date_gmt":"2022-08-11T22:00:00","guid":{"rendered":"https:\/\/www.ladiagonale.net\/index.php\/2022\/08\/12\/barreca-de-retour-en-serie-b\/"},"modified":"2022-08-12T00:00:00","modified_gmt":"2022-08-11T22:00:00","slug":"barreca-de-retour-en-serie-b","status":"publish","type":"post","link":"https:\/\/www.ladiagonale.net\/index.php\/2022\/08\/12\/barreca-de-retour-en-serie-b\/","title":{"rendered":"Barreca de retour en S\u00e9rie B ?"},"content":{"rendered":"<p>Ind\u00e9sirable en Principaut\u00e9, Antonio Barreca attend toujours de trouver une porte de sortie, \u00e0 un an de la fin de son contrat. Selon Gianluca di Marzio, celle-ci pourrait bien se trouver en S\u00e9rie B, \u00e0 Cagliari plus exactement, o\u00f9 le club sarde a \u00e9t\u00e9 rel\u00e9gu\u00e9 en fin de saison derni\u00e8re.<\/p>\n<p>Le lat\u00e9ral de 27 ans pourrait donc y retourner puisqu&rsquo;il y \u00e9voluait l&rsquo;an pass\u00e9 avec Lecce. Barreca y avait disput\u00e9 22 rencontres, plus deux autres de Coppa Italia, et connu la mont\u00e9e en S\u00e9rie A. Reste \u00e0 savoir si Monaco parviendra \u00e0 le vendre ou pr\u00eatera le gaucher avec prise en charge int\u00e9grale de son salaire, avant de le laisser libre, \u00e0 l&rsquo;instar de Pel\u00e9 \u00e0 Famalicao.<\/p>\n<p>Photo :AS Monaco*<\/p>\n","protected":false},"excerpt":{"rendered":"<p>Ind\u00e9sirable en Principaut\u00e9, Antonio Barreca attend toujours de trouver une porte de sortie, \u00e0 un an de la fin de son contrat. Selon Gianluca di Marzio, celle-ci pourrait bien se trouver en S\u00e9rie B, \u00e0 Cagliari plus exactement, o\u00f9 le club sarde a \u00e9t\u00e9 rel\u00e9gu\u00e9 en fin de saison derni\u00e8re. Le lat\u00e9ral de 27 ans [&#8230;]\n","protected":false},"author":1,"featured_media":0,"comment_status":"open","ping_status":"open","sticky":false,"template":"","format":"standard","meta":[],"categories":[6],"tags":[],"yoast_head":"<!-- This site is optimized with the Yoast SEO plugin v19.8 - https:\/\/yoast.com\/wordpress\/plugins\/seo\/ -->\n<title>Barreca de retour en S\u00e9rie B ? - La Diagonale<\/title>\n<meta name=\"robots\" content=\"index, follow, max-snippet:-1, max-image-preview:large, max-video-preview:-1\" \/>\n<link rel=\"canonical\" href=\"https:\/\/www.ladiagonale.net\/index.php\/2022\/08\/12\/barreca-de-retour-en-serie-b\/\" \/>\n<meta property=\"og:locale\" content=\"fr_FR\" \/>\n<meta property=\"og:type\" content=\"article\" \/>\n<meta property=\"og:title\" content=\"Barreca de retour en S\u00e9rie B ? - La Diagonale\" \/>\n<meta property=\"og:description\" content=\"Ind\u00e9sirable en Principaut\u00e9, Antonio Barreca attend toujours de trouver une porte de sortie, \u00e0 un an de la fin de son contrat. Selon Gianluca di Marzio, celle-ci pourrait bien se trouver en S\u00e9rie B, \u00e0 Cagliari plus exactement, o\u00f9 le club sarde a \u00e9t\u00e9 rel\u00e9gu\u00e9 en fin de saison derni\u00e8re. Le lat\u00e9ral de 27 ans [...]\" \/>\n<meta property=\"og:url\" content=\"https:\/\/www.ladiagonale.net\/index.php\/2022\/08\/12\/barreca-de-retour-en-serie-b\/\" \/>\n<meta property=\"og:site_name\" content=\"La Diagonale\" \/>\n<meta property=\"article:published_time\" content=\"2022-08-11T22:00:00+00:00\" \/>\n<meta name=\"author\" content=\"admin\" \/>\n<meta name=\"twitter:card\" content=\"summary_large_image\" \/>\n<meta name=\"twitter:label1\" content=\"\u00c9crit par\" \/>\n\t<meta name=\"twitter:data1\" content=\"admin\" \/>\n\t<meta name=\"twitter:label2\" content=\"Dur\u00e9e de lecture estim\u00e9e\" \/>\n\t<meta name=\"twitter:data2\" content=\"1 minute\" \/>\n<script type=\"application\/ld+json\" class=\"yoast-schema-graph\">{\"@context\":\"https:\/\/schema.org\",\"@graph\":[{\"@type\":\"WebPage\",\"@id\":\"https:\/\/www.ladiagonale.net\/index.php\/2022\/08\/12\/barreca-de-retour-en-serie-b\/\",\"url\":\"https:\/\/www.ladiagonale.net\/index.php\/2022\/08\/12\/barreca-de-retour-en-serie-b\/\",\"name\":\"Barreca de retour en S\u00e9rie B ? - La Diagonale\",\"isPartOf\":{\"@id\":\"https:\/\/www.ladiagonale.net\/#website\"},\"datePublished\":\"2022-08-11T22:00:00+00:00\",\"dateModified\":\"2022-08-11T22:00:00+00:00\",\"author\":{\"@id\":\"https:\/\/www.ladiagonale.net\/#\/schema\/person\/03fa041acd51875ece8bf97a37252a4d\"},\"breadcrumb\":{\"@id\":\"https:\/\/www.ladiagonale.net\/index.php\/2022\/08\/12\/barreca-de-retour-en-serie-b\/#breadcrumb\"},\"inLanguage\":\"fr-FR\",\"potentialAction\":[{\"@type\":\"ReadAction\",\"target\":[\"https:\/\/www.ladiagonale.net\/index.php\/2022\/08\/12\/barreca-de-retour-en-serie-b\/\"]}]},{\"@type\":\"BreadcrumbList\",\"@id\":\"https:\/\/www.ladiagonale.net\/index.php\/2022\/08\/12\/barreca-de-retour-en-serie-b\/#breadcrumb\",\"itemListElement\":[{\"@type\":\"ListItem\",\"position\":1,\"name\":\"Accueil\",\"item\":\"https:\/\/www.ladiagonale.net\/\"},{\"@type\":\"ListItem\",\"position\":2,\"name\":\"Barreca de retour en S\u00e9rie B ?\"}]},{\"@type\":\"WebSite\",\"@id\":\"https:\/\/www.ladiagonale.net\/#website\",\"url\":\"https:\/\/www.ladiagonale.net\/\",\"name\":\"La Diagonale\",\"description\":\"Le site des supporters de l&#039;AS Monaco FC\",\"potentialAction\":[{\"@type\":\"SearchAction\",\"target\":{\"@type\":\"EntryPoint\",\"urlTemplate\":\"https:\/\/www.ladiagonale.net\/?s={search_term_string}\"},\"query-input\":\"required name=search_term_string\"}],\"inLanguage\":\"fr-FR\"},{\"@type\":\"Person\",\"@id\":\"https:\/\/www.ladiagonale.net\/#\/schema\/person\/03fa041acd51875ece8bf97a37252a4d\",\"name\":\"admin\",\"image\":{\"@type\":\"ImageObject\",\"inLanguage\":\"fr-FR\",\"@id\":\"https:\/\/www.ladiagonale.net\/#\/schema\/person\/image\/\",\"url\":\"https:\/\/secure.gravatar.com\/avatar\/894b9daaf19cc759b072b6bb09cac5f2?s=96&d=mm&r=g\",\"contentUrl\":\"https:\/\/secure.gravatar.com\/avatar\/894b9daaf19cc759b072b6bb09cac5f2?s=96&d=mm&r=g\",\"caption\":\"admin\"},\"sameAs\":[\"https:\/\/v2.ladiagonale.net\"],\"url\":\"https:\/\/www.ladiagonale.net\/index.php\/author\/admin\/\"}]}<\/script>\n<!-- \/ Yoast SEO plugin. -->","yoast_head_json":{"title":"Barreca de retour en S\u00e9rie B ? - La Diagonale","robots":{"index":"index","follow":"follow","max-snippet":"max-snippet:-1","max-image-preview":"max-image-preview:large","max-video-preview":"max-video-preview:-1"},"canonical":"https:\/\/www.ladiagonale.net\/index.php\/2022\/08\/12\/barreca-de-retour-en-serie-b\/","og_locale":"fr_FR","og_type":"article","og_title":"Barreca de retour en S\u00e9rie B ? - La Diagonale","og_description":"Ind\u00e9sirable en Principaut\u00e9, Antonio Barreca attend toujours de trouver une porte de sortie, \u00e0 un an de la fin de son contrat. Selon Gianluca di Marzio, celle-ci pourrait bien se trouver en S\u00e9rie B, \u00e0 Cagliari plus exactement, o\u00f9 le club sarde a \u00e9t\u00e9 rel\u00e9gu\u00e9 en fin de saison derni\u00e8re. Le lat\u00e9ral de 27 ans [...]","og_url":"https:\/\/www.ladiagonale.net\/index.php\/2022\/08\/12\/barreca-de-retour-en-serie-b\/","og_site_name":"La Diagonale","article_published_time":"2022-08-11T22:00:00+00:00","author":"admin","twitter_card":"summary_large_image","twitter_misc":{"\u00c9crit par":"admin","Dur\u00e9e de lecture estim\u00e9e":"1 minute"},"schema":{"@context":"https:\/\/schema.org","@graph":[{"@type":"WebPage","@id":"https:\/\/www.ladiagonale.net\/index.php\/2022\/08\/12\/barreca-de-retour-en-serie-b\/","url":"https:\/\/www.ladiagonale.net\/index.php\/2022\/08\/12\/barreca-de-retour-en-serie-b\/","name":"Barreca de retour en S\u00e9rie B ? - La Diagonale","isPartOf":{"@id":"https:\/\/www.ladiagonale.net\/#website"},"datePublished":"2022-08-11T22:00:00+00:00","dateModified":"2022-08-11T22:00:00+00:00","author":{"@id":"https:\/\/www.ladiagonale.net\/#\/schema\/person\/03fa041acd51875ece8bf97a37252a4d"},"breadcrumb":{"@id":"https:\/\/www.ladiagonale.net\/index.php\/2022\/08\/12\/barreca-de-retour-en-serie-b\/#breadcrumb"},"inLanguage":"fr-FR","potentialAction":[{"@type":"ReadAction","target":["https:\/\/www.ladiagonale.net\/index.php\/2022\/08\/12\/barreca-de-retour-en-serie-b\/"]}]},{"@type":"BreadcrumbList","@id":"https:\/\/www.ladiagonale.net\/index.php\/2022\/08\/12\/barreca-de-retour-en-serie-b\/#breadcrumb","itemListElement":[{"@type":"ListItem","position":1,"name":"Accueil","item":"https:\/\/www.ladiagonale.net\/"},{"@type":"ListItem","position":2,"name":"Barreca de retour en S\u00e9rie B ?"}]},{"@type":"WebSite","@id":"https:\/\/www.ladiagonale.net\/#website","url":"https:\/\/www.ladiagonale.net\/","name":"La Diagonale","description":"Le site des supporters de l&#039;AS Monaco FC","potentialAction":[{"@type":"SearchAction","target":{"@type":"EntryPoint","urlTemplate":"https:\/\/www.ladiagonale.net\/?s={search_term_string}"},"query-input":"required name=search_term_string"}],"inLanguage":"fr-FR"},{"@type":"Person","@id":"https:\/\/www.ladiagonale.net\/#\/schema\/person\/03fa041acd51875ece8bf97a37252a4d","name":"admin","image":{"@type":"ImageObject","inLanguage":"fr-FR","@id":"https:\/\/www.ladiagonale.net\/#\/schema\/person\/image\/","url":"https:\/\/secure.gravatar.com\/avatar\/894b9daaf19cc759b072b6bb09cac5f2?s=96&d=mm&r=g","contentUrl":"https:\/\/secure.gravatar.com\/avatar\/894b9daaf19cc759b072b6bb09cac5f2?s=96&d=mm&r=g","caption":"admin"},"sameAs":["https:\/\/v2.ladiagonale.net"],"url":"https:\/\/www.ladiagonale.net\/index.php\/author\/admin\/"}]}},"_links":{"self":[{"href":"https:\/\/www.ladiagonale.net\/index.php\/wp-json\/wp\/v2\/posts\/4093"}],"collection":[{"href":"https:\/\/www.ladiagonale.net\/index.php\/wp-json\/wp\/v2\/posts"}],"about":[{"href":"https:\/\/www.ladiagonale.net\/index.php\/wp-json\/wp\/v2\/types\/post"}],"author":[{"embeddable":true,"href":"https:\/\/www.ladiagonale.net\/index.php\/wp-json\/wp\/v2\/users\/1"}],"replies":[{"embeddable":true,"href":"https:\/\/www.ladiagonale.net\/index.php\/wp-json\/wp\/v2\/comments?post=4093"}],"version-history":[{"count":0,"href":"https:\/\/www.ladiagonale.net\/index.php\/wp-json\/wp\/v2\/posts\/4093\/revisions"}],"wp:attachment":[{"href":"https:\/\/www.ladiagonale.net\/index.php\/wp-json\/wp\/v2\/media?parent=4093"}],"wp:term":[{"taxonomy":"category","embeddable":true,"href":"https:\/\/www.ladiagonale.net\/index.php\/wp-json\/wp\/v2\/categories?post=4093"},{"taxonomy":"post_tag","embeddable":true,"href":"https:\/\/www.ladiagonale.net\/index.php\/wp-json\/wp\/v2\/tags?post=4093"}],"curies":[{"name":"wp","href":"https:\/\/api.w.org\/{rel}","templated":true}]}}