{"id":4101,"date":"2022-08-12T00:00:00","date_gmt":"2022-08-11T22:00:00","guid":{"rendered":"https:\/\/www.ladiagonale.net\/index.php\/2022\/08\/12\/le-groupe-rennais-kalimuendo-present\/"},"modified":"2022-08-12T00:00:00","modified_gmt":"2022-08-11T22:00:00","slug":"le-groupe-rennais-kalimuendo-present","status":"publish","type":"post","link":"https:\/\/www.ladiagonale.net\/index.php\/2022\/08\/12\/le-groupe-rennais-kalimuendo-present\/","title":{"rendered":"Le groupe rennais : Kalimuendo pr\u00e9sent"},"content":{"rendered":"<p>Bruno Genesio a convoqu\u00e9 22 joueurs pour le d\u00e9placement en Principaut\u00e9. L\u2019entra\u00eeneur du club breton pourra d\u00e9j\u00e0 compter sur Arnaud Kalimuendo, qui vient d\u2019arriver en provenance de Lens. En revanche, Guirassy n\u2019est pas pr\u00e9sent, proche d\u2019un d\u00e9part.<\/p>\n<p>Meling, Assignon et Omari sont bless\u00e9s.<\/p>\n<p>Gardiens : Alemdar, Mandanda, Salin.<\/p>\n<p>D\u00e9fenseurs :  Bad\u00e9, Belocian, G. Dou\u00e9, Rodon, Theate, Traor\u00e9, Truffert.<\/p>\n<p>Milieux : Bourigeaud, D. Dou\u00e9, Majer, Santamaria, Tait, Ugochukwu.<\/p>\n<p>Attaquants : Abline, Doku, Kalimuendo, Laborde, Sulemana, Terrier.<\/p>\n","protected":false},"excerpt":{"rendered":"<p>Bruno Genesio a convoqu\u00e9 22 joueurs pour le d\u00e9placement en Principaut\u00e9. L\u2019entra\u00eeneur du club breton pourra d\u00e9j\u00e0 compter sur Arnaud Kalimuendo, qui vient d\u2019arriver en provenance de Lens. En revanche, Guirassy n\u2019est pas pr\u00e9sent, proche d\u2019un d\u00e9part. Meling, Assignon et Omari sont bless\u00e9s. Gardiens : Alemdar, Mandanda, Salin. D\u00e9fenseurs : Bad\u00e9, Belocian, G. Dou\u00e9, Rodon, [&#8230;]\n","protected":false},"author":1,"featured_media":0,"comment_status":"open","ping_status":"open","sticky":false,"template":"","format":"standard","meta":[],"categories":[6],"tags":[],"yoast_head":"<!-- This site is optimized with the Yoast SEO plugin v19.8 - https:\/\/yoast.com\/wordpress\/plugins\/seo\/ -->\n<title>Le groupe rennais : Kalimuendo pr\u00e9sent - La Diagonale<\/title>\n<meta name=\"robots\" content=\"index, follow, max-snippet:-1, max-image-preview:large, max-video-preview:-1\" \/>\n<link rel=\"canonical\" href=\"https:\/\/www.ladiagonale.net\/index.php\/2022\/08\/12\/le-groupe-rennais-kalimuendo-present\/\" \/>\n<meta property=\"og:locale\" content=\"fr_FR\" \/>\n<meta property=\"og:type\" content=\"article\" \/>\n<meta property=\"og:title\" content=\"Le groupe rennais : Kalimuendo pr\u00e9sent - La Diagonale\" \/>\n<meta property=\"og:description\" content=\"Bruno Genesio a convoqu\u00e9 22 joueurs pour le d\u00e9placement en Principaut\u00e9. L\u2019entra\u00eeneur du club breton pourra d\u00e9j\u00e0 compter sur Arnaud Kalimuendo, qui vient d\u2019arriver en provenance de Lens. En revanche, Guirassy n\u2019est pas pr\u00e9sent, proche d\u2019un d\u00e9part. Meling, Assignon et Omari sont bless\u00e9s. Gardiens : Alemdar, Mandanda, Salin. D\u00e9fenseurs : Bad\u00e9, Belocian, G. Dou\u00e9, Rodon, [...]\" \/>\n<meta property=\"og:url\" content=\"https:\/\/www.ladiagonale.net\/index.php\/2022\/08\/12\/le-groupe-rennais-kalimuendo-present\/\" \/>\n<meta property=\"og:site_name\" content=\"La Diagonale\" \/>\n<meta property=\"article:published_time\" content=\"2022-08-11T22:00:00+00:00\" \/>\n<meta name=\"author\" content=\"admin\" \/>\n<meta name=\"twitter:card\" content=\"summary_large_image\" \/>\n<meta name=\"twitter:label1\" content=\"\u00c9crit par\" \/>\n\t<meta name=\"twitter:data1\" content=\"admin\" \/>\n<script type=\"application\/ld+json\" class=\"yoast-schema-graph\">{\"@context\":\"https:\/\/schema.org\",\"@graph\":[{\"@type\":\"WebPage\",\"@id\":\"https:\/\/www.ladiagonale.net\/index.php\/2022\/08\/12\/le-groupe-rennais-kalimuendo-present\/\",\"url\":\"https:\/\/www.ladiagonale.net\/index.php\/2022\/08\/12\/le-groupe-rennais-kalimuendo-present\/\",\"name\":\"Le groupe rennais : Kalimuendo pr\u00e9sent - La Diagonale\",\"isPartOf\":{\"@id\":\"https:\/\/www.ladiagonale.net\/#website\"},\"datePublished\":\"2022-08-11T22:00:00+00:00\",\"dateModified\":\"2022-08-11T22:00:00+00:00\",\"author\":{\"@id\":\"https:\/\/www.ladiagonale.net\/#\/schema\/person\/03fa041acd51875ece8bf97a37252a4d\"},\"breadcrumb\":{\"@id\":\"https:\/\/www.ladiagonale.net\/index.php\/2022\/08\/12\/le-groupe-rennais-kalimuendo-present\/#breadcrumb\"},\"inLanguage\":\"fr-FR\",\"potentialAction\":[{\"@type\":\"ReadAction\",\"target\":[\"https:\/\/www.ladiagonale.net\/index.php\/2022\/08\/12\/le-groupe-rennais-kalimuendo-present\/\"]}]},{\"@type\":\"BreadcrumbList\",\"@id\":\"https:\/\/www.ladiagonale.net\/index.php\/2022\/08\/12\/le-groupe-rennais-kalimuendo-present\/#breadcrumb\",\"itemListElement\":[{\"@type\":\"ListItem\",\"position\":1,\"name\":\"Accueil\",\"item\":\"https:\/\/www.ladiagonale.net\/\"},{\"@type\":\"ListItem\",\"position\":2,\"name\":\"Le groupe rennais : Kalimuendo pr\u00e9sent\"}]},{\"@type\":\"WebSite\",\"@id\":\"https:\/\/www.ladiagonale.net\/#website\",\"url\":\"https:\/\/www.ladiagonale.net\/\",\"name\":\"La Diagonale\",\"description\":\"Le site des supporters de l&#039;AS Monaco FC\",\"potentialAction\":[{\"@type\":\"SearchAction\",\"target\":{\"@type\":\"EntryPoint\",\"urlTemplate\":\"https:\/\/www.ladiagonale.net\/?s={search_term_string}\"},\"query-input\":\"required name=search_term_string\"}],\"inLanguage\":\"fr-FR\"},{\"@type\":\"Person\",\"@id\":\"https:\/\/www.ladiagonale.net\/#\/schema\/person\/03fa041acd51875ece8bf97a37252a4d\",\"name\":\"admin\",\"image\":{\"@type\":\"ImageObject\",\"inLanguage\":\"fr-FR\",\"@id\":\"https:\/\/www.ladiagonale.net\/#\/schema\/person\/image\/\",\"url\":\"https:\/\/secure.gravatar.com\/avatar\/894b9daaf19cc759b072b6bb09cac5f2?s=96&d=mm&r=g\",\"contentUrl\":\"https:\/\/secure.gravatar.com\/avatar\/894b9daaf19cc759b072b6bb09cac5f2?s=96&d=mm&r=g\",\"caption\":\"admin\"},\"sameAs\":[\"https:\/\/v2.ladiagonale.net\"],\"url\":\"https:\/\/www.ladiagonale.net\/index.php\/author\/admin\/\"}]}<\/script>\n<!-- \/ Yoast SEO plugin. -->","yoast_head_json":{"title":"Le groupe rennais : Kalimuendo pr\u00e9sent - La Diagonale","robots":{"index":"index","follow":"follow","max-snippet":"max-snippet:-1","max-image-preview":"max-image-preview:large","max-video-preview":"max-video-preview:-1"},"canonical":"https:\/\/www.ladiagonale.net\/index.php\/2022\/08\/12\/le-groupe-rennais-kalimuendo-present\/","og_locale":"fr_FR","og_type":"article","og_title":"Le groupe rennais : Kalimuendo pr\u00e9sent - La Diagonale","og_description":"Bruno Genesio a convoqu\u00e9 22 joueurs pour le d\u00e9placement en Principaut\u00e9. L\u2019entra\u00eeneur du club breton pourra d\u00e9j\u00e0 compter sur Arnaud Kalimuendo, qui vient d\u2019arriver en provenance de Lens. En revanche, Guirassy n\u2019est pas pr\u00e9sent, proche d\u2019un d\u00e9part. Meling, Assignon et Omari sont bless\u00e9s. Gardiens : Alemdar, Mandanda, Salin. D\u00e9fenseurs : Bad\u00e9, Belocian, G. Dou\u00e9, Rodon, [...]","og_url":"https:\/\/www.ladiagonale.net\/index.php\/2022\/08\/12\/le-groupe-rennais-kalimuendo-present\/","og_site_name":"La Diagonale","article_published_time":"2022-08-11T22:00:00+00:00","author":"admin","twitter_card":"summary_large_image","twitter_misc":{"\u00c9crit par":"admin"},"schema":{"@context":"https:\/\/schema.org","@graph":[{"@type":"WebPage","@id":"https:\/\/www.ladiagonale.net\/index.php\/2022\/08\/12\/le-groupe-rennais-kalimuendo-present\/","url":"https:\/\/www.ladiagonale.net\/index.php\/2022\/08\/12\/le-groupe-rennais-kalimuendo-present\/","name":"Le groupe rennais : Kalimuendo pr\u00e9sent - La Diagonale","isPartOf":{"@id":"https:\/\/www.ladiagonale.net\/#website"},"datePublished":"2022-08-11T22:00:00+00:00","dateModified":"2022-08-11T22:00:00+00:00","author":{"@id":"https:\/\/www.ladiagonale.net\/#\/schema\/person\/03fa041acd51875ece8bf97a37252a4d"},"breadcrumb":{"@id":"https:\/\/www.ladiagonale.net\/index.php\/2022\/08\/12\/le-groupe-rennais-kalimuendo-present\/#breadcrumb"},"inLanguage":"fr-FR","potentialAction":[{"@type":"ReadAction","target":["https:\/\/www.ladiagonale.net\/index.php\/2022\/08\/12\/le-groupe-rennais-kalimuendo-present\/"]}]},{"@type":"BreadcrumbList","@id":"https:\/\/www.ladiagonale.net\/index.php\/2022\/08\/12\/le-groupe-rennais-kalimuendo-present\/#breadcrumb","itemListElement":[{"@type":"ListItem","position":1,"name":"Accueil","item":"https:\/\/www.ladiagonale.net\/"},{"@type":"ListItem","position":2,"name":"Le groupe rennais : Kalimuendo pr\u00e9sent"}]},{"@type":"WebSite","@id":"https:\/\/www.ladiagonale.net\/#website","url":"https:\/\/www.ladiagonale.net\/","name":"La Diagonale","description":"Le site des supporters de l&#039;AS Monaco FC","potentialAction":[{"@type":"SearchAction","target":{"@type":"EntryPoint","urlTemplate":"https:\/\/www.ladiagonale.net\/?s={search_term_string}"},"query-input":"required name=search_term_string"}],"inLanguage":"fr-FR"},{"@type":"Person","@id":"https:\/\/www.ladiagonale.net\/#\/schema\/person\/03fa041acd51875ece8bf97a37252a4d","name":"admin","image":{"@type":"ImageObject","inLanguage":"fr-FR","@id":"https:\/\/www.ladiagonale.net\/#\/schema\/person\/image\/","url":"https:\/\/secure.gravatar.com\/avatar\/894b9daaf19cc759b072b6bb09cac5f2?s=96&d=mm&r=g","contentUrl":"https:\/\/secure.gravatar.com\/avatar\/894b9daaf19cc759b072b6bb09cac5f2?s=96&d=mm&r=g","caption":"admin"},"sameAs":["https:\/\/v2.ladiagonale.net"],"url":"https:\/\/www.ladiagonale.net\/index.php\/author\/admin\/"}]}},"_links":{"self":[{"href":"https:\/\/www.ladiagonale.net\/index.php\/wp-json\/wp\/v2\/posts\/4101"}],"collection":[{"href":"https:\/\/www.ladiagonale.net\/index.php\/wp-json\/wp\/v2\/posts"}],"about":[{"href":"https:\/\/www.ladiagonale.net\/index.php\/wp-json\/wp\/v2\/types\/post"}],"author":[{"embeddable":true,"href":"https:\/\/www.ladiagonale.net\/index.php\/wp-json\/wp\/v2\/users\/1"}],"replies":[{"embeddable":true,"href":"https:\/\/www.ladiagonale.net\/index.php\/wp-json\/wp\/v2\/comments?post=4101"}],"version-history":[{"count":0,"href":"https:\/\/www.ladiagonale.net\/index.php\/wp-json\/wp\/v2\/posts\/4101\/revisions"}],"wp:attachment":[{"href":"https:\/\/www.ladiagonale.net\/index.php\/wp-json\/wp\/v2\/media?parent=4101"}],"wp:term":[{"taxonomy":"category","embeddable":true,"href":"https:\/\/www.ladiagonale.net\/index.php\/wp-json\/wp\/v2\/categories?post=4101"},{"taxonomy":"post_tag","embeddable":true,"href":"https:\/\/www.ladiagonale.net\/index.php\/wp-json\/wp\/v2\/tags?post=4101"}],"curies":[{"name":"wp","href":"https:\/\/api.w.org\/{rel}","templated":true}]}}