{"id":4102,"date":"2022-08-13T00:00:00","date_gmt":"2022-08-12T22:00:00","guid":{"rendered":"https:\/\/www.ladiagonale.net\/index.php\/2022\/08\/13\/ne-pas-laisser-le-doute-sinstaller\/"},"modified":"2024-04-05T02:10:54","modified_gmt":"2024-04-05T00:10:54","slug":"ne-pas-laisser-le-doute-sinstaller","status":"publish","type":"post","link":"https:\/\/www.ladiagonale.net\/index.php\/2022\/08\/13\/ne-pas-laisser-le-doute-sinstaller\/","title":{"rendered":"Ne pas laisser le doute s\u2019installer"},"content":{"rendered":"\nFace \u00e0 Rennes ce samedi (17h), Monaco va vouloir effacer de sa t\u00eate l\u2019\u00e9limination de mardi face au PSV Eindhoven, en tour pr\u00e9liminaire de la Ligue des Champions. Philippe Clement est confiant sur le fait que ses joueurs sauront r\u00e9pondre pr\u00e9sent face \u00e0 des Rennais qui doivent se rattraper apr\u00e8s leur faux d\u00e9part contre Lorient. Dont acte.\n\n\n Forme et enjeux\n\nOn oublierait presque que l\u2019AS Monaco a bien d\u00e9but\u00e9 son championnat. C\u2019\u00e9tait samedi dernier contre Strasbourg (1-2) et les Mon\u00e9gasques, m\u00eame s\u2019ils \u00e9taient tous proches de se faire rejoindre dans le temps additionnel de la rencontre, avaient livr\u00e9 une partie aboutie dans un stade qui ne lui a pas souvent r\u00e9ussi. Sauf que depuis, il y a eu cette rencontre \u00e0 Eindhoven qui s\u2019est achev\u00e9e sur une d\u00e9faite en prolongation (3-2, a.p.) et qui ne permettra pas au club de la Principaut\u00e9 de disputer la Ligue des Champions pour la deuxi\u00e8me saison de suite. On savait que cela serait difficile, surtout que l\u2019ASM n\u2019est parvenue \u00e0 passer les deux tours de qualification qu\u2019une seule fois sur quatre, d\u00e9sormais, dans son histoire. Il faudra surtout que les As\u00e9mistes \u00e9vitent de tra\u00eener cette \u00e9limination comme un boulet, \u00e0 l\u2019image de ce qu\u2019il s\u2019\u00e9tait pass\u00e9 l\u2019an dernier.\n\nD\u2019autant que ce qui va se pr\u00e9senter au stade Louis-II ne sera pas l\u00e0 pour faire de la figuration. Apr\u00e8s le sixi\u00e8me, il va d\u00e9sormais falloir s\u2019occuper du dernier quatri\u00e8me de Ligue 1, Rennes. Face \u00e0 une \u00e9quipe bretonne qui joue \u00e0 fond la carte de l\u2019offensive et du jeu en mouvement, le spectacle promet de faire des \u00e9tincelles. Car Monaco a aussi des arguments de poids en attaque. L\u2019ASM aurait d\u2019ailleurs m\u00e9rit\u00e9 mieux contre Eindhoven, si elle s\u2019\u00e9tait montr\u00e9e plus efficace et Bruno Genesio n\u2019a pas pu s\u2019emp\u00eacher de faire le parall\u00e8le avec le manque de r\u00e9ussite que lui et ses hommes ont rencontr\u00e9 contre Lorient le week-end dernier. Philippe Clement imagine une rencontre anim\u00e9e : \u00abJe m\u2019attends \u00e0 un match int\u00e9ressant pour les supporters et les spectateurs, avec beaucoup d\u2019occasions car nous sommes deux \u00e9quipes offensives\u00bb, a-t-il d\u00e9clar\u00e9 jeudi. \n\nLa gestion physique de son groupe sera toujours \u00e0 surveiller de pr\u00e8s, m\u00eame si le calendrier des Mon\u00e9gasques s\u2019est d\u2019un coup all\u00e9g\u00e9, avec la perspective en moins du barrage de C1. Clement ne pourra pas compter sur Aguilar, qui a ressenti une g\u00eane \u00e0 un adducteur lors de la s\u00e9ance de jeudi, alors qu\u2019il aurait sans doute \u00e9t\u00e9 le premier choix pour d\u00e9buter la rencontre sur son c\u00f4t\u00e9 droit. Il r\u00e9cup\u00e8re en revanche Beno\u00eet Badiashile et peut \u00e9galement compter sur le nouvel arrivant, Malang Sarr, m\u00eame si celui-ci ne s\u2019est que tr\u00e8s peu entra\u00een\u00e9 avec ses nouveaux co\u00e9quipiers. Devant, Embolo semble avoir encore marqu\u00e9 des points \u00e0 Eindhoven, au contraire de Minamino. Mais Philippe Clement a lourdement insist\u00e9 sur ce point : \u00abOn ne peut pas tirer des conclusions sur les joueurs apr\u00e8s deux-trois semaines. Je vois les choses aux entra\u00eenements et aux matchs. Ils vont grandir et ont d\u00e9j\u00e0 montr\u00e9 de bonnes choses.\u00bb \n\n L\u2019adversaire\n\nDepuis trois saisons, le Stade Rennais s\u2019est stabilis\u00e9 dans le haut du classement. Troisi\u00e8me lors de la saison 2019-2020, puis sixi\u00e8me lors de la saison 2020-2021, les Bretons ont achev\u00e9 le pr\u00e9c\u00e9dent exercice \u00e0 la quatri\u00e8me position. Mais ils ont surtout eu la possibilit\u00e9 de se qualifier pour la Ligue des Champions jusqu\u2019\u00e0 la derni\u00e8re journ\u00e9e. L\u2019an pass\u00e9, l\u2019\u00e9quipe de Bruno Genesio a s\u00e9duit, notamment pour son jeu offensif l\u00e9ch\u00e9, ce qui a d\u2019ailleurs valu \u00e0 son entra\u00eeneur d\u2019\u00eatre \u00e9lu meilleur entra\u00eeneur de Ligue 1 par ses pairs. L\u2019attaque rennaise a fait parler la poudre plus d\u2019une fois, avec 101 buts marqu\u00e9s toutes comp\u00e9titions confondues, dont 82 pour le seul championnat. Elle a \u00e9galement \u00e9t\u00e9 l\u2019\u00e9quipe ayant gagn\u00e9 le plus souvent par au moins cinq buts d\u2019\u00e9carts dans le top 5 europ\u00e9en.\n\nEt cette armada offensive n\u2019a quasiment pas boug\u00e9, ou si peu. Toujours men\u00e9e par Martin Terrier (voir ci-dessous), elle compte encore sur Bourigeaud (15 buts la saison derni\u00e8re) et Laborde (11) pour faire peur aux d\u00e9fense de L1. Guirassy (9) devrait quitter la Bretagne dans un avenir proche mais son rempla\u00e7ant, Arnaud Kalimuendo, est d\u00e9j\u00e0 arriv\u00e9 \u00e0 La Piverdi\u00e8re. Il sera d\u2019ailleurs du d\u00e9placement en Principaut\u00e9 pour affronter l\u2019ASM. Derri\u00e8re, les Rennais ont \u00e9galement enregistr\u00e9 l\u2019arriv\u00e9e en pr\u00eat de Rodon (Tottenham) et Theate (Bologne), qui forment la nouvelle charni\u00e8re depuis le d\u00e9part d\u2019Aguerd pour West Ham, mais \u00e9galement de Mandanda dans les buts. Mais cela n\u2019a pas suffi \u00e0 \u00e9viter la d\u00e9faite en premi\u00e8re journ\u00e9e contre Lorient. Une rencontre qu\u2019ils ont largement domin\u00e9e (21 tirs \u00e0 8) mais o\u00f9 ils ont cruellement manqu\u00e9 de r\u00e9alisme.\n\n\n Le joueur \u00e0 surveiller\n\nMartin Terrier (24 ans)\n\nIsoler un seul joueur du quatuor offensif qui a fait briller Rennes la saison derni\u00e8re serait peut-\u00eatre un peu injuste. Mais Martin Terrier s\u2019est r\u00e9v\u00e9l\u00e9 l\u2019an pass\u00e9 et a achev\u00e9 l\u2019exercice 2021-2022 \u00e0 la troisi\u00e8me place du classement des buteurs (21), en ayant jou\u00e9 des coudes avec Wissam Ben Yedder tout au long de la saison. L\u2019attaquant sera encore pr\u00e9sent pour tenter de faire trembler les filets des \u00e9quipes de Ligue 1. Impr\u00e9visible, Terrier peut jouer \u00e0 tous les postes de l\u2019attaque et d\u00e9crocher en allant se placer entre les lignes. Il participe pleinement au jeu en mouvement de son \u00e9quipe et Genesio a d\u2019ailleurs bien compris qu\u2019il fallait lui laisser des libert\u00e9s.\n\n L\u2019historique\n\nMon\u00e9gasques et Rennais se sont d\u00e9j\u00e0 affront\u00e9s \u00e0 46 reprises en Principaut\u00e9 dans le cadre de la Ligue 1 et le bilan est nettement \u00e0 l\u2019avantage des premiers. Monaco a d\u00e9j\u00e0 battu Rennes \u00e0 33 reprises et a conc\u00e9d\u00e9 le nul six fois. Les Bretons sont repartis sept fois seulement avec les trois points de la victoire. Monaco reste d\u2019ailleurs sur une tr\u00e8s bonne s\u00e9rie de trois victoires cons\u00e9cutives et de cinq succ\u00e8s sur les six derni\u00e8res confrontations. Depuis avril 2009, l\u2019ASM n\u2019a perdu qu\u2019une fois sur douze.\n\nLa rencontre de la saison derni\u00e8re a \u00e9t\u00e9 la derni\u00e8re que Niko Kovac a dirig\u00e9 depuis le banc de touche mon\u00e9gasque. Le groupe mon\u00e9gasque, qui \u00e9prouvait jusqu\u2019alors des difficult\u00e9s face aux \u00e9quipes de t\u00eate du championnat, avait r\u00e9ussi \u00e0 renverser la vapeur face aux Rennais, en livrant une bonne prestation. Mais cela n\u2019aura pas suffi \u00e0 sauver le Croate, qui sera d\u00e9barqu\u00e9 \u00e0 la veille de la reprise.\n\nLes cinq derni\u00e8res confrontations au stade Louis-II\n\n*Saison 2021-2022 (19e journ\u00e9e) :2-1  \n*Saison 2020-2021 (37e journ\u00e9e) :2-1  \n*Saison 2019-2020 (10e journ\u00e9e) :3-2  \n*Saison 2018-2019 (9e journ\u00e9e) :1-2  \n*Saison 2017-2018 (19e journ\u00e9e) :2-1  \n\n Les groupes\n\nLe groupe mon\u00e9gasque  \n\n*Gardiens :Didillon, Lienard, N\u00fcbel.  \n*D\u00e9fenseurs :Badiashile, C. Henrique, Disasi, Jakobs, Maripan, Sarr, Vanderson.  \n*Milieux :Akliouche, Diatta, Diop, Fofana, G. Martins, Golovin, J. Lucas, Magassa &#8211; Matazo.  \n*Attaquants :Ben Yedder, Embolo, Minamino, Volland.\n\nLe groupe rennais  \n\n*Gardiens :Alemdar, Mandanda, Salin.  \nD\u00e9fenseurs :Bad\u00e9, Belocian, G. Dou\u00e9, Rodon, Theate, Traor\u00e9, Truffert.  \n*Milieux :Bourigeaud, D. Dou\u00e9, Majer, Santamaria, Tait, Ugochukwu.  \n*Attaquants :Abline, Doku, Kalimuendo, Laborde, Sulemana, Terrier.  \n\n La d\u00e9claration\n\nPhilippe Clement : \u00abLes joueurs sont pr\u00eats pour rebondir contre Rennes. On sait que c&rsquo;est un grand match, contre une \u00e9quipe qui a beaucoup de qualit\u00e9s. Mais je suis certain que mes joueurs r\u00e9pondront pr\u00e9sent.\u00bb\n\nPhoto :AS Monaco*\n","protected":false},"excerpt":{"rendered":"<p>Face \u00e0 Rennes ce samedi (17h), Monaco va vouloir effacer de sa t\u00eate l\u2019\u00e9limination de mardi face au PSV Eindhoven, en tour pr\u00e9liminaire de la Ligue des Champions. Philippe Clement est confiant sur le fait que ses joueurs sauront r\u00e9pondre pr\u00e9sent face \u00e0 des Rennais qui doivent se rattraper apr\u00e8s leur faux d\u00e9part contre Lorient. [&#8230;]\n","protected":false},"author":2,"featured_media":0,"comment_status":"open","ping_status":"open","sticky":false,"template":"","format":"standard","meta":[],"categories":[6],"tags":[],"yoast_head":"<!-- This site is optimized with the Yoast SEO plugin v19.8 - https:\/\/yoast.com\/wordpress\/plugins\/seo\/ -->\n<title>Ne pas laisser le doute s\u2019installer - La Diagonale<\/title>\n<meta name=\"robots\" content=\"index, follow, max-snippet:-1, max-image-preview:large, max-video-preview:-1\" \/>\n<link rel=\"canonical\" href=\"https:\/\/www.ladiagonale.net\/index.php\/2022\/08\/13\/ne-pas-laisser-le-doute-sinstaller\/\" \/>\n<meta property=\"og:locale\" content=\"fr_FR\" \/>\n<meta property=\"og:type\" content=\"article\" \/>\n<meta property=\"og:title\" content=\"Ne pas laisser le doute s\u2019installer - La Diagonale\" \/>\n<meta property=\"og:description\" content=\"Face \u00e0 Rennes ce samedi (17h), Monaco va vouloir effacer de sa t\u00eate l\u2019\u00e9limination de mardi face au PSV Eindhoven, en tour pr\u00e9liminaire de la Ligue des Champions. Philippe Clement est confiant sur le fait que ses joueurs sauront r\u00e9pondre pr\u00e9sent face \u00e0 des Rennais qui doivent se rattraper apr\u00e8s leur faux d\u00e9part contre Lorient. [...]\" \/>\n<meta property=\"og:url\" content=\"https:\/\/www.ladiagonale.net\/index.php\/2022\/08\/13\/ne-pas-laisser-le-doute-sinstaller\/\" \/>\n<meta property=\"og:site_name\" content=\"La Diagonale\" \/>\n<meta property=\"article:published_time\" content=\"2022-08-12T22:00:00+00:00\" \/>\n<meta property=\"article:modified_time\" content=\"2024-04-05T00:10:54+00:00\" \/>\n<meta name=\"author\" content=\"Damien Dellerba\" \/>\n<meta name=\"twitter:card\" content=\"summary_large_image\" \/>\n<meta name=\"twitter:label1\" content=\"\u00c9crit par\" \/>\n\t<meta name=\"twitter:data1\" content=\"Damien Dellerba\" \/>\n\t<meta name=\"twitter:label2\" content=\"Dur\u00e9e de lecture estim\u00e9e\" \/>\n\t<meta name=\"twitter:data2\" content=\"7 minutes\" \/>\n<script type=\"application\/ld+json\" class=\"yoast-schema-graph\">{\"@context\":\"https:\/\/schema.org\",\"@graph\":[{\"@type\":\"WebPage\",\"@id\":\"https:\/\/www.ladiagonale.net\/index.php\/2022\/08\/13\/ne-pas-laisser-le-doute-sinstaller\/\",\"url\":\"https:\/\/www.ladiagonale.net\/index.php\/2022\/08\/13\/ne-pas-laisser-le-doute-sinstaller\/\",\"name\":\"Ne pas laisser le doute s\u2019installer - La Diagonale\",\"isPartOf\":{\"@id\":\"https:\/\/www.ladiagonale.net\/#website\"},\"datePublished\":\"2022-08-12T22:00:00+00:00\",\"dateModified\":\"2024-04-05T00:10:54+00:00\",\"author\":{\"@id\":\"https:\/\/www.ladiagonale.net\/#\/schema\/person\/79ff1e7b0853ed01b2aa26e64ad300bf\"},\"breadcrumb\":{\"@id\":\"https:\/\/www.ladiagonale.net\/index.php\/2022\/08\/13\/ne-pas-laisser-le-doute-sinstaller\/#breadcrumb\"},\"inLanguage\":\"fr-FR\",\"potentialAction\":[{\"@type\":\"ReadAction\",\"target\":[\"https:\/\/www.ladiagonale.net\/index.php\/2022\/08\/13\/ne-pas-laisser-le-doute-sinstaller\/\"]}]},{\"@type\":\"BreadcrumbList\",\"@id\":\"https:\/\/www.ladiagonale.net\/index.php\/2022\/08\/13\/ne-pas-laisser-le-doute-sinstaller\/#breadcrumb\",\"itemListElement\":[{\"@type\":\"ListItem\",\"position\":1,\"name\":\"Accueil\",\"item\":\"https:\/\/www.ladiagonale.net\/\"},{\"@type\":\"ListItem\",\"position\":2,\"name\":\"Ne pas laisser le doute s\u2019installer\"}]},{\"@type\":\"WebSite\",\"@id\":\"https:\/\/www.ladiagonale.net\/#website\",\"url\":\"https:\/\/www.ladiagonale.net\/\",\"name\":\"La Diagonale\",\"description\":\"Le site des supporters de l&#039;AS Monaco FC\",\"potentialAction\":[{\"@type\":\"SearchAction\",\"target\":{\"@type\":\"EntryPoint\",\"urlTemplate\":\"https:\/\/www.ladiagonale.net\/?s={search_term_string}\"},\"query-input\":\"required name=search_term_string\"}],\"inLanguage\":\"fr-FR\"},{\"@type\":\"Person\",\"@id\":\"https:\/\/www.ladiagonale.net\/#\/schema\/person\/79ff1e7b0853ed01b2aa26e64ad300bf\",\"name\":\"Damien Dellerba\",\"image\":{\"@type\":\"ImageObject\",\"inLanguage\":\"fr-FR\",\"@id\":\"https:\/\/www.ladiagonale.net\/#\/schema\/person\/image\/\",\"url\":\"https:\/\/secure.gravatar.com\/avatar\/c7850e06d3ff63cdbaee88b7fc16e2f0?s=96&d=mm&r=g\",\"contentUrl\":\"https:\/\/secure.gravatar.com\/avatar\/c7850e06d3ff63cdbaee88b7fc16e2f0?s=96&d=mm&r=g\",\"caption\":\"Damien Dellerba\"},\"url\":\"https:\/\/www.ladiagonale.net\/index.php\/author\/damien\/\"}]}<\/script>\n<!-- \/ Yoast SEO plugin. -->","yoast_head_json":{"title":"Ne pas laisser le doute s\u2019installer - La Diagonale","robots":{"index":"index","follow":"follow","max-snippet":"max-snippet:-1","max-image-preview":"max-image-preview:large","max-video-preview":"max-video-preview:-1"},"canonical":"https:\/\/www.ladiagonale.net\/index.php\/2022\/08\/13\/ne-pas-laisser-le-doute-sinstaller\/","og_locale":"fr_FR","og_type":"article","og_title":"Ne pas laisser le doute s\u2019installer - La Diagonale","og_description":"Face \u00e0 Rennes ce samedi (17h), Monaco va vouloir effacer de sa t\u00eate l\u2019\u00e9limination de mardi face au PSV Eindhoven, en tour pr\u00e9liminaire de la Ligue des Champions. Philippe Clement est confiant sur le fait que ses joueurs sauront r\u00e9pondre pr\u00e9sent face \u00e0 des Rennais qui doivent se rattraper apr\u00e8s leur faux d\u00e9part contre Lorient. [...]","og_url":"https:\/\/www.ladiagonale.net\/index.php\/2022\/08\/13\/ne-pas-laisser-le-doute-sinstaller\/","og_site_name":"La Diagonale","article_published_time":"2022-08-12T22:00:00+00:00","article_modified_time":"2024-04-05T00:10:54+00:00","author":"Damien Dellerba","twitter_card":"summary_large_image","twitter_misc":{"\u00c9crit par":"Damien Dellerba","Dur\u00e9e de lecture estim\u00e9e":"7 minutes"},"schema":{"@context":"https:\/\/schema.org","@graph":[{"@type":"WebPage","@id":"https:\/\/www.ladiagonale.net\/index.php\/2022\/08\/13\/ne-pas-laisser-le-doute-sinstaller\/","url":"https:\/\/www.ladiagonale.net\/index.php\/2022\/08\/13\/ne-pas-laisser-le-doute-sinstaller\/","name":"Ne pas laisser le doute s\u2019installer - La Diagonale","isPartOf":{"@id":"https:\/\/www.ladiagonale.net\/#website"},"datePublished":"2022-08-12T22:00:00+00:00","dateModified":"2024-04-05T00:10:54+00:00","author":{"@id":"https:\/\/www.ladiagonale.net\/#\/schema\/person\/79ff1e7b0853ed01b2aa26e64ad300bf"},"breadcrumb":{"@id":"https:\/\/www.ladiagonale.net\/index.php\/2022\/08\/13\/ne-pas-laisser-le-doute-sinstaller\/#breadcrumb"},"inLanguage":"fr-FR","potentialAction":[{"@type":"ReadAction","target":["https:\/\/www.ladiagonale.net\/index.php\/2022\/08\/13\/ne-pas-laisser-le-doute-sinstaller\/"]}]},{"@type":"BreadcrumbList","@id":"https:\/\/www.ladiagonale.net\/index.php\/2022\/08\/13\/ne-pas-laisser-le-doute-sinstaller\/#breadcrumb","itemListElement":[{"@type":"ListItem","position":1,"name":"Accueil","item":"https:\/\/www.ladiagonale.net\/"},{"@type":"ListItem","position":2,"name":"Ne pas laisser le doute s\u2019installer"}]},{"@type":"WebSite","@id":"https:\/\/www.ladiagonale.net\/#website","url":"https:\/\/www.ladiagonale.net\/","name":"La Diagonale","description":"Le site des supporters de l&#039;AS Monaco FC","potentialAction":[{"@type":"SearchAction","target":{"@type":"EntryPoint","urlTemplate":"https:\/\/www.ladiagonale.net\/?s={search_term_string}"},"query-input":"required name=search_term_string"}],"inLanguage":"fr-FR"},{"@type":"Person","@id":"https:\/\/www.ladiagonale.net\/#\/schema\/person\/79ff1e7b0853ed01b2aa26e64ad300bf","name":"Damien Dellerba","image":{"@type":"ImageObject","inLanguage":"fr-FR","@id":"https:\/\/www.ladiagonale.net\/#\/schema\/person\/image\/","url":"https:\/\/secure.gravatar.com\/avatar\/c7850e06d3ff63cdbaee88b7fc16e2f0?s=96&d=mm&r=g","contentUrl":"https:\/\/secure.gravatar.com\/avatar\/c7850e06d3ff63cdbaee88b7fc16e2f0?s=96&d=mm&r=g","caption":"Damien Dellerba"},"url":"https:\/\/www.ladiagonale.net\/index.php\/author\/damien\/"}]}},"_links":{"self":[{"href":"https:\/\/www.ladiagonale.net\/index.php\/wp-json\/wp\/v2\/posts\/4102"}],"collection":[{"href":"https:\/\/www.ladiagonale.net\/index.php\/wp-json\/wp\/v2\/posts"}],"about":[{"href":"https:\/\/www.ladiagonale.net\/index.php\/wp-json\/wp\/v2\/types\/post"}],"author":[{"embeddable":true,"href":"https:\/\/www.ladiagonale.net\/index.php\/wp-json\/wp\/v2\/users\/2"}],"replies":[{"embeddable":true,"href":"https:\/\/www.ladiagonale.net\/index.php\/wp-json\/wp\/v2\/comments?post=4102"}],"version-history":[{"count":1,"href":"https:\/\/www.ladiagonale.net\/index.php\/wp-json\/wp\/v2\/posts\/4102\/revisions"}],"predecessor-version":[{"id":22092,"href":"https:\/\/www.ladiagonale.net\/index.php\/wp-json\/wp\/v2\/posts\/4102\/revisions\/22092"}],"wp:attachment":[{"href":"https:\/\/www.ladiagonale.net\/index.php\/wp-json\/wp\/v2\/media?parent=4102"}],"wp:term":[{"taxonomy":"category","embeddable":true,"href":"https:\/\/www.ladiagonale.net\/index.php\/wp-json\/wp\/v2\/categories?post=4102"},{"taxonomy":"post_tag","embeddable":true,"href":"https:\/\/www.ladiagonale.net\/index.php\/wp-json\/wp\/v2\/tags?post=4102"}],"curies":[{"name":"wp","href":"https:\/\/api.w.org\/{rel}","templated":true}]}}