{"id":411,"date":"2021-12-27T16:32:00","date_gmt":"2021-12-27T15:32:00","guid":{"rendered":"https:\/\/www.ladiagonale.net\/index.php\/2021\/12\/27\/des-tests-supplementaires-pour-vanderson\/"},"modified":"2022-07-26T14:31:45","modified_gmt":"2022-07-26T12:31:45","slug":"des-tests-supplementaires-pour-vanderson","status":"publish","type":"post","link":"https:\/\/www.ladiagonale.net\/index.php\/2021\/12\/27\/des-tests-supplementaires-pour-vanderson\/","title":{"rendered":"Des tests suppl\u00e9mentaires pour Vanderson"},"content":{"rendered":"<p>La signature \u00e0 l\u2019ASM du br\u00e9silien Vanderson est dans les tuyaux depuis un certain temps et semble en bonne voie. Des informations relay\u00e9es par plusieurs m\u00e9dias confirment que l\u2019op\u00e9ration devrait se faire sous peu. Dans un premier temps, Foot Mercato annonce un accord total entre Monaco et Gr\u00eamio. Le montant du transfert, \u00e9chelonn\u00e9 en cinq paiements, se chiffrerait \u00e0 11 millions d\u2019euros. <\/p>\n<p>Si le joueur semblait effectivement en Principaut\u00e9 la semaine derni\u00e8re, le m\u00e9dia br\u00e9silien Globo, annonce de son c\u00f4t\u00e9 que la visite m\u00e9dicale a fait l\u2019objet d\u2019un contretemps puisque Vanderson aurait pr\u00e9sent\u00e9 des sympt\u00f4mes \u00ab pseudo-grippaux \u00bb. Test\u00e9 n\u00e9gatif \u00e0 la Covid-19, le joueur devra effectuer des examens suppl\u00e9mentaires pour compl\u00e9ter sa visite m\u00e9dicale. Globo ajoute qu\u2019une annonce officielle devrait intervenir au 1er janvier 2022.<\/p>\n","protected":false},"excerpt":{"rendered":"<p>La signature \u00e0 l\u2019ASM du br\u00e9silien Vanderson est dans les tuyaux depuis un certain temps et semble en bonne voie. Des informations relay\u00e9es par plusieurs m\u00e9dias confirment que l\u2019op\u00e9ration devrait se faire sous peu. Dans un premier temps, Foot Mercato annonce un accord total entre Monaco et Gr\u00eamio. Le montant du transfert, \u00e9chelonn\u00e9 en cinq [&#8230;]\n","protected":false},"author":2,"featured_media":0,"comment_status":"open","ping_status":"open","sticky":false,"template":"","format":"standard","meta":[],"categories":[6],"tags":[],"yoast_head":"<!-- This site is optimized with the Yoast SEO plugin v19.8 - https:\/\/yoast.com\/wordpress\/plugins\/seo\/ -->\n<title>Des tests suppl\u00e9mentaires pour Vanderson - La Diagonale<\/title>\n<meta name=\"robots\" content=\"index, follow, max-snippet:-1, max-image-preview:large, max-video-preview:-1\" \/>\n<link rel=\"canonical\" href=\"https:\/\/www.ladiagonale.net\/index.php\/2021\/12\/27\/des-tests-supplementaires-pour-vanderson\/\" \/>\n<meta property=\"og:locale\" content=\"fr_FR\" \/>\n<meta property=\"og:type\" content=\"article\" \/>\n<meta property=\"og:title\" content=\"Des tests suppl\u00e9mentaires pour Vanderson - La Diagonale\" \/>\n<meta property=\"og:description\" content=\"La signature \u00e0 l\u2019ASM du br\u00e9silien Vanderson est dans les tuyaux depuis un certain temps et semble en bonne voie. Des informations relay\u00e9es par plusieurs m\u00e9dias confirment que l\u2019op\u00e9ration devrait se faire sous peu. Dans un premier temps, Foot Mercato annonce un accord total entre Monaco et Gr\u00eamio. Le montant du transfert, \u00e9chelonn\u00e9 en cinq [...]\" \/>\n<meta property=\"og:url\" content=\"https:\/\/www.ladiagonale.net\/index.php\/2021\/12\/27\/des-tests-supplementaires-pour-vanderson\/\" \/>\n<meta property=\"og:site_name\" content=\"La Diagonale\" \/>\n<meta property=\"article:published_time\" content=\"2021-12-27T15:32:00+00:00\" \/>\n<meta property=\"article:modified_time\" content=\"2022-07-26T12:31:45+00:00\" \/>\n<meta name=\"author\" content=\"Damien Dellerba\" \/>\n<meta name=\"twitter:card\" content=\"summary_large_image\" \/>\n<meta name=\"twitter:label1\" content=\"\u00c9crit par\" \/>\n\t<meta name=\"twitter:data1\" content=\"Damien Dellerba\" \/>\n\t<meta name=\"twitter:label2\" content=\"Dur\u00e9e de lecture estim\u00e9e\" \/>\n\t<meta name=\"twitter:data2\" content=\"1 minute\" \/>\n<script type=\"application\/ld+json\" class=\"yoast-schema-graph\">{\"@context\":\"https:\/\/schema.org\",\"@graph\":[{\"@type\":\"WebPage\",\"@id\":\"https:\/\/www.ladiagonale.net\/index.php\/2021\/12\/27\/des-tests-supplementaires-pour-vanderson\/\",\"url\":\"https:\/\/www.ladiagonale.net\/index.php\/2021\/12\/27\/des-tests-supplementaires-pour-vanderson\/\",\"name\":\"Des tests suppl\u00e9mentaires pour Vanderson - La Diagonale\",\"isPartOf\":{\"@id\":\"https:\/\/www.ladiagonale.net\/#website\"},\"datePublished\":\"2021-12-27T15:32:00+00:00\",\"dateModified\":\"2022-07-26T12:31:45+00:00\",\"author\":{\"@id\":\"https:\/\/www.ladiagonale.net\/#\/schema\/person\/79ff1e7b0853ed01b2aa26e64ad300bf\"},\"breadcrumb\":{\"@id\":\"https:\/\/www.ladiagonale.net\/index.php\/2021\/12\/27\/des-tests-supplementaires-pour-vanderson\/#breadcrumb\"},\"inLanguage\":\"fr-FR\",\"potentialAction\":[{\"@type\":\"ReadAction\",\"target\":[\"https:\/\/www.ladiagonale.net\/index.php\/2021\/12\/27\/des-tests-supplementaires-pour-vanderson\/\"]}]},{\"@type\":\"BreadcrumbList\",\"@id\":\"https:\/\/www.ladiagonale.net\/index.php\/2021\/12\/27\/des-tests-supplementaires-pour-vanderson\/#breadcrumb\",\"itemListElement\":[{\"@type\":\"ListItem\",\"position\":1,\"name\":\"Accueil\",\"item\":\"https:\/\/www.ladiagonale.net\/\"},{\"@type\":\"ListItem\",\"position\":2,\"name\":\"Des tests suppl\u00e9mentaires pour Vanderson\"}]},{\"@type\":\"WebSite\",\"@id\":\"https:\/\/www.ladiagonale.net\/#website\",\"url\":\"https:\/\/www.ladiagonale.net\/\",\"name\":\"La Diagonale\",\"description\":\"Le site des supporters de l&#039;AS Monaco FC\",\"potentialAction\":[{\"@type\":\"SearchAction\",\"target\":{\"@type\":\"EntryPoint\",\"urlTemplate\":\"https:\/\/www.ladiagonale.net\/?s={search_term_string}\"},\"query-input\":\"required name=search_term_string\"}],\"inLanguage\":\"fr-FR\"},{\"@type\":\"Person\",\"@id\":\"https:\/\/www.ladiagonale.net\/#\/schema\/person\/79ff1e7b0853ed01b2aa26e64ad300bf\",\"name\":\"Damien Dellerba\",\"image\":{\"@type\":\"ImageObject\",\"inLanguage\":\"fr-FR\",\"@id\":\"https:\/\/www.ladiagonale.net\/#\/schema\/person\/image\/\",\"url\":\"https:\/\/secure.gravatar.com\/avatar\/c7850e06d3ff63cdbaee88b7fc16e2f0?s=96&d=mm&r=g\",\"contentUrl\":\"https:\/\/secure.gravatar.com\/avatar\/c7850e06d3ff63cdbaee88b7fc16e2f0?s=96&d=mm&r=g\",\"caption\":\"Damien Dellerba\"},\"url\":\"https:\/\/www.ladiagonale.net\/index.php\/author\/damien\/\"}]}<\/script>\n<!-- \/ Yoast SEO plugin. -->","yoast_head_json":{"title":"Des tests suppl\u00e9mentaires pour Vanderson - La Diagonale","robots":{"index":"index","follow":"follow","max-snippet":"max-snippet:-1","max-image-preview":"max-image-preview:large","max-video-preview":"max-video-preview:-1"},"canonical":"https:\/\/www.ladiagonale.net\/index.php\/2021\/12\/27\/des-tests-supplementaires-pour-vanderson\/","og_locale":"fr_FR","og_type":"article","og_title":"Des tests suppl\u00e9mentaires pour Vanderson - La Diagonale","og_description":"La signature \u00e0 l\u2019ASM du br\u00e9silien Vanderson est dans les tuyaux depuis un certain temps et semble en bonne voie. Des informations relay\u00e9es par plusieurs m\u00e9dias confirment que l\u2019op\u00e9ration devrait se faire sous peu. Dans un premier temps, Foot Mercato annonce un accord total entre Monaco et Gr\u00eamio. Le montant du transfert, \u00e9chelonn\u00e9 en cinq [...]","og_url":"https:\/\/www.ladiagonale.net\/index.php\/2021\/12\/27\/des-tests-supplementaires-pour-vanderson\/","og_site_name":"La Diagonale","article_published_time":"2021-12-27T15:32:00+00:00","article_modified_time":"2022-07-26T12:31:45+00:00","author":"Damien Dellerba","twitter_card":"summary_large_image","twitter_misc":{"\u00c9crit par":"Damien Dellerba","Dur\u00e9e de lecture estim\u00e9e":"1 minute"},"schema":{"@context":"https:\/\/schema.org","@graph":[{"@type":"WebPage","@id":"https:\/\/www.ladiagonale.net\/index.php\/2021\/12\/27\/des-tests-supplementaires-pour-vanderson\/","url":"https:\/\/www.ladiagonale.net\/index.php\/2021\/12\/27\/des-tests-supplementaires-pour-vanderson\/","name":"Des tests suppl\u00e9mentaires pour Vanderson - La Diagonale","isPartOf":{"@id":"https:\/\/www.ladiagonale.net\/#website"},"datePublished":"2021-12-27T15:32:00+00:00","dateModified":"2022-07-26T12:31:45+00:00","author":{"@id":"https:\/\/www.ladiagonale.net\/#\/schema\/person\/79ff1e7b0853ed01b2aa26e64ad300bf"},"breadcrumb":{"@id":"https:\/\/www.ladiagonale.net\/index.php\/2021\/12\/27\/des-tests-supplementaires-pour-vanderson\/#breadcrumb"},"inLanguage":"fr-FR","potentialAction":[{"@type":"ReadAction","target":["https:\/\/www.ladiagonale.net\/index.php\/2021\/12\/27\/des-tests-supplementaires-pour-vanderson\/"]}]},{"@type":"BreadcrumbList","@id":"https:\/\/www.ladiagonale.net\/index.php\/2021\/12\/27\/des-tests-supplementaires-pour-vanderson\/#breadcrumb","itemListElement":[{"@type":"ListItem","position":1,"name":"Accueil","item":"https:\/\/www.ladiagonale.net\/"},{"@type":"ListItem","position":2,"name":"Des tests suppl\u00e9mentaires pour Vanderson"}]},{"@type":"WebSite","@id":"https:\/\/www.ladiagonale.net\/#website","url":"https:\/\/www.ladiagonale.net\/","name":"La Diagonale","description":"Le site des supporters de l&#039;AS Monaco FC","potentialAction":[{"@type":"SearchAction","target":{"@type":"EntryPoint","urlTemplate":"https:\/\/www.ladiagonale.net\/?s={search_term_string}"},"query-input":"required name=search_term_string"}],"inLanguage":"fr-FR"},{"@type":"Person","@id":"https:\/\/www.ladiagonale.net\/#\/schema\/person\/79ff1e7b0853ed01b2aa26e64ad300bf","name":"Damien Dellerba","image":{"@type":"ImageObject","inLanguage":"fr-FR","@id":"https:\/\/www.ladiagonale.net\/#\/schema\/person\/image\/","url":"https:\/\/secure.gravatar.com\/avatar\/c7850e06d3ff63cdbaee88b7fc16e2f0?s=96&d=mm&r=g","contentUrl":"https:\/\/secure.gravatar.com\/avatar\/c7850e06d3ff63cdbaee88b7fc16e2f0?s=96&d=mm&r=g","caption":"Damien Dellerba"},"url":"https:\/\/www.ladiagonale.net\/index.php\/author\/damien\/"}]}},"_links":{"self":[{"href":"https:\/\/www.ladiagonale.net\/index.php\/wp-json\/wp\/v2\/posts\/411"}],"collection":[{"href":"https:\/\/www.ladiagonale.net\/index.php\/wp-json\/wp\/v2\/posts"}],"about":[{"href":"https:\/\/www.ladiagonale.net\/index.php\/wp-json\/wp\/v2\/types\/post"}],"author":[{"embeddable":true,"href":"https:\/\/www.ladiagonale.net\/index.php\/wp-json\/wp\/v2\/users\/2"}],"replies":[{"embeddable":true,"href":"https:\/\/www.ladiagonale.net\/index.php\/wp-json\/wp\/v2\/comments?post=411"}],"version-history":[{"count":1,"href":"https:\/\/www.ladiagonale.net\/index.php\/wp-json\/wp\/v2\/posts\/411\/revisions"}],"predecessor-version":[{"id":2404,"href":"https:\/\/www.ladiagonale.net\/index.php\/wp-json\/wp\/v2\/posts\/411\/revisions\/2404"}],"wp:attachment":[{"href":"https:\/\/www.ladiagonale.net\/index.php\/wp-json\/wp\/v2\/media?parent=411"}],"wp:term":[{"taxonomy":"category","embeddable":true,"href":"https:\/\/www.ladiagonale.net\/index.php\/wp-json\/wp\/v2\/categories?post=411"},{"taxonomy":"post_tag","embeddable":true,"href":"https:\/\/www.ladiagonale.net\/index.php\/wp-json\/wp\/v2\/tags?post=411"}],"curies":[{"name":"wp","href":"https:\/\/api.w.org\/{rel}","templated":true}]}}