{"id":412,"date":"2021-12-27T23:19:02","date_gmt":"2021-12-27T22:19:02","guid":{"rendered":"https:\/\/www.ladiagonale.net\/index.php\/2021\/12\/27\/covid-19-les-stades-de-nouveau-soumis-a-une-jauge\/"},"modified":"2022-07-26T14:31:45","modified_gmt":"2022-07-26T12:31:45","slug":"covid-19-les-stades-de-nouveau-soumis-a-une-jauge","status":"publish","type":"post","link":"https:\/\/www.ladiagonale.net\/index.php\/2021\/12\/27\/covid-19-les-stades-de-nouveau-soumis-a-une-jauge\/","title":{"rendered":"Covid-19 : Les stades de nouveau soumis \u00e0 une jauge"},"content":{"rendered":"<p>Alors que le nombre de cas positifs \u00e0 la Covid-19 augmente consid\u00e9rablement en cette p\u00e9riode de f\u00eates de fin d&rsquo;ann\u00e9e, le Gouvernement fran\u00e7ais a annonc\u00e9, par l&rsquo;interm\u00e9diaire du Premier ministre Jean Castex et du Ministre de la sant\u00e9 Olivier V\u00e9ran, le retour des jauges de spectateurs. Pour les rasemblements en ext\u00e9rieur, cette jauge est fix\u00e9e \u00e0 5000 personnes maximum et cela comprend les stades de l&rsquo;Hexagone. \u00c0 cela s&rsquo;ajoute une interdiction de consommation de nourriture et de boissons dans les enceintes sportives. <\/p>\n<p>Cette mesure doit entrer en vigueur le lundi 3 janvier et s&rsquo;appliquera pour les trois prochaines semaines. Cela devrait \u00e9galement avoir une incidence sur les d\u00e9placements \u00e0 l&rsquo;ext\u00e9rieur des groupes des supporters.<\/p>\n","protected":false},"excerpt":{"rendered":"<p>Alors que le nombre de cas positifs \u00e0 la Covid-19 augmente consid\u00e9rablement en cette p\u00e9riode de f\u00eates de fin d&rsquo;ann\u00e9e, le Gouvernement fran\u00e7ais a annonc\u00e9, par l&rsquo;interm\u00e9diaire du Premier ministre Jean Castex et du Ministre de la sant\u00e9 Olivier V\u00e9ran, le retour des jauges de spectateurs. Pour les rasemblements en ext\u00e9rieur, cette jauge est fix\u00e9e [&#8230;]\n","protected":false},"author":2,"featured_media":0,"comment_status":"open","ping_status":"open","sticky":false,"template":"","format":"standard","meta":[],"categories":[6],"tags":[],"yoast_head":"<!-- This site is optimized with the Yoast SEO plugin v19.8 - https:\/\/yoast.com\/wordpress\/plugins\/seo\/ -->\n<title>Covid-19 : Les stades de nouveau soumis \u00e0 une jauge - La Diagonale<\/title>\n<meta name=\"robots\" content=\"index, follow, max-snippet:-1, max-image-preview:large, max-video-preview:-1\" \/>\n<link rel=\"canonical\" href=\"https:\/\/www.ladiagonale.net\/index.php\/2021\/12\/27\/covid-19-les-stades-de-nouveau-soumis-a-une-jauge\/\" \/>\n<meta property=\"og:locale\" content=\"fr_FR\" \/>\n<meta property=\"og:type\" content=\"article\" \/>\n<meta property=\"og:title\" content=\"Covid-19 : Les stades de nouveau soumis \u00e0 une jauge - La Diagonale\" \/>\n<meta property=\"og:description\" content=\"Alors que le nombre de cas positifs \u00e0 la Covid-19 augmente consid\u00e9rablement en cette p\u00e9riode de f\u00eates de fin d&rsquo;ann\u00e9e, le Gouvernement fran\u00e7ais a annonc\u00e9, par l&rsquo;interm\u00e9diaire du Premier ministre Jean Castex et du Ministre de la sant\u00e9 Olivier V\u00e9ran, le retour des jauges de spectateurs. Pour les rasemblements en ext\u00e9rieur, cette jauge est fix\u00e9e [...]\" \/>\n<meta property=\"og:url\" content=\"https:\/\/www.ladiagonale.net\/index.php\/2021\/12\/27\/covid-19-les-stades-de-nouveau-soumis-a-une-jauge\/\" \/>\n<meta property=\"og:site_name\" content=\"La Diagonale\" \/>\n<meta property=\"article:published_time\" content=\"2021-12-27T22:19:02+00:00\" \/>\n<meta property=\"article:modified_time\" content=\"2022-07-26T12:31:45+00:00\" \/>\n<meta name=\"author\" content=\"Damien Dellerba\" \/>\n<meta name=\"twitter:card\" content=\"summary_large_image\" \/>\n<meta name=\"twitter:label1\" content=\"\u00c9crit par\" \/>\n\t<meta name=\"twitter:data1\" content=\"Damien Dellerba\" \/>\n\t<meta name=\"twitter:label2\" content=\"Dur\u00e9e de lecture estim\u00e9e\" \/>\n\t<meta name=\"twitter:data2\" content=\"1 minute\" \/>\n<script type=\"application\/ld+json\" class=\"yoast-schema-graph\">{\"@context\":\"https:\/\/schema.org\",\"@graph\":[{\"@type\":\"WebPage\",\"@id\":\"https:\/\/www.ladiagonale.net\/index.php\/2021\/12\/27\/covid-19-les-stades-de-nouveau-soumis-a-une-jauge\/\",\"url\":\"https:\/\/www.ladiagonale.net\/index.php\/2021\/12\/27\/covid-19-les-stades-de-nouveau-soumis-a-une-jauge\/\",\"name\":\"Covid-19 : Les stades de nouveau soumis \u00e0 une jauge - La Diagonale\",\"isPartOf\":{\"@id\":\"https:\/\/www.ladiagonale.net\/#website\"},\"datePublished\":\"2021-12-27T22:19:02+00:00\",\"dateModified\":\"2022-07-26T12:31:45+00:00\",\"author\":{\"@id\":\"https:\/\/www.ladiagonale.net\/#\/schema\/person\/79ff1e7b0853ed01b2aa26e64ad300bf\"},\"breadcrumb\":{\"@id\":\"https:\/\/www.ladiagonale.net\/index.php\/2021\/12\/27\/covid-19-les-stades-de-nouveau-soumis-a-une-jauge\/#breadcrumb\"},\"inLanguage\":\"fr-FR\",\"potentialAction\":[{\"@type\":\"ReadAction\",\"target\":[\"https:\/\/www.ladiagonale.net\/index.php\/2021\/12\/27\/covid-19-les-stades-de-nouveau-soumis-a-une-jauge\/\"]}]},{\"@type\":\"BreadcrumbList\",\"@id\":\"https:\/\/www.ladiagonale.net\/index.php\/2021\/12\/27\/covid-19-les-stades-de-nouveau-soumis-a-une-jauge\/#breadcrumb\",\"itemListElement\":[{\"@type\":\"ListItem\",\"position\":1,\"name\":\"Accueil\",\"item\":\"https:\/\/www.ladiagonale.net\/\"},{\"@type\":\"ListItem\",\"position\":2,\"name\":\"Covid-19 : Les stades de nouveau soumis \u00e0 une jauge\"}]},{\"@type\":\"WebSite\",\"@id\":\"https:\/\/www.ladiagonale.net\/#website\",\"url\":\"https:\/\/www.ladiagonale.net\/\",\"name\":\"La Diagonale\",\"description\":\"Le site des supporters de l&#039;AS Monaco FC\",\"potentialAction\":[{\"@type\":\"SearchAction\",\"target\":{\"@type\":\"EntryPoint\",\"urlTemplate\":\"https:\/\/www.ladiagonale.net\/?s={search_term_string}\"},\"query-input\":\"required name=search_term_string\"}],\"inLanguage\":\"fr-FR\"},{\"@type\":\"Person\",\"@id\":\"https:\/\/www.ladiagonale.net\/#\/schema\/person\/79ff1e7b0853ed01b2aa26e64ad300bf\",\"name\":\"Damien Dellerba\",\"image\":{\"@type\":\"ImageObject\",\"inLanguage\":\"fr-FR\",\"@id\":\"https:\/\/www.ladiagonale.net\/#\/schema\/person\/image\/\",\"url\":\"https:\/\/secure.gravatar.com\/avatar\/c7850e06d3ff63cdbaee88b7fc16e2f0?s=96&d=mm&r=g\",\"contentUrl\":\"https:\/\/secure.gravatar.com\/avatar\/c7850e06d3ff63cdbaee88b7fc16e2f0?s=96&d=mm&r=g\",\"caption\":\"Damien Dellerba\"},\"url\":\"https:\/\/www.ladiagonale.net\/index.php\/author\/damien\/\"}]}<\/script>\n<!-- \/ Yoast SEO plugin. -->","yoast_head_json":{"title":"Covid-19 : Les stades de nouveau soumis \u00e0 une jauge - La Diagonale","robots":{"index":"index","follow":"follow","max-snippet":"max-snippet:-1","max-image-preview":"max-image-preview:large","max-video-preview":"max-video-preview:-1"},"canonical":"https:\/\/www.ladiagonale.net\/index.php\/2021\/12\/27\/covid-19-les-stades-de-nouveau-soumis-a-une-jauge\/","og_locale":"fr_FR","og_type":"article","og_title":"Covid-19 : Les stades de nouveau soumis \u00e0 une jauge - La Diagonale","og_description":"Alors que le nombre de cas positifs \u00e0 la Covid-19 augmente consid\u00e9rablement en cette p\u00e9riode de f\u00eates de fin d&rsquo;ann\u00e9e, le Gouvernement fran\u00e7ais a annonc\u00e9, par l&rsquo;interm\u00e9diaire du Premier ministre Jean Castex et du Ministre de la sant\u00e9 Olivier V\u00e9ran, le retour des jauges de spectateurs. Pour les rasemblements en ext\u00e9rieur, cette jauge est fix\u00e9e [...]","og_url":"https:\/\/www.ladiagonale.net\/index.php\/2021\/12\/27\/covid-19-les-stades-de-nouveau-soumis-a-une-jauge\/","og_site_name":"La Diagonale","article_published_time":"2021-12-27T22:19:02+00:00","article_modified_time":"2022-07-26T12:31:45+00:00","author":"Damien Dellerba","twitter_card":"summary_large_image","twitter_misc":{"\u00c9crit par":"Damien Dellerba","Dur\u00e9e de lecture estim\u00e9e":"1 minute"},"schema":{"@context":"https:\/\/schema.org","@graph":[{"@type":"WebPage","@id":"https:\/\/www.ladiagonale.net\/index.php\/2021\/12\/27\/covid-19-les-stades-de-nouveau-soumis-a-une-jauge\/","url":"https:\/\/www.ladiagonale.net\/index.php\/2021\/12\/27\/covid-19-les-stades-de-nouveau-soumis-a-une-jauge\/","name":"Covid-19 : Les stades de nouveau soumis \u00e0 une jauge - La Diagonale","isPartOf":{"@id":"https:\/\/www.ladiagonale.net\/#website"},"datePublished":"2021-12-27T22:19:02+00:00","dateModified":"2022-07-26T12:31:45+00:00","author":{"@id":"https:\/\/www.ladiagonale.net\/#\/schema\/person\/79ff1e7b0853ed01b2aa26e64ad300bf"},"breadcrumb":{"@id":"https:\/\/www.ladiagonale.net\/index.php\/2021\/12\/27\/covid-19-les-stades-de-nouveau-soumis-a-une-jauge\/#breadcrumb"},"inLanguage":"fr-FR","potentialAction":[{"@type":"ReadAction","target":["https:\/\/www.ladiagonale.net\/index.php\/2021\/12\/27\/covid-19-les-stades-de-nouveau-soumis-a-une-jauge\/"]}]},{"@type":"BreadcrumbList","@id":"https:\/\/www.ladiagonale.net\/index.php\/2021\/12\/27\/covid-19-les-stades-de-nouveau-soumis-a-une-jauge\/#breadcrumb","itemListElement":[{"@type":"ListItem","position":1,"name":"Accueil","item":"https:\/\/www.ladiagonale.net\/"},{"@type":"ListItem","position":2,"name":"Covid-19 : Les stades de nouveau soumis \u00e0 une jauge"}]},{"@type":"WebSite","@id":"https:\/\/www.ladiagonale.net\/#website","url":"https:\/\/www.ladiagonale.net\/","name":"La Diagonale","description":"Le site des supporters de l&#039;AS Monaco FC","potentialAction":[{"@type":"SearchAction","target":{"@type":"EntryPoint","urlTemplate":"https:\/\/www.ladiagonale.net\/?s={search_term_string}"},"query-input":"required name=search_term_string"}],"inLanguage":"fr-FR"},{"@type":"Person","@id":"https:\/\/www.ladiagonale.net\/#\/schema\/person\/79ff1e7b0853ed01b2aa26e64ad300bf","name":"Damien Dellerba","image":{"@type":"ImageObject","inLanguage":"fr-FR","@id":"https:\/\/www.ladiagonale.net\/#\/schema\/person\/image\/","url":"https:\/\/secure.gravatar.com\/avatar\/c7850e06d3ff63cdbaee88b7fc16e2f0?s=96&d=mm&r=g","contentUrl":"https:\/\/secure.gravatar.com\/avatar\/c7850e06d3ff63cdbaee88b7fc16e2f0?s=96&d=mm&r=g","caption":"Damien Dellerba"},"url":"https:\/\/www.ladiagonale.net\/index.php\/author\/damien\/"}]}},"_links":{"self":[{"href":"https:\/\/www.ladiagonale.net\/index.php\/wp-json\/wp\/v2\/posts\/412"}],"collection":[{"href":"https:\/\/www.ladiagonale.net\/index.php\/wp-json\/wp\/v2\/posts"}],"about":[{"href":"https:\/\/www.ladiagonale.net\/index.php\/wp-json\/wp\/v2\/types\/post"}],"author":[{"embeddable":true,"href":"https:\/\/www.ladiagonale.net\/index.php\/wp-json\/wp\/v2\/users\/2"}],"replies":[{"embeddable":true,"href":"https:\/\/www.ladiagonale.net\/index.php\/wp-json\/wp\/v2\/comments?post=412"}],"version-history":[{"count":1,"href":"https:\/\/www.ladiagonale.net\/index.php\/wp-json\/wp\/v2\/posts\/412\/revisions"}],"predecessor-version":[{"id":2403,"href":"https:\/\/www.ladiagonale.net\/index.php\/wp-json\/wp\/v2\/posts\/412\/revisions\/2403"}],"wp:attachment":[{"href":"https:\/\/www.ladiagonale.net\/index.php\/wp-json\/wp\/v2\/media?parent=412"}],"wp:term":[{"taxonomy":"category","embeddable":true,"href":"https:\/\/www.ladiagonale.net\/index.php\/wp-json\/wp\/v2\/categories?post=412"},{"taxonomy":"post_tag","embeddable":true,"href":"https:\/\/www.ladiagonale.net\/index.php\/wp-json\/wp\/v2\/tags?post=412"}],"curies":[{"name":"wp","href":"https:\/\/api.w.org\/{rel}","templated":true}]}}