{"id":4126,"date":"2022-08-16T00:00:00","date_gmt":"2022-08-15T22:00:00","guid":{"rendered":"https:\/\/www.ladiagonale.net\/index.php\/2022\/08\/16\/matazo-convoite-ne-devrait-pas-bouger\/"},"modified":"2022-08-16T00:00:00","modified_gmt":"2022-08-15T22:00:00","slug":"matazo-convoite-ne-devrait-pas-bouger","status":"publish","type":"post","link":"https:\/\/www.ladiagonale.net\/index.php\/2022\/08\/16\/matazo-convoite-ne-devrait-pas-bouger\/","title":{"rendered":"Matazo, convoit\u00e9, ne devrait pas bouger"},"content":{"rendered":"<p>Eliot Matazo suscite les convoitises \u00e0 l&rsquo;\u00e9tranger. SelonL&rsquo;\u00c9quipe*, Fribourg, le Bayer Leverkusen et le Club Bruges s&rsquo;int\u00e9ressent au jeune milieu de terrain (20 ans), dont le contrat court jusqu&rsquo;en 2026. Mais le Belge ne devrait pas bouger car l&rsquo;ASM compte sur lui et veut le voir s&rsquo;affirmer. D&rsquo;apr\u00e8s le quotidien, il est tr\u00e8s appr\u00e9ci\u00e9 par Paul Mitchell, qui ne veut pas entraver sa progression.<\/p>\n<p>Cette saison, Matazo, qui est toujours en lice pour le troph\u00e9e duGolden Boy2022, a disput\u00e9 les deux rencontres du troisi\u00e8me tour pr\u00e9liminaire contre le PSV. Face \u00e0 Rennes, il \u00e9tait finalement forfait ([voir par ailleurs](https:\/\/www.ladiagonale.net\/news-1780-la-raison-de-labsence-de-matazo)) mais il devrait pouvoir rejouer en fin de semaine contre Lens.<\/p>\n","protected":false},"excerpt":{"rendered":"<p>Eliot Matazo suscite les convoitises \u00e0 l&rsquo;\u00e9tranger. SelonL&rsquo;\u00c9quipe*, Fribourg, le Bayer Leverkusen et le Club Bruges s&rsquo;int\u00e9ressent au jeune milieu de terrain (20 ans), dont le contrat court jusqu&rsquo;en 2026. Mais le Belge ne devrait pas bouger car l&rsquo;ASM compte sur lui et veut le voir s&rsquo;affirmer. D&rsquo;apr\u00e8s le quotidien, il est tr\u00e8s appr\u00e9ci\u00e9 par [&#8230;]\n","protected":false},"author":1,"featured_media":0,"comment_status":"open","ping_status":"open","sticky":false,"template":"","format":"standard","meta":[],"categories":[6],"tags":[],"yoast_head":"<!-- This site is optimized with the Yoast SEO plugin v19.8 - https:\/\/yoast.com\/wordpress\/plugins\/seo\/ -->\n<title>Matazo, convoit\u00e9, ne devrait pas bouger - La Diagonale<\/title>\n<meta name=\"robots\" content=\"index, follow, max-snippet:-1, max-image-preview:large, max-video-preview:-1\" \/>\n<link rel=\"canonical\" href=\"https:\/\/www.ladiagonale.net\/index.php\/2022\/08\/16\/matazo-convoite-ne-devrait-pas-bouger\/\" \/>\n<meta property=\"og:locale\" content=\"fr_FR\" \/>\n<meta property=\"og:type\" content=\"article\" \/>\n<meta property=\"og:title\" content=\"Matazo, convoit\u00e9, ne devrait pas bouger - La Diagonale\" \/>\n<meta property=\"og:description\" content=\"Eliot Matazo suscite les convoitises \u00e0 l&rsquo;\u00e9tranger. SelonL&rsquo;\u00c9quipe*, Fribourg, le Bayer Leverkusen et le Club Bruges s&rsquo;int\u00e9ressent au jeune milieu de terrain (20 ans), dont le contrat court jusqu&rsquo;en 2026. Mais le Belge ne devrait pas bouger car l&rsquo;ASM compte sur lui et veut le voir s&rsquo;affirmer. D&rsquo;apr\u00e8s le quotidien, il est tr\u00e8s appr\u00e9ci\u00e9 par [...]\" \/>\n<meta property=\"og:url\" content=\"https:\/\/www.ladiagonale.net\/index.php\/2022\/08\/16\/matazo-convoite-ne-devrait-pas-bouger\/\" \/>\n<meta property=\"og:site_name\" content=\"La Diagonale\" \/>\n<meta property=\"article:published_time\" content=\"2022-08-15T22:00:00+00:00\" \/>\n<meta name=\"author\" content=\"admin\" \/>\n<meta name=\"twitter:card\" content=\"summary_large_image\" \/>\n<meta name=\"twitter:label1\" content=\"\u00c9crit par\" \/>\n\t<meta name=\"twitter:data1\" content=\"admin\" \/>\n\t<meta name=\"twitter:label2\" content=\"Dur\u00e9e de lecture estim\u00e9e\" \/>\n\t<meta name=\"twitter:data2\" content=\"1 minute\" \/>\n<script type=\"application\/ld+json\" class=\"yoast-schema-graph\">{\"@context\":\"https:\/\/schema.org\",\"@graph\":[{\"@type\":\"WebPage\",\"@id\":\"https:\/\/www.ladiagonale.net\/index.php\/2022\/08\/16\/matazo-convoite-ne-devrait-pas-bouger\/\",\"url\":\"https:\/\/www.ladiagonale.net\/index.php\/2022\/08\/16\/matazo-convoite-ne-devrait-pas-bouger\/\",\"name\":\"Matazo, convoit\u00e9, ne devrait pas bouger - La Diagonale\",\"isPartOf\":{\"@id\":\"https:\/\/www.ladiagonale.net\/#website\"},\"datePublished\":\"2022-08-15T22:00:00+00:00\",\"dateModified\":\"2022-08-15T22:00:00+00:00\",\"author\":{\"@id\":\"https:\/\/www.ladiagonale.net\/#\/schema\/person\/03fa041acd51875ece8bf97a37252a4d\"},\"breadcrumb\":{\"@id\":\"https:\/\/www.ladiagonale.net\/index.php\/2022\/08\/16\/matazo-convoite-ne-devrait-pas-bouger\/#breadcrumb\"},\"inLanguage\":\"fr-FR\",\"potentialAction\":[{\"@type\":\"ReadAction\",\"target\":[\"https:\/\/www.ladiagonale.net\/index.php\/2022\/08\/16\/matazo-convoite-ne-devrait-pas-bouger\/\"]}]},{\"@type\":\"BreadcrumbList\",\"@id\":\"https:\/\/www.ladiagonale.net\/index.php\/2022\/08\/16\/matazo-convoite-ne-devrait-pas-bouger\/#breadcrumb\",\"itemListElement\":[{\"@type\":\"ListItem\",\"position\":1,\"name\":\"Accueil\",\"item\":\"https:\/\/www.ladiagonale.net\/\"},{\"@type\":\"ListItem\",\"position\":2,\"name\":\"Matazo, convoit\u00e9, ne devrait pas bouger\"}]},{\"@type\":\"WebSite\",\"@id\":\"https:\/\/www.ladiagonale.net\/#website\",\"url\":\"https:\/\/www.ladiagonale.net\/\",\"name\":\"La Diagonale\",\"description\":\"Le site des supporters de l&#039;AS Monaco FC\",\"potentialAction\":[{\"@type\":\"SearchAction\",\"target\":{\"@type\":\"EntryPoint\",\"urlTemplate\":\"https:\/\/www.ladiagonale.net\/?s={search_term_string}\"},\"query-input\":\"required name=search_term_string\"}],\"inLanguage\":\"fr-FR\"},{\"@type\":\"Person\",\"@id\":\"https:\/\/www.ladiagonale.net\/#\/schema\/person\/03fa041acd51875ece8bf97a37252a4d\",\"name\":\"admin\",\"image\":{\"@type\":\"ImageObject\",\"inLanguage\":\"fr-FR\",\"@id\":\"https:\/\/www.ladiagonale.net\/#\/schema\/person\/image\/\",\"url\":\"https:\/\/secure.gravatar.com\/avatar\/894b9daaf19cc759b072b6bb09cac5f2?s=96&d=mm&r=g\",\"contentUrl\":\"https:\/\/secure.gravatar.com\/avatar\/894b9daaf19cc759b072b6bb09cac5f2?s=96&d=mm&r=g\",\"caption\":\"admin\"},\"sameAs\":[\"https:\/\/v2.ladiagonale.net\"],\"url\":\"https:\/\/www.ladiagonale.net\/index.php\/author\/admin\/\"}]}<\/script>\n<!-- \/ Yoast SEO plugin. -->","yoast_head_json":{"title":"Matazo, convoit\u00e9, ne devrait pas bouger - La Diagonale","robots":{"index":"index","follow":"follow","max-snippet":"max-snippet:-1","max-image-preview":"max-image-preview:large","max-video-preview":"max-video-preview:-1"},"canonical":"https:\/\/www.ladiagonale.net\/index.php\/2022\/08\/16\/matazo-convoite-ne-devrait-pas-bouger\/","og_locale":"fr_FR","og_type":"article","og_title":"Matazo, convoit\u00e9, ne devrait pas bouger - La Diagonale","og_description":"Eliot Matazo suscite les convoitises \u00e0 l&rsquo;\u00e9tranger. SelonL&rsquo;\u00c9quipe*, Fribourg, le Bayer Leverkusen et le Club Bruges s&rsquo;int\u00e9ressent au jeune milieu de terrain (20 ans), dont le contrat court jusqu&rsquo;en 2026. Mais le Belge ne devrait pas bouger car l&rsquo;ASM compte sur lui et veut le voir s&rsquo;affirmer. D&rsquo;apr\u00e8s le quotidien, il est tr\u00e8s appr\u00e9ci\u00e9 par [...]","og_url":"https:\/\/www.ladiagonale.net\/index.php\/2022\/08\/16\/matazo-convoite-ne-devrait-pas-bouger\/","og_site_name":"La Diagonale","article_published_time":"2022-08-15T22:00:00+00:00","author":"admin","twitter_card":"summary_large_image","twitter_misc":{"\u00c9crit par":"admin","Dur\u00e9e de lecture estim\u00e9e":"1 minute"},"schema":{"@context":"https:\/\/schema.org","@graph":[{"@type":"WebPage","@id":"https:\/\/www.ladiagonale.net\/index.php\/2022\/08\/16\/matazo-convoite-ne-devrait-pas-bouger\/","url":"https:\/\/www.ladiagonale.net\/index.php\/2022\/08\/16\/matazo-convoite-ne-devrait-pas-bouger\/","name":"Matazo, convoit\u00e9, ne devrait pas bouger - La Diagonale","isPartOf":{"@id":"https:\/\/www.ladiagonale.net\/#website"},"datePublished":"2022-08-15T22:00:00+00:00","dateModified":"2022-08-15T22:00:00+00:00","author":{"@id":"https:\/\/www.ladiagonale.net\/#\/schema\/person\/03fa041acd51875ece8bf97a37252a4d"},"breadcrumb":{"@id":"https:\/\/www.ladiagonale.net\/index.php\/2022\/08\/16\/matazo-convoite-ne-devrait-pas-bouger\/#breadcrumb"},"inLanguage":"fr-FR","potentialAction":[{"@type":"ReadAction","target":["https:\/\/www.ladiagonale.net\/index.php\/2022\/08\/16\/matazo-convoite-ne-devrait-pas-bouger\/"]}]},{"@type":"BreadcrumbList","@id":"https:\/\/www.ladiagonale.net\/index.php\/2022\/08\/16\/matazo-convoite-ne-devrait-pas-bouger\/#breadcrumb","itemListElement":[{"@type":"ListItem","position":1,"name":"Accueil","item":"https:\/\/www.ladiagonale.net\/"},{"@type":"ListItem","position":2,"name":"Matazo, convoit\u00e9, ne devrait pas bouger"}]},{"@type":"WebSite","@id":"https:\/\/www.ladiagonale.net\/#website","url":"https:\/\/www.ladiagonale.net\/","name":"La Diagonale","description":"Le site des supporters de l&#039;AS Monaco FC","potentialAction":[{"@type":"SearchAction","target":{"@type":"EntryPoint","urlTemplate":"https:\/\/www.ladiagonale.net\/?s={search_term_string}"},"query-input":"required name=search_term_string"}],"inLanguage":"fr-FR"},{"@type":"Person","@id":"https:\/\/www.ladiagonale.net\/#\/schema\/person\/03fa041acd51875ece8bf97a37252a4d","name":"admin","image":{"@type":"ImageObject","inLanguage":"fr-FR","@id":"https:\/\/www.ladiagonale.net\/#\/schema\/person\/image\/","url":"https:\/\/secure.gravatar.com\/avatar\/894b9daaf19cc759b072b6bb09cac5f2?s=96&d=mm&r=g","contentUrl":"https:\/\/secure.gravatar.com\/avatar\/894b9daaf19cc759b072b6bb09cac5f2?s=96&d=mm&r=g","caption":"admin"},"sameAs":["https:\/\/v2.ladiagonale.net"],"url":"https:\/\/www.ladiagonale.net\/index.php\/author\/admin\/"}]}},"_links":{"self":[{"href":"https:\/\/www.ladiagonale.net\/index.php\/wp-json\/wp\/v2\/posts\/4126"}],"collection":[{"href":"https:\/\/www.ladiagonale.net\/index.php\/wp-json\/wp\/v2\/posts"}],"about":[{"href":"https:\/\/www.ladiagonale.net\/index.php\/wp-json\/wp\/v2\/types\/post"}],"author":[{"embeddable":true,"href":"https:\/\/www.ladiagonale.net\/index.php\/wp-json\/wp\/v2\/users\/1"}],"replies":[{"embeddable":true,"href":"https:\/\/www.ladiagonale.net\/index.php\/wp-json\/wp\/v2\/comments?post=4126"}],"version-history":[{"count":0,"href":"https:\/\/www.ladiagonale.net\/index.php\/wp-json\/wp\/v2\/posts\/4126\/revisions"}],"wp:attachment":[{"href":"https:\/\/www.ladiagonale.net\/index.php\/wp-json\/wp\/v2\/media?parent=4126"}],"wp:term":[{"taxonomy":"category","embeddable":true,"href":"https:\/\/www.ladiagonale.net\/index.php\/wp-json\/wp\/v2\/categories?post=4126"},{"taxonomy":"post_tag","embeddable":true,"href":"https:\/\/www.ladiagonale.net\/index.php\/wp-json\/wp\/v2\/tags?post=4126"}],"curies":[{"name":"wp","href":"https:\/\/api.w.org\/{rel}","templated":true}]}}