{"id":413,"date":"2021-12-29T00:12:00","date_gmt":"2021-12-28T23:12:00","guid":{"rendered":"https:\/\/www.ladiagonale.net\/index.php\/2021\/12\/29\/kovac-serait-menace\/"},"modified":"2022-07-26T14:31:45","modified_gmt":"2022-07-26T12:31:45","slug":"kovac-serait-menace","status":"publish","type":"post","link":"https:\/\/www.ladiagonale.net\/index.php\/2021\/12\/29\/kovac-serait-menace\/","title":{"rendered":"Kovac serait menac\u00e9"},"content":{"rendered":"<p>Le journal L\u2019\u00c9quipe vient de l\u00e2cher une bombe dans son \u00e9dition du jour : Niko Kovac serait sur la sellette. L\u2019\u00e9tat-major mon\u00e9gasque semble avoir plusieurs griefs contre l\u2019actuel entra\u00eeneur de l\u2019\u00e9quipe premi\u00e8re. En priv\u00e9, le pr\u00e9sident Dmitry Rybolovlev, dont le club c\u00e9l\u00e8bre les dix ans de pr\u00e9sidence en cette fin d&rsquo;ann\u00e9e, serait particuli\u00e8rement m\u00e9content des prestations de son \u00e9quipe.<\/p>\n<p>Alors que le Russe veut afficher des ambitions plus \u00e9lev\u00e9es \u00e0 l\u2019\u00e9chelon national, la sixi\u00e8me place au classement, \u00e0 quatre points du podium, serait particuli\u00e8rement mal per\u00e7ue. Et surtout l\u2019\u00e9tat d\u2019esprit jug\u00e9 frileux et les mauvais r\u00e9sultats face aux meilleures \u00e9quipes du championnat d\u00e9plaisent. En outre, la non-qualification pour la Ligue des Champions a \u00e9t\u00e9 consid\u00e9r\u00e9e comme un s\u00e9rieux revers.<\/p>\n<p>Mais les dirigeants seraient actuellement circonspects sur la relation entre Kovac et certains joueurs et semblent estimer que celui-ci a perdu son vestiaire. Avec Wissam Ben Yedder et Youssouf Fofana notamment, les liens seraient \u00ab distendus \u00bb et sa gestion sportive pose question, alors que sa rigidit\u00e9 dans le management commence \u00e0 peser. Outre les explications tactiques jug\u00e9es \u00ab\u00a0brouillonnes\u00a0\u00bb, les dirigeants ne retrouvent pas l&rsquo;identit\u00e9 de jeu qui faisait de l&rsquo;ASM un rouleau compresseur en deuxi\u00e8me partie de saison derni\u00e8re. <\/p>\n<p>Son investissement serait \u00e9galement mis en cause. Le Croate passerait moins de temps au centre d&rsquo;entra\u00eenement et cela se ressentirait dans son travail. En plus de l&rsquo;absence de progr\u00e8s collectifs, le manque de progr\u00e8s individuels des jeunes joueurs comme Tchouameni, Badiashile ou Fofana agacerait, de m\u00eame que la stagnation de joueurs confirm\u00e9s comme Volland ou Aguilar et la mauvaise int\u00e9gration des recrues, tel que Myron Boadu, arriv\u00e9 cet \u00e9t\u00e9 pour 15 millions d&rsquo;euros minimum.<\/p>\n<p>La r\u00e9flexion autour de Kovac ne serait toutefois pas le signe d&rsquo;une sortie imminente. Le tacticien croate devrait avoir la possibilit\u00e9 d&rsquo;inverser la tendance avec la reprise des matchs en 2022. Mais il faudrait alors faire vite.<\/p>\n","protected":false},"excerpt":{"rendered":"<p>Le journal L\u2019\u00c9quipe vient de l\u00e2cher une bombe dans son \u00e9dition du jour : Niko Kovac serait sur la sellette. L\u2019\u00e9tat-major mon\u00e9gasque semble avoir plusieurs griefs contre l\u2019actuel entra\u00eeneur de l\u2019\u00e9quipe premi\u00e8re. En priv\u00e9, le pr\u00e9sident Dmitry Rybolovlev, dont le club c\u00e9l\u00e8bre les dix ans de pr\u00e9sidence en cette fin d&rsquo;ann\u00e9e, serait particuli\u00e8rement m\u00e9content des [&#8230;]\n","protected":false},"author":2,"featured_media":0,"comment_status":"open","ping_status":"open","sticky":false,"template":"","format":"standard","meta":[],"categories":[6],"tags":[],"yoast_head":"<!-- This site is optimized with the Yoast SEO plugin v19.8 - https:\/\/yoast.com\/wordpress\/plugins\/seo\/ -->\n<title>Kovac serait menac\u00e9 - La Diagonale<\/title>\n<meta name=\"robots\" content=\"index, follow, max-snippet:-1, max-image-preview:large, max-video-preview:-1\" \/>\n<link rel=\"canonical\" href=\"https:\/\/www.ladiagonale.net\/index.php\/2021\/12\/29\/kovac-serait-menace\/\" \/>\n<meta property=\"og:locale\" content=\"fr_FR\" \/>\n<meta property=\"og:type\" content=\"article\" \/>\n<meta property=\"og:title\" content=\"Kovac serait menac\u00e9 - La Diagonale\" \/>\n<meta property=\"og:description\" content=\"Le journal L\u2019\u00c9quipe vient de l\u00e2cher une bombe dans son \u00e9dition du jour : Niko Kovac serait sur la sellette. L\u2019\u00e9tat-major mon\u00e9gasque semble avoir plusieurs griefs contre l\u2019actuel entra\u00eeneur de l\u2019\u00e9quipe premi\u00e8re. En priv\u00e9, le pr\u00e9sident Dmitry Rybolovlev, dont le club c\u00e9l\u00e8bre les dix ans de pr\u00e9sidence en cette fin d&rsquo;ann\u00e9e, serait particuli\u00e8rement m\u00e9content des [...]\" \/>\n<meta property=\"og:url\" content=\"https:\/\/www.ladiagonale.net\/index.php\/2021\/12\/29\/kovac-serait-menace\/\" \/>\n<meta property=\"og:site_name\" content=\"La Diagonale\" \/>\n<meta property=\"article:published_time\" content=\"2021-12-28T23:12:00+00:00\" \/>\n<meta property=\"article:modified_time\" content=\"2022-07-26T12:31:45+00:00\" \/>\n<meta name=\"author\" content=\"Damien Dellerba\" \/>\n<meta name=\"twitter:card\" content=\"summary_large_image\" \/>\n<meta name=\"twitter:label1\" content=\"\u00c9crit par\" \/>\n\t<meta name=\"twitter:data1\" content=\"Damien Dellerba\" \/>\n\t<meta name=\"twitter:label2\" content=\"Dur\u00e9e de lecture estim\u00e9e\" \/>\n\t<meta name=\"twitter:data2\" content=\"2 minutes\" \/>\n<script type=\"application\/ld+json\" class=\"yoast-schema-graph\">{\"@context\":\"https:\/\/schema.org\",\"@graph\":[{\"@type\":\"WebPage\",\"@id\":\"https:\/\/www.ladiagonale.net\/index.php\/2021\/12\/29\/kovac-serait-menace\/\",\"url\":\"https:\/\/www.ladiagonale.net\/index.php\/2021\/12\/29\/kovac-serait-menace\/\",\"name\":\"Kovac serait menac\u00e9 - La Diagonale\",\"isPartOf\":{\"@id\":\"https:\/\/www.ladiagonale.net\/#website\"},\"datePublished\":\"2021-12-28T23:12:00+00:00\",\"dateModified\":\"2022-07-26T12:31:45+00:00\",\"author\":{\"@id\":\"https:\/\/www.ladiagonale.net\/#\/schema\/person\/79ff1e7b0853ed01b2aa26e64ad300bf\"},\"breadcrumb\":{\"@id\":\"https:\/\/www.ladiagonale.net\/index.php\/2021\/12\/29\/kovac-serait-menace\/#breadcrumb\"},\"inLanguage\":\"fr-FR\",\"potentialAction\":[{\"@type\":\"ReadAction\",\"target\":[\"https:\/\/www.ladiagonale.net\/index.php\/2021\/12\/29\/kovac-serait-menace\/\"]}]},{\"@type\":\"BreadcrumbList\",\"@id\":\"https:\/\/www.ladiagonale.net\/index.php\/2021\/12\/29\/kovac-serait-menace\/#breadcrumb\",\"itemListElement\":[{\"@type\":\"ListItem\",\"position\":1,\"name\":\"Accueil\",\"item\":\"https:\/\/www.ladiagonale.net\/\"},{\"@type\":\"ListItem\",\"position\":2,\"name\":\"Kovac serait menac\u00e9\"}]},{\"@type\":\"WebSite\",\"@id\":\"https:\/\/www.ladiagonale.net\/#website\",\"url\":\"https:\/\/www.ladiagonale.net\/\",\"name\":\"La Diagonale\",\"description\":\"Le site des supporters de l&#039;AS Monaco FC\",\"potentialAction\":[{\"@type\":\"SearchAction\",\"target\":{\"@type\":\"EntryPoint\",\"urlTemplate\":\"https:\/\/www.ladiagonale.net\/?s={search_term_string}\"},\"query-input\":\"required name=search_term_string\"}],\"inLanguage\":\"fr-FR\"},{\"@type\":\"Person\",\"@id\":\"https:\/\/www.ladiagonale.net\/#\/schema\/person\/79ff1e7b0853ed01b2aa26e64ad300bf\",\"name\":\"Damien Dellerba\",\"image\":{\"@type\":\"ImageObject\",\"inLanguage\":\"fr-FR\",\"@id\":\"https:\/\/www.ladiagonale.net\/#\/schema\/person\/image\/\",\"url\":\"https:\/\/secure.gravatar.com\/avatar\/c7850e06d3ff63cdbaee88b7fc16e2f0?s=96&d=mm&r=g\",\"contentUrl\":\"https:\/\/secure.gravatar.com\/avatar\/c7850e06d3ff63cdbaee88b7fc16e2f0?s=96&d=mm&r=g\",\"caption\":\"Damien Dellerba\"},\"url\":\"https:\/\/www.ladiagonale.net\/index.php\/author\/damien\/\"}]}<\/script>\n<!-- \/ Yoast SEO plugin. -->","yoast_head_json":{"title":"Kovac serait menac\u00e9 - La Diagonale","robots":{"index":"index","follow":"follow","max-snippet":"max-snippet:-1","max-image-preview":"max-image-preview:large","max-video-preview":"max-video-preview:-1"},"canonical":"https:\/\/www.ladiagonale.net\/index.php\/2021\/12\/29\/kovac-serait-menace\/","og_locale":"fr_FR","og_type":"article","og_title":"Kovac serait menac\u00e9 - La Diagonale","og_description":"Le journal L\u2019\u00c9quipe vient de l\u00e2cher une bombe dans son \u00e9dition du jour : Niko Kovac serait sur la sellette. L\u2019\u00e9tat-major mon\u00e9gasque semble avoir plusieurs griefs contre l\u2019actuel entra\u00eeneur de l\u2019\u00e9quipe premi\u00e8re. En priv\u00e9, le pr\u00e9sident Dmitry Rybolovlev, dont le club c\u00e9l\u00e8bre les dix ans de pr\u00e9sidence en cette fin d&rsquo;ann\u00e9e, serait particuli\u00e8rement m\u00e9content des [...]","og_url":"https:\/\/www.ladiagonale.net\/index.php\/2021\/12\/29\/kovac-serait-menace\/","og_site_name":"La Diagonale","article_published_time":"2021-12-28T23:12:00+00:00","article_modified_time":"2022-07-26T12:31:45+00:00","author":"Damien Dellerba","twitter_card":"summary_large_image","twitter_misc":{"\u00c9crit par":"Damien Dellerba","Dur\u00e9e de lecture estim\u00e9e":"2 minutes"},"schema":{"@context":"https:\/\/schema.org","@graph":[{"@type":"WebPage","@id":"https:\/\/www.ladiagonale.net\/index.php\/2021\/12\/29\/kovac-serait-menace\/","url":"https:\/\/www.ladiagonale.net\/index.php\/2021\/12\/29\/kovac-serait-menace\/","name":"Kovac serait menac\u00e9 - La Diagonale","isPartOf":{"@id":"https:\/\/www.ladiagonale.net\/#website"},"datePublished":"2021-12-28T23:12:00+00:00","dateModified":"2022-07-26T12:31:45+00:00","author":{"@id":"https:\/\/www.ladiagonale.net\/#\/schema\/person\/79ff1e7b0853ed01b2aa26e64ad300bf"},"breadcrumb":{"@id":"https:\/\/www.ladiagonale.net\/index.php\/2021\/12\/29\/kovac-serait-menace\/#breadcrumb"},"inLanguage":"fr-FR","potentialAction":[{"@type":"ReadAction","target":["https:\/\/www.ladiagonale.net\/index.php\/2021\/12\/29\/kovac-serait-menace\/"]}]},{"@type":"BreadcrumbList","@id":"https:\/\/www.ladiagonale.net\/index.php\/2021\/12\/29\/kovac-serait-menace\/#breadcrumb","itemListElement":[{"@type":"ListItem","position":1,"name":"Accueil","item":"https:\/\/www.ladiagonale.net\/"},{"@type":"ListItem","position":2,"name":"Kovac serait menac\u00e9"}]},{"@type":"WebSite","@id":"https:\/\/www.ladiagonale.net\/#website","url":"https:\/\/www.ladiagonale.net\/","name":"La Diagonale","description":"Le site des supporters de l&#039;AS Monaco FC","potentialAction":[{"@type":"SearchAction","target":{"@type":"EntryPoint","urlTemplate":"https:\/\/www.ladiagonale.net\/?s={search_term_string}"},"query-input":"required name=search_term_string"}],"inLanguage":"fr-FR"},{"@type":"Person","@id":"https:\/\/www.ladiagonale.net\/#\/schema\/person\/79ff1e7b0853ed01b2aa26e64ad300bf","name":"Damien Dellerba","image":{"@type":"ImageObject","inLanguage":"fr-FR","@id":"https:\/\/www.ladiagonale.net\/#\/schema\/person\/image\/","url":"https:\/\/secure.gravatar.com\/avatar\/c7850e06d3ff63cdbaee88b7fc16e2f0?s=96&d=mm&r=g","contentUrl":"https:\/\/secure.gravatar.com\/avatar\/c7850e06d3ff63cdbaee88b7fc16e2f0?s=96&d=mm&r=g","caption":"Damien Dellerba"},"url":"https:\/\/www.ladiagonale.net\/index.php\/author\/damien\/"}]}},"_links":{"self":[{"href":"https:\/\/www.ladiagonale.net\/index.php\/wp-json\/wp\/v2\/posts\/413"}],"collection":[{"href":"https:\/\/www.ladiagonale.net\/index.php\/wp-json\/wp\/v2\/posts"}],"about":[{"href":"https:\/\/www.ladiagonale.net\/index.php\/wp-json\/wp\/v2\/types\/post"}],"author":[{"embeddable":true,"href":"https:\/\/www.ladiagonale.net\/index.php\/wp-json\/wp\/v2\/users\/2"}],"replies":[{"embeddable":true,"href":"https:\/\/www.ladiagonale.net\/index.php\/wp-json\/wp\/v2\/comments?post=413"}],"version-history":[{"count":1,"href":"https:\/\/www.ladiagonale.net\/index.php\/wp-json\/wp\/v2\/posts\/413\/revisions"}],"predecessor-version":[{"id":2402,"href":"https:\/\/www.ladiagonale.net\/index.php\/wp-json\/wp\/v2\/posts\/413\/revisions\/2402"}],"wp:attachment":[{"href":"https:\/\/www.ladiagonale.net\/index.php\/wp-json\/wp\/v2\/media?parent=413"}],"wp:term":[{"taxonomy":"category","embeddable":true,"href":"https:\/\/www.ladiagonale.net\/index.php\/wp-json\/wp\/v2\/categories?post=413"},{"taxonomy":"post_tag","embeddable":true,"href":"https:\/\/www.ladiagonale.net\/index.php\/wp-json\/wp\/v2\/tags?post=413"}],"curies":[{"name":"wp","href":"https:\/\/api.w.org\/{rel}","templated":true}]}}