{"id":4131,"date":"2022-08-16T00:00:00","date_gmt":"2022-08-15T22:00:00","guid":{"rendered":"https:\/\/www.ladiagonale.net\/index.php\/2022\/08\/16\/officiel-matsima-prete-a-lorient\/"},"modified":"2022-08-16T00:00:00","modified_gmt":"2022-08-15T22:00:00","slug":"officiel-matsima-prete-a-lorient","status":"publish","type":"post","link":"https:\/\/www.ladiagonale.net\/index.php\/2022\/08\/16\/officiel-matsima-prete-a-lorient\/","title":{"rendered":"Officiel : Matsima pr\u00eat\u00e9 \u00e0 Lorient"},"content":{"rendered":"<p>L\u2019AS Monaco a officialis\u00e9 le pr\u00eat de Chrislain Matsima pour une saison au FC Lorient. Une option d\u2019achat a \u00e9galement \u00e9t\u00e9 jointe au pr\u00eat du d\u00e9fenseur central, sous contrat jusqu\u2019en juin 2025<\/p>\n<p>Avec l\u2019arriv\u00e9e de Malang Sarr comme cinqui\u00e8me joueur dans ce secteur, le temps de jeu de l\u2019international U20 aurait \u00e9t\u00e9 insuffisant pour lui permettre de continuer sa progression. D\u00e9j\u00e0 l\u2019an dernier, il n\u2019avait disput\u00e9 que 13 rencontres toutes comp\u00e9titions confondues.<\/p>\n","protected":false},"excerpt":{"rendered":"<p>L\u2019AS Monaco a officialis\u00e9 le pr\u00eat de Chrislain Matsima pour une saison au FC Lorient. Une option d\u2019achat a \u00e9galement \u00e9t\u00e9 jointe au pr\u00eat du d\u00e9fenseur central, sous contrat jusqu\u2019en juin 2025 Avec l\u2019arriv\u00e9e de Malang Sarr comme cinqui\u00e8me joueur dans ce secteur, le temps de jeu de l\u2019international U20 aurait \u00e9t\u00e9 insuffisant pour lui [&#8230;]\n","protected":false},"author":1,"featured_media":0,"comment_status":"open","ping_status":"open","sticky":false,"template":"","format":"standard","meta":[],"categories":[6],"tags":[],"yoast_head":"<!-- This site is optimized with the Yoast SEO plugin v19.8 - https:\/\/yoast.com\/wordpress\/plugins\/seo\/ -->\n<title>Officiel : Matsima pr\u00eat\u00e9 \u00e0 Lorient - La Diagonale<\/title>\n<meta name=\"robots\" content=\"index, follow, max-snippet:-1, max-image-preview:large, max-video-preview:-1\" \/>\n<link rel=\"canonical\" href=\"https:\/\/www.ladiagonale.net\/index.php\/2022\/08\/16\/officiel-matsima-prete-a-lorient\/\" \/>\n<meta property=\"og:locale\" content=\"fr_FR\" \/>\n<meta property=\"og:type\" content=\"article\" \/>\n<meta property=\"og:title\" content=\"Officiel : Matsima pr\u00eat\u00e9 \u00e0 Lorient - La Diagonale\" \/>\n<meta property=\"og:description\" content=\"L\u2019AS Monaco a officialis\u00e9 le pr\u00eat de Chrislain Matsima pour une saison au FC Lorient. Une option d\u2019achat a \u00e9galement \u00e9t\u00e9 jointe au pr\u00eat du d\u00e9fenseur central, sous contrat jusqu\u2019en juin 2025 Avec l\u2019arriv\u00e9e de Malang Sarr comme cinqui\u00e8me joueur dans ce secteur, le temps de jeu de l\u2019international U20 aurait \u00e9t\u00e9 insuffisant pour lui [...]\" \/>\n<meta property=\"og:url\" content=\"https:\/\/www.ladiagonale.net\/index.php\/2022\/08\/16\/officiel-matsima-prete-a-lorient\/\" \/>\n<meta property=\"og:site_name\" content=\"La Diagonale\" \/>\n<meta property=\"article:published_time\" content=\"2022-08-15T22:00:00+00:00\" \/>\n<meta name=\"author\" content=\"admin\" \/>\n<meta name=\"twitter:card\" content=\"summary_large_image\" \/>\n<meta name=\"twitter:label1\" content=\"\u00c9crit par\" \/>\n\t<meta name=\"twitter:data1\" content=\"admin\" \/>\n<script type=\"application\/ld+json\" class=\"yoast-schema-graph\">{\"@context\":\"https:\/\/schema.org\",\"@graph\":[{\"@type\":\"WebPage\",\"@id\":\"https:\/\/www.ladiagonale.net\/index.php\/2022\/08\/16\/officiel-matsima-prete-a-lorient\/\",\"url\":\"https:\/\/www.ladiagonale.net\/index.php\/2022\/08\/16\/officiel-matsima-prete-a-lorient\/\",\"name\":\"Officiel : Matsima pr\u00eat\u00e9 \u00e0 Lorient - La Diagonale\",\"isPartOf\":{\"@id\":\"https:\/\/www.ladiagonale.net\/#website\"},\"datePublished\":\"2022-08-15T22:00:00+00:00\",\"dateModified\":\"2022-08-15T22:00:00+00:00\",\"author\":{\"@id\":\"https:\/\/www.ladiagonale.net\/#\/schema\/person\/03fa041acd51875ece8bf97a37252a4d\"},\"breadcrumb\":{\"@id\":\"https:\/\/www.ladiagonale.net\/index.php\/2022\/08\/16\/officiel-matsima-prete-a-lorient\/#breadcrumb\"},\"inLanguage\":\"fr-FR\",\"potentialAction\":[{\"@type\":\"ReadAction\",\"target\":[\"https:\/\/www.ladiagonale.net\/index.php\/2022\/08\/16\/officiel-matsima-prete-a-lorient\/\"]}]},{\"@type\":\"BreadcrumbList\",\"@id\":\"https:\/\/www.ladiagonale.net\/index.php\/2022\/08\/16\/officiel-matsima-prete-a-lorient\/#breadcrumb\",\"itemListElement\":[{\"@type\":\"ListItem\",\"position\":1,\"name\":\"Accueil\",\"item\":\"https:\/\/www.ladiagonale.net\/\"},{\"@type\":\"ListItem\",\"position\":2,\"name\":\"Officiel : Matsima pr\u00eat\u00e9 \u00e0 Lorient\"}]},{\"@type\":\"WebSite\",\"@id\":\"https:\/\/www.ladiagonale.net\/#website\",\"url\":\"https:\/\/www.ladiagonale.net\/\",\"name\":\"La Diagonale\",\"description\":\"Le site des supporters de l&#039;AS Monaco FC\",\"potentialAction\":[{\"@type\":\"SearchAction\",\"target\":{\"@type\":\"EntryPoint\",\"urlTemplate\":\"https:\/\/www.ladiagonale.net\/?s={search_term_string}\"},\"query-input\":\"required name=search_term_string\"}],\"inLanguage\":\"fr-FR\"},{\"@type\":\"Person\",\"@id\":\"https:\/\/www.ladiagonale.net\/#\/schema\/person\/03fa041acd51875ece8bf97a37252a4d\",\"name\":\"admin\",\"image\":{\"@type\":\"ImageObject\",\"inLanguage\":\"fr-FR\",\"@id\":\"https:\/\/www.ladiagonale.net\/#\/schema\/person\/image\/\",\"url\":\"https:\/\/secure.gravatar.com\/avatar\/894b9daaf19cc759b072b6bb09cac5f2?s=96&d=mm&r=g\",\"contentUrl\":\"https:\/\/secure.gravatar.com\/avatar\/894b9daaf19cc759b072b6bb09cac5f2?s=96&d=mm&r=g\",\"caption\":\"admin\"},\"sameAs\":[\"https:\/\/v2.ladiagonale.net\"],\"url\":\"https:\/\/www.ladiagonale.net\/index.php\/author\/admin\/\"}]}<\/script>\n<!-- \/ Yoast SEO plugin. -->","yoast_head_json":{"title":"Officiel : Matsima pr\u00eat\u00e9 \u00e0 Lorient - La Diagonale","robots":{"index":"index","follow":"follow","max-snippet":"max-snippet:-1","max-image-preview":"max-image-preview:large","max-video-preview":"max-video-preview:-1"},"canonical":"https:\/\/www.ladiagonale.net\/index.php\/2022\/08\/16\/officiel-matsima-prete-a-lorient\/","og_locale":"fr_FR","og_type":"article","og_title":"Officiel : Matsima pr\u00eat\u00e9 \u00e0 Lorient - La Diagonale","og_description":"L\u2019AS Monaco a officialis\u00e9 le pr\u00eat de Chrislain Matsima pour une saison au FC Lorient. Une option d\u2019achat a \u00e9galement \u00e9t\u00e9 jointe au pr\u00eat du d\u00e9fenseur central, sous contrat jusqu\u2019en juin 2025 Avec l\u2019arriv\u00e9e de Malang Sarr comme cinqui\u00e8me joueur dans ce secteur, le temps de jeu de l\u2019international U20 aurait \u00e9t\u00e9 insuffisant pour lui [...]","og_url":"https:\/\/www.ladiagonale.net\/index.php\/2022\/08\/16\/officiel-matsima-prete-a-lorient\/","og_site_name":"La Diagonale","article_published_time":"2022-08-15T22:00:00+00:00","author":"admin","twitter_card":"summary_large_image","twitter_misc":{"\u00c9crit par":"admin"},"schema":{"@context":"https:\/\/schema.org","@graph":[{"@type":"WebPage","@id":"https:\/\/www.ladiagonale.net\/index.php\/2022\/08\/16\/officiel-matsima-prete-a-lorient\/","url":"https:\/\/www.ladiagonale.net\/index.php\/2022\/08\/16\/officiel-matsima-prete-a-lorient\/","name":"Officiel : Matsima pr\u00eat\u00e9 \u00e0 Lorient - La Diagonale","isPartOf":{"@id":"https:\/\/www.ladiagonale.net\/#website"},"datePublished":"2022-08-15T22:00:00+00:00","dateModified":"2022-08-15T22:00:00+00:00","author":{"@id":"https:\/\/www.ladiagonale.net\/#\/schema\/person\/03fa041acd51875ece8bf97a37252a4d"},"breadcrumb":{"@id":"https:\/\/www.ladiagonale.net\/index.php\/2022\/08\/16\/officiel-matsima-prete-a-lorient\/#breadcrumb"},"inLanguage":"fr-FR","potentialAction":[{"@type":"ReadAction","target":["https:\/\/www.ladiagonale.net\/index.php\/2022\/08\/16\/officiel-matsima-prete-a-lorient\/"]}]},{"@type":"BreadcrumbList","@id":"https:\/\/www.ladiagonale.net\/index.php\/2022\/08\/16\/officiel-matsima-prete-a-lorient\/#breadcrumb","itemListElement":[{"@type":"ListItem","position":1,"name":"Accueil","item":"https:\/\/www.ladiagonale.net\/"},{"@type":"ListItem","position":2,"name":"Officiel : Matsima pr\u00eat\u00e9 \u00e0 Lorient"}]},{"@type":"WebSite","@id":"https:\/\/www.ladiagonale.net\/#website","url":"https:\/\/www.ladiagonale.net\/","name":"La Diagonale","description":"Le site des supporters de l&#039;AS Monaco FC","potentialAction":[{"@type":"SearchAction","target":{"@type":"EntryPoint","urlTemplate":"https:\/\/www.ladiagonale.net\/?s={search_term_string}"},"query-input":"required name=search_term_string"}],"inLanguage":"fr-FR"},{"@type":"Person","@id":"https:\/\/www.ladiagonale.net\/#\/schema\/person\/03fa041acd51875ece8bf97a37252a4d","name":"admin","image":{"@type":"ImageObject","inLanguage":"fr-FR","@id":"https:\/\/www.ladiagonale.net\/#\/schema\/person\/image\/","url":"https:\/\/secure.gravatar.com\/avatar\/894b9daaf19cc759b072b6bb09cac5f2?s=96&d=mm&r=g","contentUrl":"https:\/\/secure.gravatar.com\/avatar\/894b9daaf19cc759b072b6bb09cac5f2?s=96&d=mm&r=g","caption":"admin"},"sameAs":["https:\/\/v2.ladiagonale.net"],"url":"https:\/\/www.ladiagonale.net\/index.php\/author\/admin\/"}]}},"_links":{"self":[{"href":"https:\/\/www.ladiagonale.net\/index.php\/wp-json\/wp\/v2\/posts\/4131"}],"collection":[{"href":"https:\/\/www.ladiagonale.net\/index.php\/wp-json\/wp\/v2\/posts"}],"about":[{"href":"https:\/\/www.ladiagonale.net\/index.php\/wp-json\/wp\/v2\/types\/post"}],"author":[{"embeddable":true,"href":"https:\/\/www.ladiagonale.net\/index.php\/wp-json\/wp\/v2\/users\/1"}],"replies":[{"embeddable":true,"href":"https:\/\/www.ladiagonale.net\/index.php\/wp-json\/wp\/v2\/comments?post=4131"}],"version-history":[{"count":0,"href":"https:\/\/www.ladiagonale.net\/index.php\/wp-json\/wp\/v2\/posts\/4131\/revisions"}],"wp:attachment":[{"href":"https:\/\/www.ladiagonale.net\/index.php\/wp-json\/wp\/v2\/media?parent=4131"}],"wp:term":[{"taxonomy":"category","embeddable":true,"href":"https:\/\/www.ladiagonale.net\/index.php\/wp-json\/wp\/v2\/categories?post=4131"},{"taxonomy":"post_tag","embeddable":true,"href":"https:\/\/www.ladiagonale.net\/index.php\/wp-json\/wp\/v2\/tags?post=4131"}],"curies":[{"name":"wp","href":"https:\/\/api.w.org\/{rel}","templated":true}]}}