{"id":4132,"date":"2022-08-17T00:00:00","date_gmt":"2022-08-16T22:00:00","guid":{"rendered":"https:\/\/www.ladiagonale.net\/index.php\/2022\/08\/17\/soumare-est-decu\/"},"modified":"2026-01-07T23:51:49","modified_gmt":"2026-01-07T22:51:49","slug":"soumare-est-decu","status":"publish","type":"post","link":"https:\/\/www.ladiagonale.net\/index.php\/2022\/08\/17\/soumare-est-decu\/","title":{"rendered":"Soumar\u00e9 est d\u00e9\u00e7u"},"content":{"rendered":"\n\n\n<p>Boubakary Soumar\u00e9 ne devrait pas rejoindre l&rsquo;AS Monaco finalement. Le club de la Principaut\u00e9 a pr\u00e9f\u00e9r\u00e9 signer Mohamed Camara, une piste vraisemblablement moins on\u00e9reuse que celle du joueur de Leicester et le journal <em>L&rsquo;\u00c9quipe<\/em> a confirm\u00e9 l&rsquo;abandon du dossier dans son \u00e9dition de lundi. Une nouvelle qui ne ravirait pas le joueur.<\/p>\n\n\n\n<p>Selon <em>getfootballnewsfrance.com<\/em>, Soumar\u00e9 est \u00ab\u00a0<em>d\u00e9\u00e7u<\/em>\u00a0\u00bb de voir un potentiel transfert vers Monaco \u00e9chouer. Le milieu de terrain \u00e9tait en effet convaincu du projet sportif mon\u00e9gasque et voit l&rsquo;ASM comme un club capable de viser r\u00e9guli\u00e8rement une place pour la Ligue des Champions.<\/p>\n","protected":false},"excerpt":{"rendered":"<p>Boubakary Soumar\u00e9 ne devrait pas rejoindre l&rsquo;AS Monaco finalement. Le club de la Principaut\u00e9 a pr\u00e9f\u00e9r\u00e9 signer Mohamed Camara, une piste vraisemblablement moins on\u00e9reuse que celle du joueur de Leicester et le journal L&rsquo;\u00c9quipe a confirm\u00e9 l&rsquo;abandon du dossier dans son \u00e9dition de lundi. Une nouvelle qui ne ravirait pas le joueur. Selon getfootballnewsfrance.com, Soumar\u00e9 [&#8230;]\n","protected":false},"author":1,"featured_media":0,"comment_status":"open","ping_status":"open","sticky":false,"template":"","format":"standard","meta":[],"categories":[6],"tags":[],"yoast_head":"<!-- This site is optimized with the Yoast SEO plugin v19.8 - https:\/\/yoast.com\/wordpress\/plugins\/seo\/ -->\n<title>Soumar\u00e9 est d\u00e9\u00e7u - La Diagonale<\/title>\n<meta name=\"robots\" content=\"index, follow, max-snippet:-1, max-image-preview:large, max-video-preview:-1\" \/>\n<link rel=\"canonical\" href=\"https:\/\/www.ladiagonale.net\/index.php\/2022\/08\/17\/soumare-est-decu\/\" \/>\n<meta property=\"og:locale\" content=\"fr_FR\" \/>\n<meta property=\"og:type\" content=\"article\" \/>\n<meta property=\"og:title\" content=\"Soumar\u00e9 est d\u00e9\u00e7u - La Diagonale\" \/>\n<meta property=\"og:description\" content=\"Boubakary Soumar\u00e9 ne devrait pas rejoindre l&rsquo;AS Monaco finalement. Le club de la Principaut\u00e9 a pr\u00e9f\u00e9r\u00e9 signer Mohamed Camara, une piste vraisemblablement moins on\u00e9reuse que celle du joueur de Leicester et le journal L&rsquo;\u00c9quipe a confirm\u00e9 l&rsquo;abandon du dossier dans son \u00e9dition de lundi. Une nouvelle qui ne ravirait pas le joueur. Selon getfootballnewsfrance.com, Soumar\u00e9 [...]\" \/>\n<meta property=\"og:url\" content=\"https:\/\/www.ladiagonale.net\/index.php\/2022\/08\/17\/soumare-est-decu\/\" \/>\n<meta property=\"og:site_name\" content=\"La Diagonale\" \/>\n<meta property=\"article:published_time\" content=\"2022-08-16T22:00:00+00:00\" \/>\n<meta property=\"article:modified_time\" content=\"2026-01-07T22:51:49+00:00\" \/>\n<meta name=\"author\" content=\"admin\" \/>\n<meta name=\"twitter:card\" content=\"summary_large_image\" \/>\n<meta name=\"twitter:label1\" content=\"\u00c9crit par\" \/>\n\t<meta name=\"twitter:data1\" content=\"admin\" \/>\n\t<meta name=\"twitter:label2\" content=\"Dur\u00e9e de lecture estim\u00e9e\" \/>\n\t<meta name=\"twitter:data2\" content=\"1 minute\" \/>\n<script type=\"application\/ld+json\" class=\"yoast-schema-graph\">{\"@context\":\"https:\/\/schema.org\",\"@graph\":[{\"@type\":\"WebPage\",\"@id\":\"https:\/\/www.ladiagonale.net\/index.php\/2022\/08\/17\/soumare-est-decu\/\",\"url\":\"https:\/\/www.ladiagonale.net\/index.php\/2022\/08\/17\/soumare-est-decu\/\",\"name\":\"Soumar\u00e9 est d\u00e9\u00e7u - La Diagonale\",\"isPartOf\":{\"@id\":\"https:\/\/www.ladiagonale.net\/#website\"},\"datePublished\":\"2022-08-16T22:00:00+00:00\",\"dateModified\":\"2026-01-07T22:51:49+00:00\",\"author\":{\"@id\":\"https:\/\/www.ladiagonale.net\/#\/schema\/person\/03fa041acd51875ece8bf97a37252a4d\"},\"breadcrumb\":{\"@id\":\"https:\/\/www.ladiagonale.net\/index.php\/2022\/08\/17\/soumare-est-decu\/#breadcrumb\"},\"inLanguage\":\"fr-FR\",\"potentialAction\":[{\"@type\":\"ReadAction\",\"target\":[\"https:\/\/www.ladiagonale.net\/index.php\/2022\/08\/17\/soumare-est-decu\/\"]}]},{\"@type\":\"BreadcrumbList\",\"@id\":\"https:\/\/www.ladiagonale.net\/index.php\/2022\/08\/17\/soumare-est-decu\/#breadcrumb\",\"itemListElement\":[{\"@type\":\"ListItem\",\"position\":1,\"name\":\"Accueil\",\"item\":\"https:\/\/www.ladiagonale.net\/\"},{\"@type\":\"ListItem\",\"position\":2,\"name\":\"Soumar\u00e9 est d\u00e9\u00e7u\"}]},{\"@type\":\"WebSite\",\"@id\":\"https:\/\/www.ladiagonale.net\/#website\",\"url\":\"https:\/\/www.ladiagonale.net\/\",\"name\":\"La Diagonale\",\"description\":\"Le site des supporters de l&#039;AS Monaco FC\",\"potentialAction\":[{\"@type\":\"SearchAction\",\"target\":{\"@type\":\"EntryPoint\",\"urlTemplate\":\"https:\/\/www.ladiagonale.net\/?s={search_term_string}\"},\"query-input\":\"required name=search_term_string\"}],\"inLanguage\":\"fr-FR\"},{\"@type\":\"Person\",\"@id\":\"https:\/\/www.ladiagonale.net\/#\/schema\/person\/03fa041acd51875ece8bf97a37252a4d\",\"name\":\"admin\",\"image\":{\"@type\":\"ImageObject\",\"inLanguage\":\"fr-FR\",\"@id\":\"https:\/\/www.ladiagonale.net\/#\/schema\/person\/image\/\",\"url\":\"https:\/\/secure.gravatar.com\/avatar\/894b9daaf19cc759b072b6bb09cac5f2?s=96&d=mm&r=g\",\"contentUrl\":\"https:\/\/secure.gravatar.com\/avatar\/894b9daaf19cc759b072b6bb09cac5f2?s=96&d=mm&r=g\",\"caption\":\"admin\"},\"sameAs\":[\"https:\/\/v2.ladiagonale.net\"],\"url\":\"https:\/\/www.ladiagonale.net\/index.php\/author\/admin\/\"}]}<\/script>\n<!-- \/ Yoast SEO plugin. -->","yoast_head_json":{"title":"Soumar\u00e9 est d\u00e9\u00e7u - La Diagonale","robots":{"index":"index","follow":"follow","max-snippet":"max-snippet:-1","max-image-preview":"max-image-preview:large","max-video-preview":"max-video-preview:-1"},"canonical":"https:\/\/www.ladiagonale.net\/index.php\/2022\/08\/17\/soumare-est-decu\/","og_locale":"fr_FR","og_type":"article","og_title":"Soumar\u00e9 est d\u00e9\u00e7u - La Diagonale","og_description":"Boubakary Soumar\u00e9 ne devrait pas rejoindre l&rsquo;AS Monaco finalement. Le club de la Principaut\u00e9 a pr\u00e9f\u00e9r\u00e9 signer Mohamed Camara, une piste vraisemblablement moins on\u00e9reuse que celle du joueur de Leicester et le journal L&rsquo;\u00c9quipe a confirm\u00e9 l&rsquo;abandon du dossier dans son \u00e9dition de lundi. Une nouvelle qui ne ravirait pas le joueur. Selon getfootballnewsfrance.com, Soumar\u00e9 [...]","og_url":"https:\/\/www.ladiagonale.net\/index.php\/2022\/08\/17\/soumare-est-decu\/","og_site_name":"La Diagonale","article_published_time":"2022-08-16T22:00:00+00:00","article_modified_time":"2026-01-07T22:51:49+00:00","author":"admin","twitter_card":"summary_large_image","twitter_misc":{"\u00c9crit par":"admin","Dur\u00e9e de lecture estim\u00e9e":"1 minute"},"schema":{"@context":"https:\/\/schema.org","@graph":[{"@type":"WebPage","@id":"https:\/\/www.ladiagonale.net\/index.php\/2022\/08\/17\/soumare-est-decu\/","url":"https:\/\/www.ladiagonale.net\/index.php\/2022\/08\/17\/soumare-est-decu\/","name":"Soumar\u00e9 est d\u00e9\u00e7u - La Diagonale","isPartOf":{"@id":"https:\/\/www.ladiagonale.net\/#website"},"datePublished":"2022-08-16T22:00:00+00:00","dateModified":"2026-01-07T22:51:49+00:00","author":{"@id":"https:\/\/www.ladiagonale.net\/#\/schema\/person\/03fa041acd51875ece8bf97a37252a4d"},"breadcrumb":{"@id":"https:\/\/www.ladiagonale.net\/index.php\/2022\/08\/17\/soumare-est-decu\/#breadcrumb"},"inLanguage":"fr-FR","potentialAction":[{"@type":"ReadAction","target":["https:\/\/www.ladiagonale.net\/index.php\/2022\/08\/17\/soumare-est-decu\/"]}]},{"@type":"BreadcrumbList","@id":"https:\/\/www.ladiagonale.net\/index.php\/2022\/08\/17\/soumare-est-decu\/#breadcrumb","itemListElement":[{"@type":"ListItem","position":1,"name":"Accueil","item":"https:\/\/www.ladiagonale.net\/"},{"@type":"ListItem","position":2,"name":"Soumar\u00e9 est d\u00e9\u00e7u"}]},{"@type":"WebSite","@id":"https:\/\/www.ladiagonale.net\/#website","url":"https:\/\/www.ladiagonale.net\/","name":"La Diagonale","description":"Le site des supporters de l&#039;AS Monaco FC","potentialAction":[{"@type":"SearchAction","target":{"@type":"EntryPoint","urlTemplate":"https:\/\/www.ladiagonale.net\/?s={search_term_string}"},"query-input":"required name=search_term_string"}],"inLanguage":"fr-FR"},{"@type":"Person","@id":"https:\/\/www.ladiagonale.net\/#\/schema\/person\/03fa041acd51875ece8bf97a37252a4d","name":"admin","image":{"@type":"ImageObject","inLanguage":"fr-FR","@id":"https:\/\/www.ladiagonale.net\/#\/schema\/person\/image\/","url":"https:\/\/secure.gravatar.com\/avatar\/894b9daaf19cc759b072b6bb09cac5f2?s=96&d=mm&r=g","contentUrl":"https:\/\/secure.gravatar.com\/avatar\/894b9daaf19cc759b072b6bb09cac5f2?s=96&d=mm&r=g","caption":"admin"},"sameAs":["https:\/\/v2.ladiagonale.net"],"url":"https:\/\/www.ladiagonale.net\/index.php\/author\/admin\/"}]}},"_links":{"self":[{"href":"https:\/\/www.ladiagonale.net\/index.php\/wp-json\/wp\/v2\/posts\/4132"}],"collection":[{"href":"https:\/\/www.ladiagonale.net\/index.php\/wp-json\/wp\/v2\/posts"}],"about":[{"href":"https:\/\/www.ladiagonale.net\/index.php\/wp-json\/wp\/v2\/types\/post"}],"author":[{"embeddable":true,"href":"https:\/\/www.ladiagonale.net\/index.php\/wp-json\/wp\/v2\/users\/1"}],"replies":[{"embeddable":true,"href":"https:\/\/www.ladiagonale.net\/index.php\/wp-json\/wp\/v2\/comments?post=4132"}],"version-history":[{"count":2,"href":"https:\/\/www.ladiagonale.net\/index.php\/wp-json\/wp\/v2\/posts\/4132\/revisions"}],"predecessor-version":[{"id":36097,"href":"https:\/\/www.ladiagonale.net\/index.php\/wp-json\/wp\/v2\/posts\/4132\/revisions\/36097"}],"wp:attachment":[{"href":"https:\/\/www.ladiagonale.net\/index.php\/wp-json\/wp\/v2\/media?parent=4132"}],"wp:term":[{"taxonomy":"category","embeddable":true,"href":"https:\/\/www.ladiagonale.net\/index.php\/wp-json\/wp\/v2\/categories?post=4132"},{"taxonomy":"post_tag","embeddable":true,"href":"https:\/\/www.ladiagonale.net\/index.php\/wp-json\/wp\/v2\/tags?post=4132"}],"curies":[{"name":"wp","href":"https:\/\/api.w.org\/{rel}","templated":true}]}}