{"id":4136,"date":"2022-08-17T00:00:00","date_gmt":"2022-08-16T22:00:00","guid":{"rendered":"https:\/\/www.ladiagonale.net\/index.php\/2022\/08\/17\/fofana-prend-plus-quun-match-ferme\/"},"modified":"2022-08-17T00:00:00","modified_gmt":"2022-08-16T22:00:00","slug":"fofana-prend-plus-quun-match-ferme","status":"publish","type":"post","link":"https:\/\/www.ladiagonale.net\/index.php\/2022\/08\/17\/fofana-prend-plus-quun-match-ferme\/","title":{"rendered":"Fofana prend plus qu&rsquo;un match ferme"},"content":{"rendered":"<p>La commission de discipline de la LFP a examin\u00e9, entre autres, le cas de Youssouf Fofana ce mercredi et le verdict est tomb\u00e9. Le milieu de terrain de l&rsquo;AS Monaco a re\u00e7u une suspension de deux matchs, dont un avec sursis. Automatiquement suspendu pour la rencontre face \u00e0 Lens ce samedi, Fofana verra sa peine alourdie en cas de nouvelle d\u00e9cision \u00e0 son encontre au cours des dix prochains matchs.<\/p>\n<p>Du c\u00f4t\u00e9 des adversaires de l&rsquo;AS Monaco, le Paris Saint-Germain sera priv\u00e9 de Vitinha pour la rencontre de la 4e journ\u00e9e entre les deux clubs, suite \u00e0 une accumulation de cartons jaune.<\/p>\n","protected":false},"excerpt":{"rendered":"<p>La commission de discipline de la LFP a examin\u00e9, entre autres, le cas de Youssouf Fofana ce mercredi et le verdict est tomb\u00e9. Le milieu de terrain de l&rsquo;AS Monaco a re\u00e7u une suspension de deux matchs, dont un avec sursis. Automatiquement suspendu pour la rencontre face \u00e0 Lens ce samedi, Fofana verra sa peine [&#8230;]\n","protected":false},"author":1,"featured_media":0,"comment_status":"open","ping_status":"open","sticky":false,"template":"","format":"standard","meta":[],"categories":[6],"tags":[],"yoast_head":"<!-- This site is optimized with the Yoast SEO plugin v19.8 - https:\/\/yoast.com\/wordpress\/plugins\/seo\/ -->\n<title>Fofana prend plus qu&#039;un match ferme - La Diagonale<\/title>\n<meta name=\"robots\" content=\"index, follow, max-snippet:-1, max-image-preview:large, max-video-preview:-1\" \/>\n<link rel=\"canonical\" href=\"https:\/\/www.ladiagonale.net\/index.php\/2022\/08\/17\/fofana-prend-plus-quun-match-ferme\/\" \/>\n<meta property=\"og:locale\" content=\"fr_FR\" \/>\n<meta property=\"og:type\" content=\"article\" \/>\n<meta property=\"og:title\" content=\"Fofana prend plus qu&#039;un match ferme - La Diagonale\" \/>\n<meta property=\"og:description\" content=\"La commission de discipline de la LFP a examin\u00e9, entre autres, le cas de Youssouf Fofana ce mercredi et le verdict est tomb\u00e9. Le milieu de terrain de l&rsquo;AS Monaco a re\u00e7u une suspension de deux matchs, dont un avec sursis. Automatiquement suspendu pour la rencontre face \u00e0 Lens ce samedi, Fofana verra sa peine [...]\" \/>\n<meta property=\"og:url\" content=\"https:\/\/www.ladiagonale.net\/index.php\/2022\/08\/17\/fofana-prend-plus-quun-match-ferme\/\" \/>\n<meta property=\"og:site_name\" content=\"La Diagonale\" \/>\n<meta property=\"article:published_time\" content=\"2022-08-16T22:00:00+00:00\" \/>\n<meta name=\"author\" content=\"admin\" \/>\n<meta name=\"twitter:card\" content=\"summary_large_image\" \/>\n<meta name=\"twitter:label1\" content=\"\u00c9crit par\" \/>\n\t<meta name=\"twitter:data1\" content=\"admin\" \/>\n\t<meta name=\"twitter:label2\" content=\"Dur\u00e9e de lecture estim\u00e9e\" \/>\n\t<meta name=\"twitter:data2\" content=\"1 minute\" \/>\n<script type=\"application\/ld+json\" class=\"yoast-schema-graph\">{\"@context\":\"https:\/\/schema.org\",\"@graph\":[{\"@type\":\"WebPage\",\"@id\":\"https:\/\/www.ladiagonale.net\/index.php\/2022\/08\/17\/fofana-prend-plus-quun-match-ferme\/\",\"url\":\"https:\/\/www.ladiagonale.net\/index.php\/2022\/08\/17\/fofana-prend-plus-quun-match-ferme\/\",\"name\":\"Fofana prend plus qu'un match ferme - La Diagonale\",\"isPartOf\":{\"@id\":\"https:\/\/www.ladiagonale.net\/#website\"},\"datePublished\":\"2022-08-16T22:00:00+00:00\",\"dateModified\":\"2022-08-16T22:00:00+00:00\",\"author\":{\"@id\":\"https:\/\/www.ladiagonale.net\/#\/schema\/person\/03fa041acd51875ece8bf97a37252a4d\"},\"breadcrumb\":{\"@id\":\"https:\/\/www.ladiagonale.net\/index.php\/2022\/08\/17\/fofana-prend-plus-quun-match-ferme\/#breadcrumb\"},\"inLanguage\":\"fr-FR\",\"potentialAction\":[{\"@type\":\"ReadAction\",\"target\":[\"https:\/\/www.ladiagonale.net\/index.php\/2022\/08\/17\/fofana-prend-plus-quun-match-ferme\/\"]}]},{\"@type\":\"BreadcrumbList\",\"@id\":\"https:\/\/www.ladiagonale.net\/index.php\/2022\/08\/17\/fofana-prend-plus-quun-match-ferme\/#breadcrumb\",\"itemListElement\":[{\"@type\":\"ListItem\",\"position\":1,\"name\":\"Accueil\",\"item\":\"https:\/\/www.ladiagonale.net\/\"},{\"@type\":\"ListItem\",\"position\":2,\"name\":\"Fofana prend plus qu&rsquo;un match ferme\"}]},{\"@type\":\"WebSite\",\"@id\":\"https:\/\/www.ladiagonale.net\/#website\",\"url\":\"https:\/\/www.ladiagonale.net\/\",\"name\":\"La Diagonale\",\"description\":\"Le site des supporters de l&#039;AS Monaco FC\",\"potentialAction\":[{\"@type\":\"SearchAction\",\"target\":{\"@type\":\"EntryPoint\",\"urlTemplate\":\"https:\/\/www.ladiagonale.net\/?s={search_term_string}\"},\"query-input\":\"required name=search_term_string\"}],\"inLanguage\":\"fr-FR\"},{\"@type\":\"Person\",\"@id\":\"https:\/\/www.ladiagonale.net\/#\/schema\/person\/03fa041acd51875ece8bf97a37252a4d\",\"name\":\"admin\",\"image\":{\"@type\":\"ImageObject\",\"inLanguage\":\"fr-FR\",\"@id\":\"https:\/\/www.ladiagonale.net\/#\/schema\/person\/image\/\",\"url\":\"https:\/\/secure.gravatar.com\/avatar\/894b9daaf19cc759b072b6bb09cac5f2?s=96&d=mm&r=g\",\"contentUrl\":\"https:\/\/secure.gravatar.com\/avatar\/894b9daaf19cc759b072b6bb09cac5f2?s=96&d=mm&r=g\",\"caption\":\"admin\"},\"sameAs\":[\"https:\/\/v2.ladiagonale.net\"],\"url\":\"https:\/\/www.ladiagonale.net\/index.php\/author\/admin\/\"}]}<\/script>\n<!-- \/ Yoast SEO plugin. -->","yoast_head_json":{"title":"Fofana prend plus qu'un match ferme - La Diagonale","robots":{"index":"index","follow":"follow","max-snippet":"max-snippet:-1","max-image-preview":"max-image-preview:large","max-video-preview":"max-video-preview:-1"},"canonical":"https:\/\/www.ladiagonale.net\/index.php\/2022\/08\/17\/fofana-prend-plus-quun-match-ferme\/","og_locale":"fr_FR","og_type":"article","og_title":"Fofana prend plus qu'un match ferme - La Diagonale","og_description":"La commission de discipline de la LFP a examin\u00e9, entre autres, le cas de Youssouf Fofana ce mercredi et le verdict est tomb\u00e9. Le milieu de terrain de l&rsquo;AS Monaco a re\u00e7u une suspension de deux matchs, dont un avec sursis. Automatiquement suspendu pour la rencontre face \u00e0 Lens ce samedi, Fofana verra sa peine [...]","og_url":"https:\/\/www.ladiagonale.net\/index.php\/2022\/08\/17\/fofana-prend-plus-quun-match-ferme\/","og_site_name":"La Diagonale","article_published_time":"2022-08-16T22:00:00+00:00","author":"admin","twitter_card":"summary_large_image","twitter_misc":{"\u00c9crit par":"admin","Dur\u00e9e de lecture estim\u00e9e":"1 minute"},"schema":{"@context":"https:\/\/schema.org","@graph":[{"@type":"WebPage","@id":"https:\/\/www.ladiagonale.net\/index.php\/2022\/08\/17\/fofana-prend-plus-quun-match-ferme\/","url":"https:\/\/www.ladiagonale.net\/index.php\/2022\/08\/17\/fofana-prend-plus-quun-match-ferme\/","name":"Fofana prend plus qu'un match ferme - La Diagonale","isPartOf":{"@id":"https:\/\/www.ladiagonale.net\/#website"},"datePublished":"2022-08-16T22:00:00+00:00","dateModified":"2022-08-16T22:00:00+00:00","author":{"@id":"https:\/\/www.ladiagonale.net\/#\/schema\/person\/03fa041acd51875ece8bf97a37252a4d"},"breadcrumb":{"@id":"https:\/\/www.ladiagonale.net\/index.php\/2022\/08\/17\/fofana-prend-plus-quun-match-ferme\/#breadcrumb"},"inLanguage":"fr-FR","potentialAction":[{"@type":"ReadAction","target":["https:\/\/www.ladiagonale.net\/index.php\/2022\/08\/17\/fofana-prend-plus-quun-match-ferme\/"]}]},{"@type":"BreadcrumbList","@id":"https:\/\/www.ladiagonale.net\/index.php\/2022\/08\/17\/fofana-prend-plus-quun-match-ferme\/#breadcrumb","itemListElement":[{"@type":"ListItem","position":1,"name":"Accueil","item":"https:\/\/www.ladiagonale.net\/"},{"@type":"ListItem","position":2,"name":"Fofana prend plus qu&rsquo;un match ferme"}]},{"@type":"WebSite","@id":"https:\/\/www.ladiagonale.net\/#website","url":"https:\/\/www.ladiagonale.net\/","name":"La Diagonale","description":"Le site des supporters de l&#039;AS Monaco FC","potentialAction":[{"@type":"SearchAction","target":{"@type":"EntryPoint","urlTemplate":"https:\/\/www.ladiagonale.net\/?s={search_term_string}"},"query-input":"required name=search_term_string"}],"inLanguage":"fr-FR"},{"@type":"Person","@id":"https:\/\/www.ladiagonale.net\/#\/schema\/person\/03fa041acd51875ece8bf97a37252a4d","name":"admin","image":{"@type":"ImageObject","inLanguage":"fr-FR","@id":"https:\/\/www.ladiagonale.net\/#\/schema\/person\/image\/","url":"https:\/\/secure.gravatar.com\/avatar\/894b9daaf19cc759b072b6bb09cac5f2?s=96&d=mm&r=g","contentUrl":"https:\/\/secure.gravatar.com\/avatar\/894b9daaf19cc759b072b6bb09cac5f2?s=96&d=mm&r=g","caption":"admin"},"sameAs":["https:\/\/v2.ladiagonale.net"],"url":"https:\/\/www.ladiagonale.net\/index.php\/author\/admin\/"}]}},"_links":{"self":[{"href":"https:\/\/www.ladiagonale.net\/index.php\/wp-json\/wp\/v2\/posts\/4136"}],"collection":[{"href":"https:\/\/www.ladiagonale.net\/index.php\/wp-json\/wp\/v2\/posts"}],"about":[{"href":"https:\/\/www.ladiagonale.net\/index.php\/wp-json\/wp\/v2\/types\/post"}],"author":[{"embeddable":true,"href":"https:\/\/www.ladiagonale.net\/index.php\/wp-json\/wp\/v2\/users\/1"}],"replies":[{"embeddable":true,"href":"https:\/\/www.ladiagonale.net\/index.php\/wp-json\/wp\/v2\/comments?post=4136"}],"version-history":[{"count":0,"href":"https:\/\/www.ladiagonale.net\/index.php\/wp-json\/wp\/v2\/posts\/4136\/revisions"}],"wp:attachment":[{"href":"https:\/\/www.ladiagonale.net\/index.php\/wp-json\/wp\/v2\/media?parent=4136"}],"wp:term":[{"taxonomy":"category","embeddable":true,"href":"https:\/\/www.ladiagonale.net\/index.php\/wp-json\/wp\/v2\/categories?post=4136"},{"taxonomy":"post_tag","embeddable":true,"href":"https:\/\/www.ladiagonale.net\/index.php\/wp-json\/wp\/v2\/tags?post=4136"}],"curies":[{"name":"wp","href":"https:\/\/api.w.org\/{rel}","templated":true}]}}