{"id":414,"date":"2021-12-29T08:25:00","date_gmt":"2021-12-29T07:25:00","guid":{"rendered":"https:\/\/www.ladiagonale.net\/index.php\/2021\/12\/29\/qrm-asm-antony-gautier-au-sifflet\/"},"modified":"2022-07-26T14:31:45","modified_gmt":"2022-07-26T12:31:45","slug":"qrm-asm-antony-gautier-au-sifflet","status":"publish","type":"post","link":"https:\/\/www.ladiagonale.net\/index.php\/2021\/12\/29\/qrm-asm-antony-gautier-au-sifflet\/","title":{"rendered":"QRM\/ASM : Antony Gautier au sifflet"},"content":{"rendered":"<p>Pour son 1\/16e de finale de Coupe de France face \u00e0 Quevilly-Rouen-M\u00e9tropole, l&rsquo;AS Monaco retrouvera Antony Gautier en tant qu&rsquo;arbitre. Il sera assist\u00e9 par Mikael Berchebru et Valentin Evrard.<\/p>\n<p>Les As\u00e9mistes ont d\u00e9j\u00e0 \u00e9t\u00e9 arbitr\u00e9s par Antony Gautier une fois cette saison, lors de la toute premi\u00e8re journ\u00e9e de Ligue 1 face au FC Nantes \u00e0 domicile (1-1). Une rencontre au cours de laquelle l&rsquo;homme en noir n&rsquo;avait pas sorti le moindre carton.<\/p>\n","protected":false},"excerpt":{"rendered":"<p>Pour son 1\/16e de finale de Coupe de France face \u00e0 Quevilly-Rouen-M\u00e9tropole, l&rsquo;AS Monaco retrouvera Antony Gautier en tant qu&rsquo;arbitre. Il sera assist\u00e9 par Mikael Berchebru et Valentin Evrard. Les As\u00e9mistes ont d\u00e9j\u00e0 \u00e9t\u00e9 arbitr\u00e9s par Antony Gautier une fois cette saison, lors de la toute premi\u00e8re journ\u00e9e de Ligue 1 face au FC Nantes [&#8230;]\n","protected":false},"author":2,"featured_media":0,"comment_status":"open","ping_status":"open","sticky":false,"template":"","format":"standard","meta":[],"categories":[6],"tags":[],"yoast_head":"<!-- This site is optimized with the Yoast SEO plugin v19.8 - https:\/\/yoast.com\/wordpress\/plugins\/seo\/ -->\n<title>QRM\/ASM : Antony Gautier au sifflet - La Diagonale<\/title>\n<meta name=\"robots\" content=\"index, follow, max-snippet:-1, max-image-preview:large, max-video-preview:-1\" \/>\n<link rel=\"canonical\" href=\"https:\/\/www.ladiagonale.net\/index.php\/2021\/12\/29\/qrm-asm-antony-gautier-au-sifflet\/\" \/>\n<meta property=\"og:locale\" content=\"fr_FR\" \/>\n<meta property=\"og:type\" content=\"article\" \/>\n<meta property=\"og:title\" content=\"QRM\/ASM : Antony Gautier au sifflet - La Diagonale\" \/>\n<meta property=\"og:description\" content=\"Pour son 1\/16e de finale de Coupe de France face \u00e0 Quevilly-Rouen-M\u00e9tropole, l&rsquo;AS Monaco retrouvera Antony Gautier en tant qu&rsquo;arbitre. Il sera assist\u00e9 par Mikael Berchebru et Valentin Evrard. Les As\u00e9mistes ont d\u00e9j\u00e0 \u00e9t\u00e9 arbitr\u00e9s par Antony Gautier une fois cette saison, lors de la toute premi\u00e8re journ\u00e9e de Ligue 1 face au FC Nantes [...]\" \/>\n<meta property=\"og:url\" content=\"https:\/\/www.ladiagonale.net\/index.php\/2021\/12\/29\/qrm-asm-antony-gautier-au-sifflet\/\" \/>\n<meta property=\"og:site_name\" content=\"La Diagonale\" \/>\n<meta property=\"article:published_time\" content=\"2021-12-29T07:25:00+00:00\" \/>\n<meta property=\"article:modified_time\" content=\"2022-07-26T12:31:45+00:00\" \/>\n<meta name=\"author\" content=\"Damien Dellerba\" \/>\n<meta name=\"twitter:card\" content=\"summary_large_image\" \/>\n<meta name=\"twitter:label1\" content=\"\u00c9crit par\" \/>\n\t<meta name=\"twitter:data1\" content=\"Damien Dellerba\" \/>\n<script type=\"application\/ld+json\" class=\"yoast-schema-graph\">{\"@context\":\"https:\/\/schema.org\",\"@graph\":[{\"@type\":\"WebPage\",\"@id\":\"https:\/\/www.ladiagonale.net\/index.php\/2021\/12\/29\/qrm-asm-antony-gautier-au-sifflet\/\",\"url\":\"https:\/\/www.ladiagonale.net\/index.php\/2021\/12\/29\/qrm-asm-antony-gautier-au-sifflet\/\",\"name\":\"QRM\/ASM : Antony Gautier au sifflet - La Diagonale\",\"isPartOf\":{\"@id\":\"https:\/\/www.ladiagonale.net\/#website\"},\"datePublished\":\"2021-12-29T07:25:00+00:00\",\"dateModified\":\"2022-07-26T12:31:45+00:00\",\"author\":{\"@id\":\"https:\/\/www.ladiagonale.net\/#\/schema\/person\/79ff1e7b0853ed01b2aa26e64ad300bf\"},\"breadcrumb\":{\"@id\":\"https:\/\/www.ladiagonale.net\/index.php\/2021\/12\/29\/qrm-asm-antony-gautier-au-sifflet\/#breadcrumb\"},\"inLanguage\":\"fr-FR\",\"potentialAction\":[{\"@type\":\"ReadAction\",\"target\":[\"https:\/\/www.ladiagonale.net\/index.php\/2021\/12\/29\/qrm-asm-antony-gautier-au-sifflet\/\"]}]},{\"@type\":\"BreadcrumbList\",\"@id\":\"https:\/\/www.ladiagonale.net\/index.php\/2021\/12\/29\/qrm-asm-antony-gautier-au-sifflet\/#breadcrumb\",\"itemListElement\":[{\"@type\":\"ListItem\",\"position\":1,\"name\":\"Accueil\",\"item\":\"https:\/\/www.ladiagonale.net\/\"},{\"@type\":\"ListItem\",\"position\":2,\"name\":\"QRM\/ASM : Antony Gautier au sifflet\"}]},{\"@type\":\"WebSite\",\"@id\":\"https:\/\/www.ladiagonale.net\/#website\",\"url\":\"https:\/\/www.ladiagonale.net\/\",\"name\":\"La Diagonale\",\"description\":\"Le site des supporters de l&#039;AS Monaco FC\",\"potentialAction\":[{\"@type\":\"SearchAction\",\"target\":{\"@type\":\"EntryPoint\",\"urlTemplate\":\"https:\/\/www.ladiagonale.net\/?s={search_term_string}\"},\"query-input\":\"required name=search_term_string\"}],\"inLanguage\":\"fr-FR\"},{\"@type\":\"Person\",\"@id\":\"https:\/\/www.ladiagonale.net\/#\/schema\/person\/79ff1e7b0853ed01b2aa26e64ad300bf\",\"name\":\"Damien Dellerba\",\"image\":{\"@type\":\"ImageObject\",\"inLanguage\":\"fr-FR\",\"@id\":\"https:\/\/www.ladiagonale.net\/#\/schema\/person\/image\/\",\"url\":\"https:\/\/secure.gravatar.com\/avatar\/c7850e06d3ff63cdbaee88b7fc16e2f0?s=96&d=mm&r=g\",\"contentUrl\":\"https:\/\/secure.gravatar.com\/avatar\/c7850e06d3ff63cdbaee88b7fc16e2f0?s=96&d=mm&r=g\",\"caption\":\"Damien Dellerba\"},\"url\":\"https:\/\/www.ladiagonale.net\/index.php\/author\/damien\/\"}]}<\/script>\n<!-- \/ Yoast SEO plugin. -->","yoast_head_json":{"title":"QRM\/ASM : Antony Gautier au sifflet - La Diagonale","robots":{"index":"index","follow":"follow","max-snippet":"max-snippet:-1","max-image-preview":"max-image-preview:large","max-video-preview":"max-video-preview:-1"},"canonical":"https:\/\/www.ladiagonale.net\/index.php\/2021\/12\/29\/qrm-asm-antony-gautier-au-sifflet\/","og_locale":"fr_FR","og_type":"article","og_title":"QRM\/ASM : Antony Gautier au sifflet - La Diagonale","og_description":"Pour son 1\/16e de finale de Coupe de France face \u00e0 Quevilly-Rouen-M\u00e9tropole, l&rsquo;AS Monaco retrouvera Antony Gautier en tant qu&rsquo;arbitre. Il sera assist\u00e9 par Mikael Berchebru et Valentin Evrard. Les As\u00e9mistes ont d\u00e9j\u00e0 \u00e9t\u00e9 arbitr\u00e9s par Antony Gautier une fois cette saison, lors de la toute premi\u00e8re journ\u00e9e de Ligue 1 face au FC Nantes [...]","og_url":"https:\/\/www.ladiagonale.net\/index.php\/2021\/12\/29\/qrm-asm-antony-gautier-au-sifflet\/","og_site_name":"La Diagonale","article_published_time":"2021-12-29T07:25:00+00:00","article_modified_time":"2022-07-26T12:31:45+00:00","author":"Damien Dellerba","twitter_card":"summary_large_image","twitter_misc":{"\u00c9crit par":"Damien Dellerba"},"schema":{"@context":"https:\/\/schema.org","@graph":[{"@type":"WebPage","@id":"https:\/\/www.ladiagonale.net\/index.php\/2021\/12\/29\/qrm-asm-antony-gautier-au-sifflet\/","url":"https:\/\/www.ladiagonale.net\/index.php\/2021\/12\/29\/qrm-asm-antony-gautier-au-sifflet\/","name":"QRM\/ASM : Antony Gautier au sifflet - La Diagonale","isPartOf":{"@id":"https:\/\/www.ladiagonale.net\/#website"},"datePublished":"2021-12-29T07:25:00+00:00","dateModified":"2022-07-26T12:31:45+00:00","author":{"@id":"https:\/\/www.ladiagonale.net\/#\/schema\/person\/79ff1e7b0853ed01b2aa26e64ad300bf"},"breadcrumb":{"@id":"https:\/\/www.ladiagonale.net\/index.php\/2021\/12\/29\/qrm-asm-antony-gautier-au-sifflet\/#breadcrumb"},"inLanguage":"fr-FR","potentialAction":[{"@type":"ReadAction","target":["https:\/\/www.ladiagonale.net\/index.php\/2021\/12\/29\/qrm-asm-antony-gautier-au-sifflet\/"]}]},{"@type":"BreadcrumbList","@id":"https:\/\/www.ladiagonale.net\/index.php\/2021\/12\/29\/qrm-asm-antony-gautier-au-sifflet\/#breadcrumb","itemListElement":[{"@type":"ListItem","position":1,"name":"Accueil","item":"https:\/\/www.ladiagonale.net\/"},{"@type":"ListItem","position":2,"name":"QRM\/ASM : Antony Gautier au sifflet"}]},{"@type":"WebSite","@id":"https:\/\/www.ladiagonale.net\/#website","url":"https:\/\/www.ladiagonale.net\/","name":"La Diagonale","description":"Le site des supporters de l&#039;AS Monaco FC","potentialAction":[{"@type":"SearchAction","target":{"@type":"EntryPoint","urlTemplate":"https:\/\/www.ladiagonale.net\/?s={search_term_string}"},"query-input":"required name=search_term_string"}],"inLanguage":"fr-FR"},{"@type":"Person","@id":"https:\/\/www.ladiagonale.net\/#\/schema\/person\/79ff1e7b0853ed01b2aa26e64ad300bf","name":"Damien Dellerba","image":{"@type":"ImageObject","inLanguage":"fr-FR","@id":"https:\/\/www.ladiagonale.net\/#\/schema\/person\/image\/","url":"https:\/\/secure.gravatar.com\/avatar\/c7850e06d3ff63cdbaee88b7fc16e2f0?s=96&d=mm&r=g","contentUrl":"https:\/\/secure.gravatar.com\/avatar\/c7850e06d3ff63cdbaee88b7fc16e2f0?s=96&d=mm&r=g","caption":"Damien Dellerba"},"url":"https:\/\/www.ladiagonale.net\/index.php\/author\/damien\/"}]}},"_links":{"self":[{"href":"https:\/\/www.ladiagonale.net\/index.php\/wp-json\/wp\/v2\/posts\/414"}],"collection":[{"href":"https:\/\/www.ladiagonale.net\/index.php\/wp-json\/wp\/v2\/posts"}],"about":[{"href":"https:\/\/www.ladiagonale.net\/index.php\/wp-json\/wp\/v2\/types\/post"}],"author":[{"embeddable":true,"href":"https:\/\/www.ladiagonale.net\/index.php\/wp-json\/wp\/v2\/users\/2"}],"replies":[{"embeddable":true,"href":"https:\/\/www.ladiagonale.net\/index.php\/wp-json\/wp\/v2\/comments?post=414"}],"version-history":[{"count":1,"href":"https:\/\/www.ladiagonale.net\/index.php\/wp-json\/wp\/v2\/posts\/414\/revisions"}],"predecessor-version":[{"id":2401,"href":"https:\/\/www.ladiagonale.net\/index.php\/wp-json\/wp\/v2\/posts\/414\/revisions\/2401"}],"wp:attachment":[{"href":"https:\/\/www.ladiagonale.net\/index.php\/wp-json\/wp\/v2\/media?parent=414"}],"wp:term":[{"taxonomy":"category","embeddable":true,"href":"https:\/\/www.ladiagonale.net\/index.php\/wp-json\/wp\/v2\/categories?post=414"},{"taxonomy":"post_tag","embeddable":true,"href":"https:\/\/www.ladiagonale.net\/index.php\/wp-json\/wp\/v2\/tags?post=414"}],"curies":[{"name":"wp","href":"https:\/\/api.w.org\/{rel}","templated":true}]}}