{"id":4148,"date":"2022-08-18T00:00:00","date_gmt":"2022-08-17T22:00:00","guid":{"rendered":"https:\/\/www.ladiagonale.net\/index.php\/2022\/08\/18\/le-nutritionniste-de-lasm-part-au-psg\/"},"modified":"2023-04-13T13:57:40","modified_gmt":"2023-04-13T11:57:40","slug":"le-nutritionniste-de-lasm-part-au-psg","status":"publish","type":"post","link":"https:\/\/www.ladiagonale.net\/index.php\/2022\/08\/18\/le-nutritionniste-de-lasm-part-au-psg\/","title":{"rendered":"Le nutritionniste de l&rsquo;ASM part au PSG"},"content":{"rendered":"\n\n\n<p>Juan Jos\u00e9 Morillas va quitter l&rsquo;AS Monaco apr\u00e8s six ann\u00e9es de bons et loyaux services. Arriv\u00e9 en 2016, \u00e0 l&rsquo;initiative d&rsquo;Antonio Cordon, il avait \u00e9t\u00e9 reconnu comme l&rsquo;un des premiers nutritionnistes de Ligue 1 \u00e0 temps plein, alors que l&rsquo;ASM commen\u00e7ait \u00e0 se structurer dans ce domaine. Sur son <a href=\"https:\/\/twitter.com\/juanjmorillas\/status\/1560244058395758592?s=20&amp;t=_Zbdr_JMAhTsDKt62CxJrg\">compte twitter personnel<\/a>, il a d\u00e9clar\u00e9 \u00ab\u00a0<em>quitter sa maison<\/em>\u00a0\u00bb en partant de Monaco. Morillas va rejoindre le Paris Saint-Germain.<\/p>\n\n\n\n<p>Dans un long entretien donn\u00e9 au site de la Ligue 1 (<a href=\"https:\/\/www.ladiagonale.net\/index.php\/2022\/06\/06\/la-nutrition-a-las-monaco-mode-demploi\/\">\u00e0 relire ici<\/a>), Morillas avait expliqu\u00e9 son mode de fonctionnement et ses m\u00e9thodes de travail. D&rsquo;apr\u00e8sLe Parisien*, il semblerait que les joueurs du PSG en ont eu un premier aper\u00e7u\u2026 apr\u00e8s leur avoir supprim\u00e9 leCoca-Colapendant les repas.<\/p>\n","protected":false},"excerpt":{"rendered":"<p>Juan Jos\u00e9 Morillas va quitter l&rsquo;AS Monaco apr\u00e8s six ann\u00e9es de bons et loyaux services. Arriv\u00e9 en 2016, \u00e0 l&rsquo;initiative d&rsquo;Antonio Cordon, il avait \u00e9t\u00e9 reconnu comme l&rsquo;un des premiers nutritionnistes de Ligue 1 \u00e0 temps plein, alors que l&rsquo;ASM commen\u00e7ait \u00e0 se structurer dans ce domaine. Sur son compte twitter personnel, il a d\u00e9clar\u00e9 [&#8230;]\n","protected":false},"author":1,"featured_media":0,"comment_status":"open","ping_status":"open","sticky":false,"template":"","format":"standard","meta":[],"categories":[6],"tags":[],"yoast_head":"<!-- This site is optimized with the Yoast SEO plugin v19.8 - https:\/\/yoast.com\/wordpress\/plugins\/seo\/ -->\n<title>Le nutritionniste de l&#039;ASM part au PSG - La Diagonale<\/title>\n<meta name=\"robots\" content=\"index, follow, max-snippet:-1, max-image-preview:large, max-video-preview:-1\" \/>\n<link rel=\"canonical\" href=\"https:\/\/www.ladiagonale.net\/index.php\/2022\/08\/18\/le-nutritionniste-de-lasm-part-au-psg\/\" \/>\n<meta property=\"og:locale\" content=\"fr_FR\" \/>\n<meta property=\"og:type\" content=\"article\" \/>\n<meta property=\"og:title\" content=\"Le nutritionniste de l&#039;ASM part au PSG - La Diagonale\" \/>\n<meta property=\"og:description\" content=\"Juan Jos\u00e9 Morillas va quitter l&rsquo;AS Monaco apr\u00e8s six ann\u00e9es de bons et loyaux services. Arriv\u00e9 en 2016, \u00e0 l&rsquo;initiative d&rsquo;Antonio Cordon, il avait \u00e9t\u00e9 reconnu comme l&rsquo;un des premiers nutritionnistes de Ligue 1 \u00e0 temps plein, alors que l&rsquo;ASM commen\u00e7ait \u00e0 se structurer dans ce domaine. Sur son compte twitter personnel, il a d\u00e9clar\u00e9 [...]\" \/>\n<meta property=\"og:url\" content=\"https:\/\/www.ladiagonale.net\/index.php\/2022\/08\/18\/le-nutritionniste-de-lasm-part-au-psg\/\" \/>\n<meta property=\"og:site_name\" content=\"La Diagonale\" \/>\n<meta property=\"article:published_time\" content=\"2022-08-17T22:00:00+00:00\" \/>\n<meta property=\"article:modified_time\" content=\"2023-04-13T11:57:40+00:00\" \/>\n<meta name=\"author\" content=\"admin\" \/>\n<meta name=\"twitter:card\" content=\"summary_large_image\" \/>\n<meta name=\"twitter:label1\" content=\"\u00c9crit par\" \/>\n\t<meta name=\"twitter:data1\" content=\"admin\" \/>\n\t<meta name=\"twitter:label2\" content=\"Dur\u00e9e de lecture estim\u00e9e\" \/>\n\t<meta name=\"twitter:data2\" content=\"1 minute\" \/>\n<script type=\"application\/ld+json\" class=\"yoast-schema-graph\">{\"@context\":\"https:\/\/schema.org\",\"@graph\":[{\"@type\":\"WebPage\",\"@id\":\"https:\/\/www.ladiagonale.net\/index.php\/2022\/08\/18\/le-nutritionniste-de-lasm-part-au-psg\/\",\"url\":\"https:\/\/www.ladiagonale.net\/index.php\/2022\/08\/18\/le-nutritionniste-de-lasm-part-au-psg\/\",\"name\":\"Le nutritionniste de l'ASM part au PSG - La Diagonale\",\"isPartOf\":{\"@id\":\"https:\/\/www.ladiagonale.net\/#website\"},\"datePublished\":\"2022-08-17T22:00:00+00:00\",\"dateModified\":\"2023-04-13T11:57:40+00:00\",\"author\":{\"@id\":\"https:\/\/www.ladiagonale.net\/#\/schema\/person\/03fa041acd51875ece8bf97a37252a4d\"},\"breadcrumb\":{\"@id\":\"https:\/\/www.ladiagonale.net\/index.php\/2022\/08\/18\/le-nutritionniste-de-lasm-part-au-psg\/#breadcrumb\"},\"inLanguage\":\"fr-FR\",\"potentialAction\":[{\"@type\":\"ReadAction\",\"target\":[\"https:\/\/www.ladiagonale.net\/index.php\/2022\/08\/18\/le-nutritionniste-de-lasm-part-au-psg\/\"]}]},{\"@type\":\"BreadcrumbList\",\"@id\":\"https:\/\/www.ladiagonale.net\/index.php\/2022\/08\/18\/le-nutritionniste-de-lasm-part-au-psg\/#breadcrumb\",\"itemListElement\":[{\"@type\":\"ListItem\",\"position\":1,\"name\":\"Accueil\",\"item\":\"https:\/\/www.ladiagonale.net\/\"},{\"@type\":\"ListItem\",\"position\":2,\"name\":\"Le nutritionniste de l&rsquo;ASM part au PSG\"}]},{\"@type\":\"WebSite\",\"@id\":\"https:\/\/www.ladiagonale.net\/#website\",\"url\":\"https:\/\/www.ladiagonale.net\/\",\"name\":\"La Diagonale\",\"description\":\"Le site des supporters de l&#039;AS Monaco FC\",\"potentialAction\":[{\"@type\":\"SearchAction\",\"target\":{\"@type\":\"EntryPoint\",\"urlTemplate\":\"https:\/\/www.ladiagonale.net\/?s={search_term_string}\"},\"query-input\":\"required name=search_term_string\"}],\"inLanguage\":\"fr-FR\"},{\"@type\":\"Person\",\"@id\":\"https:\/\/www.ladiagonale.net\/#\/schema\/person\/03fa041acd51875ece8bf97a37252a4d\",\"name\":\"admin\",\"image\":{\"@type\":\"ImageObject\",\"inLanguage\":\"fr-FR\",\"@id\":\"https:\/\/www.ladiagonale.net\/#\/schema\/person\/image\/\",\"url\":\"https:\/\/secure.gravatar.com\/avatar\/894b9daaf19cc759b072b6bb09cac5f2?s=96&d=mm&r=g\",\"contentUrl\":\"https:\/\/secure.gravatar.com\/avatar\/894b9daaf19cc759b072b6bb09cac5f2?s=96&d=mm&r=g\",\"caption\":\"admin\"},\"sameAs\":[\"https:\/\/v2.ladiagonale.net\"],\"url\":\"https:\/\/www.ladiagonale.net\/index.php\/author\/admin\/\"}]}<\/script>\n<!-- \/ Yoast SEO plugin. -->","yoast_head_json":{"title":"Le nutritionniste de l'ASM part au PSG - La Diagonale","robots":{"index":"index","follow":"follow","max-snippet":"max-snippet:-1","max-image-preview":"max-image-preview:large","max-video-preview":"max-video-preview:-1"},"canonical":"https:\/\/www.ladiagonale.net\/index.php\/2022\/08\/18\/le-nutritionniste-de-lasm-part-au-psg\/","og_locale":"fr_FR","og_type":"article","og_title":"Le nutritionniste de l'ASM part au PSG - La Diagonale","og_description":"Juan Jos\u00e9 Morillas va quitter l&rsquo;AS Monaco apr\u00e8s six ann\u00e9es de bons et loyaux services. Arriv\u00e9 en 2016, \u00e0 l&rsquo;initiative d&rsquo;Antonio Cordon, il avait \u00e9t\u00e9 reconnu comme l&rsquo;un des premiers nutritionnistes de Ligue 1 \u00e0 temps plein, alors que l&rsquo;ASM commen\u00e7ait \u00e0 se structurer dans ce domaine. Sur son compte twitter personnel, il a d\u00e9clar\u00e9 [...]","og_url":"https:\/\/www.ladiagonale.net\/index.php\/2022\/08\/18\/le-nutritionniste-de-lasm-part-au-psg\/","og_site_name":"La Diagonale","article_published_time":"2022-08-17T22:00:00+00:00","article_modified_time":"2023-04-13T11:57:40+00:00","author":"admin","twitter_card":"summary_large_image","twitter_misc":{"\u00c9crit par":"admin","Dur\u00e9e de lecture estim\u00e9e":"1 minute"},"schema":{"@context":"https:\/\/schema.org","@graph":[{"@type":"WebPage","@id":"https:\/\/www.ladiagonale.net\/index.php\/2022\/08\/18\/le-nutritionniste-de-lasm-part-au-psg\/","url":"https:\/\/www.ladiagonale.net\/index.php\/2022\/08\/18\/le-nutritionniste-de-lasm-part-au-psg\/","name":"Le nutritionniste de l'ASM part au PSG - La Diagonale","isPartOf":{"@id":"https:\/\/www.ladiagonale.net\/#website"},"datePublished":"2022-08-17T22:00:00+00:00","dateModified":"2023-04-13T11:57:40+00:00","author":{"@id":"https:\/\/www.ladiagonale.net\/#\/schema\/person\/03fa041acd51875ece8bf97a37252a4d"},"breadcrumb":{"@id":"https:\/\/www.ladiagonale.net\/index.php\/2022\/08\/18\/le-nutritionniste-de-lasm-part-au-psg\/#breadcrumb"},"inLanguage":"fr-FR","potentialAction":[{"@type":"ReadAction","target":["https:\/\/www.ladiagonale.net\/index.php\/2022\/08\/18\/le-nutritionniste-de-lasm-part-au-psg\/"]}]},{"@type":"BreadcrumbList","@id":"https:\/\/www.ladiagonale.net\/index.php\/2022\/08\/18\/le-nutritionniste-de-lasm-part-au-psg\/#breadcrumb","itemListElement":[{"@type":"ListItem","position":1,"name":"Accueil","item":"https:\/\/www.ladiagonale.net\/"},{"@type":"ListItem","position":2,"name":"Le nutritionniste de l&rsquo;ASM part au PSG"}]},{"@type":"WebSite","@id":"https:\/\/www.ladiagonale.net\/#website","url":"https:\/\/www.ladiagonale.net\/","name":"La Diagonale","description":"Le site des supporters de l&#039;AS Monaco FC","potentialAction":[{"@type":"SearchAction","target":{"@type":"EntryPoint","urlTemplate":"https:\/\/www.ladiagonale.net\/?s={search_term_string}"},"query-input":"required name=search_term_string"}],"inLanguage":"fr-FR"},{"@type":"Person","@id":"https:\/\/www.ladiagonale.net\/#\/schema\/person\/03fa041acd51875ece8bf97a37252a4d","name":"admin","image":{"@type":"ImageObject","inLanguage":"fr-FR","@id":"https:\/\/www.ladiagonale.net\/#\/schema\/person\/image\/","url":"https:\/\/secure.gravatar.com\/avatar\/894b9daaf19cc759b072b6bb09cac5f2?s=96&d=mm&r=g","contentUrl":"https:\/\/secure.gravatar.com\/avatar\/894b9daaf19cc759b072b6bb09cac5f2?s=96&d=mm&r=g","caption":"admin"},"sameAs":["https:\/\/v2.ladiagonale.net"],"url":"https:\/\/www.ladiagonale.net\/index.php\/author\/admin\/"}]}},"_links":{"self":[{"href":"https:\/\/www.ladiagonale.net\/index.php\/wp-json\/wp\/v2\/posts\/4148"}],"collection":[{"href":"https:\/\/www.ladiagonale.net\/index.php\/wp-json\/wp\/v2\/posts"}],"about":[{"href":"https:\/\/www.ladiagonale.net\/index.php\/wp-json\/wp\/v2\/types\/post"}],"author":[{"embeddable":true,"href":"https:\/\/www.ladiagonale.net\/index.php\/wp-json\/wp\/v2\/users\/1"}],"replies":[{"embeddable":true,"href":"https:\/\/www.ladiagonale.net\/index.php\/wp-json\/wp\/v2\/comments?post=4148"}],"version-history":[{"count":2,"href":"https:\/\/www.ladiagonale.net\/index.php\/wp-json\/wp\/v2\/posts\/4148\/revisions"}],"predecessor-version":[{"id":11537,"href":"https:\/\/www.ladiagonale.net\/index.php\/wp-json\/wp\/v2\/posts\/4148\/revisions\/11537"}],"wp:attachment":[{"href":"https:\/\/www.ladiagonale.net\/index.php\/wp-json\/wp\/v2\/media?parent=4148"}],"wp:term":[{"taxonomy":"category","embeddable":true,"href":"https:\/\/www.ladiagonale.net\/index.php\/wp-json\/wp\/v2\/categories?post=4148"},{"taxonomy":"post_tag","embeddable":true,"href":"https:\/\/www.ladiagonale.net\/index.php\/wp-json\/wp\/v2\/tags?post=4148"}],"curies":[{"name":"wp","href":"https:\/\/api.w.org\/{rel}","templated":true}]}}