{"id":4149,"date":"2022-08-19T00:00:00","date_gmt":"2022-08-18T22:00:00","guid":{"rendered":"https:\/\/www.ladiagonale.net\/index.php\/2022\/08\/19\/lavenir-de-barreca-et-marcelin-evoque-par-paul-mitchell\/"},"modified":"2022-08-19T00:00:00","modified_gmt":"2022-08-18T22:00:00","slug":"lavenir-de-barreca-et-marcelin-evoque-par-paul-mitchell","status":"publish","type":"post","link":"https:\/\/www.ladiagonale.net\/index.php\/2022\/08\/19\/lavenir-de-barreca-et-marcelin-evoque-par-paul-mitchell\/","title":{"rendered":"L\u2019avenir de Barreca et Marcelin \u00e9voqu\u00e9 par Paul Mitchell"},"content":{"rendered":"<p>Si le Directeur sportif de l\u2019AS Monaco estime que l\u2019effectif est d\u00e9sormais comp\u00e9titif sur toutes les lignes, il faudra d\u00e9sormais d\u00e9graisser dans les jours qui viennent. Antonio Barreca, qui s\u2019entra\u00eene \u00e0 l\u2019\u00e9cart comme l\u2019a r\u00e9v\u00e9l\u00e9Nice-Matin*, doit trouver un nouveau point de chute et Monaco ne devrait pas \u00eatre trop exigeant, en sachant qu\u2019il ne lui reste qu\u2019une seule ann\u00e9e de contrat : \u00ab\u00a0*On va scruter les opportunit\u00e9s de march\u00e9 qui s\u2019offrent \u00e0 lui*\u00a0\u00bb, a sobrement comment\u00e9 Mitchell. Un [int\u00e9r\u00eat de Cagliari](https:\/\/www.ladiagonale.net\/news-1755-barreca-de-retour-en-serie-b-) \u00e9tait \u00e9voqu\u00e9 il y a quelques jours.<\/p>\n<p>Pour Marcelin, qu\u2019Auxerre [aimerait bien rapatrier](https:\/\/www.ladiagonale.net\/news-1646-marcelin-pourrait-retourner-a-auxerre), la gestion sera diff\u00e9rente puisqu\u2019il revient de blessure et Paul Mitchell veut d\u2019abord le voir recouvrer tous ses moyens : \u00ab\u00a0*Nous devons \u00eatre plus prudents. Il a connu une blessure d\u00e9licate au quadriceps, qui est une zone sensible du corps et nous devons faire attention \u00e0 ce qu\u2019il r\u00e9cup\u00e8re bien. Nous allons y aller \u00e9tape par \u00e9tape avec lui et nous verrons ensuite comment il progressera et s\u2019il devient plus robuste \u00e0 l\u2019entra\u00eenement.*\u00a0\u00bb<\/p>\n","protected":false},"excerpt":{"rendered":"<p>Si le Directeur sportif de l\u2019AS Monaco estime que l\u2019effectif est d\u00e9sormais comp\u00e9titif sur toutes les lignes, il faudra d\u00e9sormais d\u00e9graisser dans les jours qui viennent. Antonio Barreca, qui s\u2019entra\u00eene \u00e0 l\u2019\u00e9cart comme l\u2019a r\u00e9v\u00e9l\u00e9Nice-Matin*, doit trouver un nouveau point de chute et Monaco ne devrait pas \u00eatre trop exigeant, en sachant qu\u2019il ne lui [&#8230;]\n","protected":false},"author":1,"featured_media":0,"comment_status":"open","ping_status":"open","sticky":false,"template":"","format":"standard","meta":[],"categories":[6],"tags":[],"yoast_head":"<!-- This site is optimized with the Yoast SEO plugin v19.8 - https:\/\/yoast.com\/wordpress\/plugins\/seo\/ -->\n<title>L\u2019avenir de Barreca et Marcelin \u00e9voqu\u00e9 par Paul Mitchell - La Diagonale<\/title>\n<meta name=\"robots\" content=\"index, follow, max-snippet:-1, max-image-preview:large, max-video-preview:-1\" \/>\n<link rel=\"canonical\" href=\"https:\/\/www.ladiagonale.net\/index.php\/2022\/08\/19\/lavenir-de-barreca-et-marcelin-evoque-par-paul-mitchell\/\" \/>\n<meta property=\"og:locale\" content=\"fr_FR\" \/>\n<meta property=\"og:type\" content=\"article\" \/>\n<meta property=\"og:title\" content=\"L\u2019avenir de Barreca et Marcelin \u00e9voqu\u00e9 par Paul Mitchell - La Diagonale\" \/>\n<meta property=\"og:description\" content=\"Si le Directeur sportif de l\u2019AS Monaco estime que l\u2019effectif est d\u00e9sormais comp\u00e9titif sur toutes les lignes, il faudra d\u00e9sormais d\u00e9graisser dans les jours qui viennent. Antonio Barreca, qui s\u2019entra\u00eene \u00e0 l\u2019\u00e9cart comme l\u2019a r\u00e9v\u00e9l\u00e9Nice-Matin*, doit trouver un nouveau point de chute et Monaco ne devrait pas \u00eatre trop exigeant, en sachant qu\u2019il ne lui [...]\" \/>\n<meta property=\"og:url\" content=\"https:\/\/www.ladiagonale.net\/index.php\/2022\/08\/19\/lavenir-de-barreca-et-marcelin-evoque-par-paul-mitchell\/\" \/>\n<meta property=\"og:site_name\" content=\"La Diagonale\" \/>\n<meta property=\"article:published_time\" content=\"2022-08-18T22:00:00+00:00\" \/>\n<meta name=\"author\" content=\"admin\" \/>\n<meta name=\"twitter:card\" content=\"summary_large_image\" \/>\n<meta name=\"twitter:label1\" content=\"\u00c9crit par\" \/>\n\t<meta name=\"twitter:data1\" content=\"admin\" \/>\n\t<meta name=\"twitter:label2\" content=\"Dur\u00e9e de lecture estim\u00e9e\" \/>\n\t<meta name=\"twitter:data2\" content=\"1 minute\" \/>\n<script type=\"application\/ld+json\" class=\"yoast-schema-graph\">{\"@context\":\"https:\/\/schema.org\",\"@graph\":[{\"@type\":\"WebPage\",\"@id\":\"https:\/\/www.ladiagonale.net\/index.php\/2022\/08\/19\/lavenir-de-barreca-et-marcelin-evoque-par-paul-mitchell\/\",\"url\":\"https:\/\/www.ladiagonale.net\/index.php\/2022\/08\/19\/lavenir-de-barreca-et-marcelin-evoque-par-paul-mitchell\/\",\"name\":\"L\u2019avenir de Barreca et Marcelin \u00e9voqu\u00e9 par Paul Mitchell - La Diagonale\",\"isPartOf\":{\"@id\":\"https:\/\/www.ladiagonale.net\/#website\"},\"datePublished\":\"2022-08-18T22:00:00+00:00\",\"dateModified\":\"2022-08-18T22:00:00+00:00\",\"author\":{\"@id\":\"https:\/\/www.ladiagonale.net\/#\/schema\/person\/03fa041acd51875ece8bf97a37252a4d\"},\"breadcrumb\":{\"@id\":\"https:\/\/www.ladiagonale.net\/index.php\/2022\/08\/19\/lavenir-de-barreca-et-marcelin-evoque-par-paul-mitchell\/#breadcrumb\"},\"inLanguage\":\"fr-FR\",\"potentialAction\":[{\"@type\":\"ReadAction\",\"target\":[\"https:\/\/www.ladiagonale.net\/index.php\/2022\/08\/19\/lavenir-de-barreca-et-marcelin-evoque-par-paul-mitchell\/\"]}]},{\"@type\":\"BreadcrumbList\",\"@id\":\"https:\/\/www.ladiagonale.net\/index.php\/2022\/08\/19\/lavenir-de-barreca-et-marcelin-evoque-par-paul-mitchell\/#breadcrumb\",\"itemListElement\":[{\"@type\":\"ListItem\",\"position\":1,\"name\":\"Accueil\",\"item\":\"https:\/\/www.ladiagonale.net\/\"},{\"@type\":\"ListItem\",\"position\":2,\"name\":\"L\u2019avenir de Barreca et Marcelin \u00e9voqu\u00e9 par Paul Mitchell\"}]},{\"@type\":\"WebSite\",\"@id\":\"https:\/\/www.ladiagonale.net\/#website\",\"url\":\"https:\/\/www.ladiagonale.net\/\",\"name\":\"La Diagonale\",\"description\":\"Le site des supporters de l&#039;AS Monaco FC\",\"potentialAction\":[{\"@type\":\"SearchAction\",\"target\":{\"@type\":\"EntryPoint\",\"urlTemplate\":\"https:\/\/www.ladiagonale.net\/?s={search_term_string}\"},\"query-input\":\"required name=search_term_string\"}],\"inLanguage\":\"fr-FR\"},{\"@type\":\"Person\",\"@id\":\"https:\/\/www.ladiagonale.net\/#\/schema\/person\/03fa041acd51875ece8bf97a37252a4d\",\"name\":\"admin\",\"image\":{\"@type\":\"ImageObject\",\"inLanguage\":\"fr-FR\",\"@id\":\"https:\/\/www.ladiagonale.net\/#\/schema\/person\/image\/\",\"url\":\"https:\/\/secure.gravatar.com\/avatar\/894b9daaf19cc759b072b6bb09cac5f2?s=96&d=mm&r=g\",\"contentUrl\":\"https:\/\/secure.gravatar.com\/avatar\/894b9daaf19cc759b072b6bb09cac5f2?s=96&d=mm&r=g\",\"caption\":\"admin\"},\"sameAs\":[\"https:\/\/v2.ladiagonale.net\"],\"url\":\"https:\/\/www.ladiagonale.net\/index.php\/author\/admin\/\"}]}<\/script>\n<!-- \/ Yoast SEO plugin. -->","yoast_head_json":{"title":"L\u2019avenir de Barreca et Marcelin \u00e9voqu\u00e9 par Paul Mitchell - La Diagonale","robots":{"index":"index","follow":"follow","max-snippet":"max-snippet:-1","max-image-preview":"max-image-preview:large","max-video-preview":"max-video-preview:-1"},"canonical":"https:\/\/www.ladiagonale.net\/index.php\/2022\/08\/19\/lavenir-de-barreca-et-marcelin-evoque-par-paul-mitchell\/","og_locale":"fr_FR","og_type":"article","og_title":"L\u2019avenir de Barreca et Marcelin \u00e9voqu\u00e9 par Paul Mitchell - La Diagonale","og_description":"Si le Directeur sportif de l\u2019AS Monaco estime que l\u2019effectif est d\u00e9sormais comp\u00e9titif sur toutes les lignes, il faudra d\u00e9sormais d\u00e9graisser dans les jours qui viennent. Antonio Barreca, qui s\u2019entra\u00eene \u00e0 l\u2019\u00e9cart comme l\u2019a r\u00e9v\u00e9l\u00e9Nice-Matin*, doit trouver un nouveau point de chute et Monaco ne devrait pas \u00eatre trop exigeant, en sachant qu\u2019il ne lui [...]","og_url":"https:\/\/www.ladiagonale.net\/index.php\/2022\/08\/19\/lavenir-de-barreca-et-marcelin-evoque-par-paul-mitchell\/","og_site_name":"La Diagonale","article_published_time":"2022-08-18T22:00:00+00:00","author":"admin","twitter_card":"summary_large_image","twitter_misc":{"\u00c9crit par":"admin","Dur\u00e9e de lecture estim\u00e9e":"1 minute"},"schema":{"@context":"https:\/\/schema.org","@graph":[{"@type":"WebPage","@id":"https:\/\/www.ladiagonale.net\/index.php\/2022\/08\/19\/lavenir-de-barreca-et-marcelin-evoque-par-paul-mitchell\/","url":"https:\/\/www.ladiagonale.net\/index.php\/2022\/08\/19\/lavenir-de-barreca-et-marcelin-evoque-par-paul-mitchell\/","name":"L\u2019avenir de Barreca et Marcelin \u00e9voqu\u00e9 par Paul Mitchell - La Diagonale","isPartOf":{"@id":"https:\/\/www.ladiagonale.net\/#website"},"datePublished":"2022-08-18T22:00:00+00:00","dateModified":"2022-08-18T22:00:00+00:00","author":{"@id":"https:\/\/www.ladiagonale.net\/#\/schema\/person\/03fa041acd51875ece8bf97a37252a4d"},"breadcrumb":{"@id":"https:\/\/www.ladiagonale.net\/index.php\/2022\/08\/19\/lavenir-de-barreca-et-marcelin-evoque-par-paul-mitchell\/#breadcrumb"},"inLanguage":"fr-FR","potentialAction":[{"@type":"ReadAction","target":["https:\/\/www.ladiagonale.net\/index.php\/2022\/08\/19\/lavenir-de-barreca-et-marcelin-evoque-par-paul-mitchell\/"]}]},{"@type":"BreadcrumbList","@id":"https:\/\/www.ladiagonale.net\/index.php\/2022\/08\/19\/lavenir-de-barreca-et-marcelin-evoque-par-paul-mitchell\/#breadcrumb","itemListElement":[{"@type":"ListItem","position":1,"name":"Accueil","item":"https:\/\/www.ladiagonale.net\/"},{"@type":"ListItem","position":2,"name":"L\u2019avenir de Barreca et Marcelin \u00e9voqu\u00e9 par Paul Mitchell"}]},{"@type":"WebSite","@id":"https:\/\/www.ladiagonale.net\/#website","url":"https:\/\/www.ladiagonale.net\/","name":"La Diagonale","description":"Le site des supporters de l&#039;AS Monaco FC","potentialAction":[{"@type":"SearchAction","target":{"@type":"EntryPoint","urlTemplate":"https:\/\/www.ladiagonale.net\/?s={search_term_string}"},"query-input":"required name=search_term_string"}],"inLanguage":"fr-FR"},{"@type":"Person","@id":"https:\/\/www.ladiagonale.net\/#\/schema\/person\/03fa041acd51875ece8bf97a37252a4d","name":"admin","image":{"@type":"ImageObject","inLanguage":"fr-FR","@id":"https:\/\/www.ladiagonale.net\/#\/schema\/person\/image\/","url":"https:\/\/secure.gravatar.com\/avatar\/894b9daaf19cc759b072b6bb09cac5f2?s=96&d=mm&r=g","contentUrl":"https:\/\/secure.gravatar.com\/avatar\/894b9daaf19cc759b072b6bb09cac5f2?s=96&d=mm&r=g","caption":"admin"},"sameAs":["https:\/\/v2.ladiagonale.net"],"url":"https:\/\/www.ladiagonale.net\/index.php\/author\/admin\/"}]}},"_links":{"self":[{"href":"https:\/\/www.ladiagonale.net\/index.php\/wp-json\/wp\/v2\/posts\/4149"}],"collection":[{"href":"https:\/\/www.ladiagonale.net\/index.php\/wp-json\/wp\/v2\/posts"}],"about":[{"href":"https:\/\/www.ladiagonale.net\/index.php\/wp-json\/wp\/v2\/types\/post"}],"author":[{"embeddable":true,"href":"https:\/\/www.ladiagonale.net\/index.php\/wp-json\/wp\/v2\/users\/1"}],"replies":[{"embeddable":true,"href":"https:\/\/www.ladiagonale.net\/index.php\/wp-json\/wp\/v2\/comments?post=4149"}],"version-history":[{"count":0,"href":"https:\/\/www.ladiagonale.net\/index.php\/wp-json\/wp\/v2\/posts\/4149\/revisions"}],"wp:attachment":[{"href":"https:\/\/www.ladiagonale.net\/index.php\/wp-json\/wp\/v2\/media?parent=4149"}],"wp:term":[{"taxonomy":"category","embeddable":true,"href":"https:\/\/www.ladiagonale.net\/index.php\/wp-json\/wp\/v2\/categories?post=4149"},{"taxonomy":"post_tag","embeddable":true,"href":"https:\/\/www.ladiagonale.net\/index.php\/wp-json\/wp\/v2\/tags?post=4149"}],"curies":[{"name":"wp","href":"https:\/\/api.w.org\/{rel}","templated":true}]}}