{"id":4209,"date":"2022-08-27T00:00:00","date_gmt":"2022-08-26T22:00:00","guid":{"rendered":"https:\/\/www.ladiagonale.net\/index.php\/2022\/08\/27\/paul-mitchell-ne-comprend-pas-les-critiques-sur-nubel\/"},"modified":"2022-08-27T00:00:00","modified_gmt":"2022-08-26T22:00:00","slug":"paul-mitchell-ne-comprend-pas-les-critiques-sur-nubel","status":"publish","type":"post","link":"https:\/\/www.ladiagonale.net\/index.php\/2022\/08\/27\/paul-mitchell-ne-comprend-pas-les-critiques-sur-nubel\/","title":{"rendered":"Paul Mitchell ne comprend pas les critiques sur N\u00fcbel"},"content":{"rendered":"<p>Interrog\u00e9 sur le poste de gardien au cours de l&rsquo;entretien accord\u00e9 \u00e0L&rsquo;\u00c9quipe*, Paul Mitchell a spontan\u00e9ment apport\u00e9 son soutien \u00e0 Alexander N\u00fcbel : \u00ab\u00a0*Alex est un top gardien, capable de s&rsquo;inscrire dans la dur\u00e9e. Cet \u00e9t\u00e9, c&rsquo;\u00e9tait un des rares secteurs o\u00f9 on s&rsquo;est dit qu&rsquo;on ne pouvait pas s&rsquo;am\u00e9liorer. Je ne comprends pas la s\u00e9v\u00e9rit\u00e9 \u00e0 son \u00e9gard.\u00bb<\/p>\n<p>Avant de poursuivre : \u00abDe janvier \u00e0 mai, il n&rsquo;y avait pas beaucoup de meilleurs gardiens en Europe. \u00c0 un moment, les gens \u00e9taient d\u00e9rang\u00e9s par son jeu au pied, mais il est r\u00e9gulier lors des quatre premiers matches. Contre Lens, tous les joueurs auraient pu \u00eatre meilleurs*\u00a0\u00bb, certainement en r\u00e9f\u00e9rence au dernier but lensois sur lequel il ne semblait pas irr\u00e9prochable.<\/p>\n<p>La gardien allemand, pr\u00eat\u00e9 par le Bayern Munich, entame sa deuxi\u00e8me saison sur le Rocher. Son avenir est encore tr\u00e8s incertain, lui-m\u00eame ayant r\u00e9p\u00e9t\u00e9 \u00e0 de nombreuses reprises qu&rsquo;il ne voulait pas retourner en Bavi\u00e8re pour \u00eatre la doublure de Manuel Neuer.<\/p>\n","protected":false},"excerpt":{"rendered":"<p>Interrog\u00e9 sur le poste de gardien au cours de l&rsquo;entretien accord\u00e9 \u00e0L&rsquo;\u00c9quipe*, Paul Mitchell a spontan\u00e9ment apport\u00e9 son soutien \u00e0 Alexander N\u00fcbel : \u00ab\u00a0*Alex est un top gardien, capable de s&rsquo;inscrire dans la dur\u00e9e. Cet \u00e9t\u00e9, c&rsquo;\u00e9tait un des rares secteurs o\u00f9 on s&rsquo;est dit qu&rsquo;on ne pouvait pas s&rsquo;am\u00e9liorer. Je ne comprends pas la [&#8230;]\n","protected":false},"author":1,"featured_media":0,"comment_status":"open","ping_status":"open","sticky":false,"template":"","format":"standard","meta":[],"categories":[6],"tags":[],"yoast_head":"<!-- This site is optimized with the Yoast SEO plugin v19.8 - https:\/\/yoast.com\/wordpress\/plugins\/seo\/ -->\n<title>Paul Mitchell ne comprend pas les critiques sur N\u00fcbel - La Diagonale<\/title>\n<meta name=\"robots\" content=\"index, follow, max-snippet:-1, max-image-preview:large, max-video-preview:-1\" \/>\n<link rel=\"canonical\" href=\"https:\/\/www.ladiagonale.net\/index.php\/2022\/08\/27\/paul-mitchell-ne-comprend-pas-les-critiques-sur-nubel\/\" \/>\n<meta property=\"og:locale\" content=\"fr_FR\" \/>\n<meta property=\"og:type\" content=\"article\" \/>\n<meta property=\"og:title\" content=\"Paul Mitchell ne comprend pas les critiques sur N\u00fcbel - La Diagonale\" \/>\n<meta property=\"og:description\" content=\"Interrog\u00e9 sur le poste de gardien au cours de l&rsquo;entretien accord\u00e9 \u00e0L&rsquo;\u00c9quipe*, Paul Mitchell a spontan\u00e9ment apport\u00e9 son soutien \u00e0 Alexander N\u00fcbel : \u00ab\u00a0*Alex est un top gardien, capable de s&rsquo;inscrire dans la dur\u00e9e. Cet \u00e9t\u00e9, c&rsquo;\u00e9tait un des rares secteurs o\u00f9 on s&rsquo;est dit qu&rsquo;on ne pouvait pas s&rsquo;am\u00e9liorer. Je ne comprends pas la [...]\" \/>\n<meta property=\"og:url\" content=\"https:\/\/www.ladiagonale.net\/index.php\/2022\/08\/27\/paul-mitchell-ne-comprend-pas-les-critiques-sur-nubel\/\" \/>\n<meta property=\"og:site_name\" content=\"La Diagonale\" \/>\n<meta property=\"article:published_time\" content=\"2022-08-26T22:00:00+00:00\" \/>\n<meta name=\"author\" content=\"admin\" \/>\n<meta name=\"twitter:card\" content=\"summary_large_image\" \/>\n<meta name=\"twitter:label1\" content=\"\u00c9crit par\" \/>\n\t<meta name=\"twitter:data1\" content=\"admin\" \/>\n\t<meta name=\"twitter:label2\" content=\"Dur\u00e9e de lecture estim\u00e9e\" \/>\n\t<meta name=\"twitter:data2\" content=\"1 minute\" \/>\n<script type=\"application\/ld+json\" class=\"yoast-schema-graph\">{\"@context\":\"https:\/\/schema.org\",\"@graph\":[{\"@type\":\"WebPage\",\"@id\":\"https:\/\/www.ladiagonale.net\/index.php\/2022\/08\/27\/paul-mitchell-ne-comprend-pas-les-critiques-sur-nubel\/\",\"url\":\"https:\/\/www.ladiagonale.net\/index.php\/2022\/08\/27\/paul-mitchell-ne-comprend-pas-les-critiques-sur-nubel\/\",\"name\":\"Paul Mitchell ne comprend pas les critiques sur N\u00fcbel - La Diagonale\",\"isPartOf\":{\"@id\":\"https:\/\/www.ladiagonale.net\/#website\"},\"datePublished\":\"2022-08-26T22:00:00+00:00\",\"dateModified\":\"2022-08-26T22:00:00+00:00\",\"author\":{\"@id\":\"https:\/\/www.ladiagonale.net\/#\/schema\/person\/03fa041acd51875ece8bf97a37252a4d\"},\"breadcrumb\":{\"@id\":\"https:\/\/www.ladiagonale.net\/index.php\/2022\/08\/27\/paul-mitchell-ne-comprend-pas-les-critiques-sur-nubel\/#breadcrumb\"},\"inLanguage\":\"fr-FR\",\"potentialAction\":[{\"@type\":\"ReadAction\",\"target\":[\"https:\/\/www.ladiagonale.net\/index.php\/2022\/08\/27\/paul-mitchell-ne-comprend-pas-les-critiques-sur-nubel\/\"]}]},{\"@type\":\"BreadcrumbList\",\"@id\":\"https:\/\/www.ladiagonale.net\/index.php\/2022\/08\/27\/paul-mitchell-ne-comprend-pas-les-critiques-sur-nubel\/#breadcrumb\",\"itemListElement\":[{\"@type\":\"ListItem\",\"position\":1,\"name\":\"Accueil\",\"item\":\"https:\/\/www.ladiagonale.net\/\"},{\"@type\":\"ListItem\",\"position\":2,\"name\":\"Paul Mitchell ne comprend pas les critiques sur N\u00fcbel\"}]},{\"@type\":\"WebSite\",\"@id\":\"https:\/\/www.ladiagonale.net\/#website\",\"url\":\"https:\/\/www.ladiagonale.net\/\",\"name\":\"La Diagonale\",\"description\":\"Le site des supporters de l&#039;AS Monaco FC\",\"potentialAction\":[{\"@type\":\"SearchAction\",\"target\":{\"@type\":\"EntryPoint\",\"urlTemplate\":\"https:\/\/www.ladiagonale.net\/?s={search_term_string}\"},\"query-input\":\"required name=search_term_string\"}],\"inLanguage\":\"fr-FR\"},{\"@type\":\"Person\",\"@id\":\"https:\/\/www.ladiagonale.net\/#\/schema\/person\/03fa041acd51875ece8bf97a37252a4d\",\"name\":\"admin\",\"image\":{\"@type\":\"ImageObject\",\"inLanguage\":\"fr-FR\",\"@id\":\"https:\/\/www.ladiagonale.net\/#\/schema\/person\/image\/\",\"url\":\"https:\/\/secure.gravatar.com\/avatar\/894b9daaf19cc759b072b6bb09cac5f2?s=96&d=mm&r=g\",\"contentUrl\":\"https:\/\/secure.gravatar.com\/avatar\/894b9daaf19cc759b072b6bb09cac5f2?s=96&d=mm&r=g\",\"caption\":\"admin\"},\"sameAs\":[\"https:\/\/v2.ladiagonale.net\"],\"url\":\"https:\/\/www.ladiagonale.net\/index.php\/author\/admin\/\"}]}<\/script>\n<!-- \/ Yoast SEO plugin. -->","yoast_head_json":{"title":"Paul Mitchell ne comprend pas les critiques sur N\u00fcbel - La Diagonale","robots":{"index":"index","follow":"follow","max-snippet":"max-snippet:-1","max-image-preview":"max-image-preview:large","max-video-preview":"max-video-preview:-1"},"canonical":"https:\/\/www.ladiagonale.net\/index.php\/2022\/08\/27\/paul-mitchell-ne-comprend-pas-les-critiques-sur-nubel\/","og_locale":"fr_FR","og_type":"article","og_title":"Paul Mitchell ne comprend pas les critiques sur N\u00fcbel - La Diagonale","og_description":"Interrog\u00e9 sur le poste de gardien au cours de l&rsquo;entretien accord\u00e9 \u00e0L&rsquo;\u00c9quipe*, Paul Mitchell a spontan\u00e9ment apport\u00e9 son soutien \u00e0 Alexander N\u00fcbel : \u00ab\u00a0*Alex est un top gardien, capable de s&rsquo;inscrire dans la dur\u00e9e. Cet \u00e9t\u00e9, c&rsquo;\u00e9tait un des rares secteurs o\u00f9 on s&rsquo;est dit qu&rsquo;on ne pouvait pas s&rsquo;am\u00e9liorer. Je ne comprends pas la [...]","og_url":"https:\/\/www.ladiagonale.net\/index.php\/2022\/08\/27\/paul-mitchell-ne-comprend-pas-les-critiques-sur-nubel\/","og_site_name":"La Diagonale","article_published_time":"2022-08-26T22:00:00+00:00","author":"admin","twitter_card":"summary_large_image","twitter_misc":{"\u00c9crit par":"admin","Dur\u00e9e de lecture estim\u00e9e":"1 minute"},"schema":{"@context":"https:\/\/schema.org","@graph":[{"@type":"WebPage","@id":"https:\/\/www.ladiagonale.net\/index.php\/2022\/08\/27\/paul-mitchell-ne-comprend-pas-les-critiques-sur-nubel\/","url":"https:\/\/www.ladiagonale.net\/index.php\/2022\/08\/27\/paul-mitchell-ne-comprend-pas-les-critiques-sur-nubel\/","name":"Paul Mitchell ne comprend pas les critiques sur N\u00fcbel - La Diagonale","isPartOf":{"@id":"https:\/\/www.ladiagonale.net\/#website"},"datePublished":"2022-08-26T22:00:00+00:00","dateModified":"2022-08-26T22:00:00+00:00","author":{"@id":"https:\/\/www.ladiagonale.net\/#\/schema\/person\/03fa041acd51875ece8bf97a37252a4d"},"breadcrumb":{"@id":"https:\/\/www.ladiagonale.net\/index.php\/2022\/08\/27\/paul-mitchell-ne-comprend-pas-les-critiques-sur-nubel\/#breadcrumb"},"inLanguage":"fr-FR","potentialAction":[{"@type":"ReadAction","target":["https:\/\/www.ladiagonale.net\/index.php\/2022\/08\/27\/paul-mitchell-ne-comprend-pas-les-critiques-sur-nubel\/"]}]},{"@type":"BreadcrumbList","@id":"https:\/\/www.ladiagonale.net\/index.php\/2022\/08\/27\/paul-mitchell-ne-comprend-pas-les-critiques-sur-nubel\/#breadcrumb","itemListElement":[{"@type":"ListItem","position":1,"name":"Accueil","item":"https:\/\/www.ladiagonale.net\/"},{"@type":"ListItem","position":2,"name":"Paul Mitchell ne comprend pas les critiques sur N\u00fcbel"}]},{"@type":"WebSite","@id":"https:\/\/www.ladiagonale.net\/#website","url":"https:\/\/www.ladiagonale.net\/","name":"La Diagonale","description":"Le site des supporters de l&#039;AS Monaco FC","potentialAction":[{"@type":"SearchAction","target":{"@type":"EntryPoint","urlTemplate":"https:\/\/www.ladiagonale.net\/?s={search_term_string}"},"query-input":"required name=search_term_string"}],"inLanguage":"fr-FR"},{"@type":"Person","@id":"https:\/\/www.ladiagonale.net\/#\/schema\/person\/03fa041acd51875ece8bf97a37252a4d","name":"admin","image":{"@type":"ImageObject","inLanguage":"fr-FR","@id":"https:\/\/www.ladiagonale.net\/#\/schema\/person\/image\/","url":"https:\/\/secure.gravatar.com\/avatar\/894b9daaf19cc759b072b6bb09cac5f2?s=96&d=mm&r=g","contentUrl":"https:\/\/secure.gravatar.com\/avatar\/894b9daaf19cc759b072b6bb09cac5f2?s=96&d=mm&r=g","caption":"admin"},"sameAs":["https:\/\/v2.ladiagonale.net"],"url":"https:\/\/www.ladiagonale.net\/index.php\/author\/admin\/"}]}},"_links":{"self":[{"href":"https:\/\/www.ladiagonale.net\/index.php\/wp-json\/wp\/v2\/posts\/4209"}],"collection":[{"href":"https:\/\/www.ladiagonale.net\/index.php\/wp-json\/wp\/v2\/posts"}],"about":[{"href":"https:\/\/www.ladiagonale.net\/index.php\/wp-json\/wp\/v2\/types\/post"}],"author":[{"embeddable":true,"href":"https:\/\/www.ladiagonale.net\/index.php\/wp-json\/wp\/v2\/users\/1"}],"replies":[{"embeddable":true,"href":"https:\/\/www.ladiagonale.net\/index.php\/wp-json\/wp\/v2\/comments?post=4209"}],"version-history":[{"count":0,"href":"https:\/\/www.ladiagonale.net\/index.php\/wp-json\/wp\/v2\/posts\/4209\/revisions"}],"wp:attachment":[{"href":"https:\/\/www.ladiagonale.net\/index.php\/wp-json\/wp\/v2\/media?parent=4209"}],"wp:term":[{"taxonomy":"category","embeddable":true,"href":"https:\/\/www.ladiagonale.net\/index.php\/wp-json\/wp\/v2\/categories?post=4209"},{"taxonomy":"post_tag","embeddable":true,"href":"https:\/\/www.ladiagonale.net\/index.php\/wp-json\/wp\/v2\/tags?post=4209"}],"curies":[{"name":"wp","href":"https:\/\/api.w.org\/{rel}","templated":true}]}}