{"id":4210,"date":"2022-08-28T00:00:00","date_gmt":"2022-08-27T22:00:00","guid":{"rendered":"https:\/\/www.ladiagonale.net\/index.php\/2022\/08\/28\/les-u19-perdent-le-derby\/"},"modified":"2022-08-28T00:00:00","modified_gmt":"2022-08-27T22:00:00","slug":"les-u19-perdent-le-derby","status":"publish","type":"post","link":"https:\/\/www.ladiagonale.net\/index.php\/2022\/08\/28\/les-u19-perdent-le-derby\/","title":{"rendered":"Les U19 perdent le derby"},"content":{"rendered":"<p>Les U19 de Fr\u00e9d\u00e9ric Barilaro se sont inclin\u00e9s pour la deuxi\u00e8me journ\u00e9e du championnat face \u00e0 l&rsquo;OGC Nice (3-1). Malgr\u00e9 le renfort de deux joueurs pros comme Coulibaly et Efekele, buteur, ainsi que d&rsquo;autres joueurs faisant partie du Groupe \u00c9lite, comme B\u00e9ry, Kuzmanovic ou encore Yacoub, cela n&rsquo;a malheureusement pas suffi pour venir \u00e0 bout du rival ni\u00e7ois. <\/p>\n<p>Les jeunes Mon\u00e9gasques redescendent au 6e rang provisoire, en attendant les rencontres qui auront lieu ce dimanche. La semaine prochaine, les As\u00e9mistes recevront Toulouse, leur dauphin de la saison pass\u00e9e pour renouer avec le succ\u00e8s.  <\/p>\n<p>Composition : Minguzzi &#8211; Eser, Valm\u00e9, Kuzmanovic, B\u00e9ry &#8211; Gesan, Coulibaly, Michal &#8211; Yacoub, Efekele, Bertolucci (Bouabr\u00e9, 58e).<\/p>\n","protected":false},"excerpt":{"rendered":"<p>Les U19 de Fr\u00e9d\u00e9ric Barilaro se sont inclin\u00e9s pour la deuxi\u00e8me journ\u00e9e du championnat face \u00e0 l&rsquo;OGC Nice (3-1). Malgr\u00e9 le renfort de deux joueurs pros comme Coulibaly et Efekele, buteur, ainsi que d&rsquo;autres joueurs faisant partie du Groupe \u00c9lite, comme B\u00e9ry, Kuzmanovic ou encore Yacoub, cela n&rsquo;a malheureusement pas suffi pour venir \u00e0 bout [&#8230;]\n","protected":false},"author":1,"featured_media":0,"comment_status":"open","ping_status":"open","sticky":false,"template":"","format":"standard","meta":[],"categories":[6],"tags":[],"yoast_head":"<!-- This site is optimized with the Yoast SEO plugin v19.8 - https:\/\/yoast.com\/wordpress\/plugins\/seo\/ -->\n<title>Les U19 perdent le derby - La Diagonale<\/title>\n<meta name=\"robots\" content=\"index, follow, max-snippet:-1, max-image-preview:large, max-video-preview:-1\" \/>\n<link rel=\"canonical\" href=\"https:\/\/www.ladiagonale.net\/index.php\/2022\/08\/28\/les-u19-perdent-le-derby\/\" \/>\n<meta property=\"og:locale\" content=\"fr_FR\" \/>\n<meta property=\"og:type\" content=\"article\" \/>\n<meta property=\"og:title\" content=\"Les U19 perdent le derby - La Diagonale\" \/>\n<meta property=\"og:description\" content=\"Les U19 de Fr\u00e9d\u00e9ric Barilaro se sont inclin\u00e9s pour la deuxi\u00e8me journ\u00e9e du championnat face \u00e0 l&rsquo;OGC Nice (3-1). Malgr\u00e9 le renfort de deux joueurs pros comme Coulibaly et Efekele, buteur, ainsi que d&rsquo;autres joueurs faisant partie du Groupe \u00c9lite, comme B\u00e9ry, Kuzmanovic ou encore Yacoub, cela n&rsquo;a malheureusement pas suffi pour venir \u00e0 bout [...]\" \/>\n<meta property=\"og:url\" content=\"https:\/\/www.ladiagonale.net\/index.php\/2022\/08\/28\/les-u19-perdent-le-derby\/\" \/>\n<meta property=\"og:site_name\" content=\"La Diagonale\" \/>\n<meta property=\"article:published_time\" content=\"2022-08-27T22:00:00+00:00\" \/>\n<meta name=\"author\" content=\"admin\" \/>\n<meta name=\"twitter:card\" content=\"summary_large_image\" \/>\n<meta name=\"twitter:label1\" content=\"\u00c9crit par\" \/>\n\t<meta name=\"twitter:data1\" content=\"admin\" \/>\n\t<meta name=\"twitter:label2\" content=\"Dur\u00e9e de lecture estim\u00e9e\" \/>\n\t<meta name=\"twitter:data2\" content=\"1 minute\" \/>\n<script type=\"application\/ld+json\" class=\"yoast-schema-graph\">{\"@context\":\"https:\/\/schema.org\",\"@graph\":[{\"@type\":\"WebPage\",\"@id\":\"https:\/\/www.ladiagonale.net\/index.php\/2022\/08\/28\/les-u19-perdent-le-derby\/\",\"url\":\"https:\/\/www.ladiagonale.net\/index.php\/2022\/08\/28\/les-u19-perdent-le-derby\/\",\"name\":\"Les U19 perdent le derby - La Diagonale\",\"isPartOf\":{\"@id\":\"https:\/\/www.ladiagonale.net\/#website\"},\"datePublished\":\"2022-08-27T22:00:00+00:00\",\"dateModified\":\"2022-08-27T22:00:00+00:00\",\"author\":{\"@id\":\"https:\/\/www.ladiagonale.net\/#\/schema\/person\/03fa041acd51875ece8bf97a37252a4d\"},\"breadcrumb\":{\"@id\":\"https:\/\/www.ladiagonale.net\/index.php\/2022\/08\/28\/les-u19-perdent-le-derby\/#breadcrumb\"},\"inLanguage\":\"fr-FR\",\"potentialAction\":[{\"@type\":\"ReadAction\",\"target\":[\"https:\/\/www.ladiagonale.net\/index.php\/2022\/08\/28\/les-u19-perdent-le-derby\/\"]}]},{\"@type\":\"BreadcrumbList\",\"@id\":\"https:\/\/www.ladiagonale.net\/index.php\/2022\/08\/28\/les-u19-perdent-le-derby\/#breadcrumb\",\"itemListElement\":[{\"@type\":\"ListItem\",\"position\":1,\"name\":\"Accueil\",\"item\":\"https:\/\/www.ladiagonale.net\/\"},{\"@type\":\"ListItem\",\"position\":2,\"name\":\"Les U19 perdent le derby\"}]},{\"@type\":\"WebSite\",\"@id\":\"https:\/\/www.ladiagonale.net\/#website\",\"url\":\"https:\/\/www.ladiagonale.net\/\",\"name\":\"La Diagonale\",\"description\":\"Le site des supporters de l&#039;AS Monaco FC\",\"potentialAction\":[{\"@type\":\"SearchAction\",\"target\":{\"@type\":\"EntryPoint\",\"urlTemplate\":\"https:\/\/www.ladiagonale.net\/?s={search_term_string}\"},\"query-input\":\"required name=search_term_string\"}],\"inLanguage\":\"fr-FR\"},{\"@type\":\"Person\",\"@id\":\"https:\/\/www.ladiagonale.net\/#\/schema\/person\/03fa041acd51875ece8bf97a37252a4d\",\"name\":\"admin\",\"image\":{\"@type\":\"ImageObject\",\"inLanguage\":\"fr-FR\",\"@id\":\"https:\/\/www.ladiagonale.net\/#\/schema\/person\/image\/\",\"url\":\"https:\/\/secure.gravatar.com\/avatar\/894b9daaf19cc759b072b6bb09cac5f2?s=96&d=mm&r=g\",\"contentUrl\":\"https:\/\/secure.gravatar.com\/avatar\/894b9daaf19cc759b072b6bb09cac5f2?s=96&d=mm&r=g\",\"caption\":\"admin\"},\"sameAs\":[\"https:\/\/v2.ladiagonale.net\"],\"url\":\"https:\/\/www.ladiagonale.net\/index.php\/author\/admin\/\"}]}<\/script>\n<!-- \/ Yoast SEO plugin. -->","yoast_head_json":{"title":"Les U19 perdent le derby - La Diagonale","robots":{"index":"index","follow":"follow","max-snippet":"max-snippet:-1","max-image-preview":"max-image-preview:large","max-video-preview":"max-video-preview:-1"},"canonical":"https:\/\/www.ladiagonale.net\/index.php\/2022\/08\/28\/les-u19-perdent-le-derby\/","og_locale":"fr_FR","og_type":"article","og_title":"Les U19 perdent le derby - La Diagonale","og_description":"Les U19 de Fr\u00e9d\u00e9ric Barilaro se sont inclin\u00e9s pour la deuxi\u00e8me journ\u00e9e du championnat face \u00e0 l&rsquo;OGC Nice (3-1). Malgr\u00e9 le renfort de deux joueurs pros comme Coulibaly et Efekele, buteur, ainsi que d&rsquo;autres joueurs faisant partie du Groupe \u00c9lite, comme B\u00e9ry, Kuzmanovic ou encore Yacoub, cela n&rsquo;a malheureusement pas suffi pour venir \u00e0 bout [...]","og_url":"https:\/\/www.ladiagonale.net\/index.php\/2022\/08\/28\/les-u19-perdent-le-derby\/","og_site_name":"La Diagonale","article_published_time":"2022-08-27T22:00:00+00:00","author":"admin","twitter_card":"summary_large_image","twitter_misc":{"\u00c9crit par":"admin","Dur\u00e9e de lecture estim\u00e9e":"1 minute"},"schema":{"@context":"https:\/\/schema.org","@graph":[{"@type":"WebPage","@id":"https:\/\/www.ladiagonale.net\/index.php\/2022\/08\/28\/les-u19-perdent-le-derby\/","url":"https:\/\/www.ladiagonale.net\/index.php\/2022\/08\/28\/les-u19-perdent-le-derby\/","name":"Les U19 perdent le derby - La Diagonale","isPartOf":{"@id":"https:\/\/www.ladiagonale.net\/#website"},"datePublished":"2022-08-27T22:00:00+00:00","dateModified":"2022-08-27T22:00:00+00:00","author":{"@id":"https:\/\/www.ladiagonale.net\/#\/schema\/person\/03fa041acd51875ece8bf97a37252a4d"},"breadcrumb":{"@id":"https:\/\/www.ladiagonale.net\/index.php\/2022\/08\/28\/les-u19-perdent-le-derby\/#breadcrumb"},"inLanguage":"fr-FR","potentialAction":[{"@type":"ReadAction","target":["https:\/\/www.ladiagonale.net\/index.php\/2022\/08\/28\/les-u19-perdent-le-derby\/"]}]},{"@type":"BreadcrumbList","@id":"https:\/\/www.ladiagonale.net\/index.php\/2022\/08\/28\/les-u19-perdent-le-derby\/#breadcrumb","itemListElement":[{"@type":"ListItem","position":1,"name":"Accueil","item":"https:\/\/www.ladiagonale.net\/"},{"@type":"ListItem","position":2,"name":"Les U19 perdent le derby"}]},{"@type":"WebSite","@id":"https:\/\/www.ladiagonale.net\/#website","url":"https:\/\/www.ladiagonale.net\/","name":"La Diagonale","description":"Le site des supporters de l&#039;AS Monaco FC","potentialAction":[{"@type":"SearchAction","target":{"@type":"EntryPoint","urlTemplate":"https:\/\/www.ladiagonale.net\/?s={search_term_string}"},"query-input":"required name=search_term_string"}],"inLanguage":"fr-FR"},{"@type":"Person","@id":"https:\/\/www.ladiagonale.net\/#\/schema\/person\/03fa041acd51875ece8bf97a37252a4d","name":"admin","image":{"@type":"ImageObject","inLanguage":"fr-FR","@id":"https:\/\/www.ladiagonale.net\/#\/schema\/person\/image\/","url":"https:\/\/secure.gravatar.com\/avatar\/894b9daaf19cc759b072b6bb09cac5f2?s=96&d=mm&r=g","contentUrl":"https:\/\/secure.gravatar.com\/avatar\/894b9daaf19cc759b072b6bb09cac5f2?s=96&d=mm&r=g","caption":"admin"},"sameAs":["https:\/\/v2.ladiagonale.net"],"url":"https:\/\/www.ladiagonale.net\/index.php\/author\/admin\/"}]}},"_links":{"self":[{"href":"https:\/\/www.ladiagonale.net\/index.php\/wp-json\/wp\/v2\/posts\/4210"}],"collection":[{"href":"https:\/\/www.ladiagonale.net\/index.php\/wp-json\/wp\/v2\/posts"}],"about":[{"href":"https:\/\/www.ladiagonale.net\/index.php\/wp-json\/wp\/v2\/types\/post"}],"author":[{"embeddable":true,"href":"https:\/\/www.ladiagonale.net\/index.php\/wp-json\/wp\/v2\/users\/1"}],"replies":[{"embeddable":true,"href":"https:\/\/www.ladiagonale.net\/index.php\/wp-json\/wp\/v2\/comments?post=4210"}],"version-history":[{"count":0,"href":"https:\/\/www.ladiagonale.net\/index.php\/wp-json\/wp\/v2\/posts\/4210\/revisions"}],"wp:attachment":[{"href":"https:\/\/www.ladiagonale.net\/index.php\/wp-json\/wp\/v2\/media?parent=4210"}],"wp:term":[{"taxonomy":"category","embeddable":true,"href":"https:\/\/www.ladiagonale.net\/index.php\/wp-json\/wp\/v2\/categories?post=4210"},{"taxonomy":"post_tag","embeddable":true,"href":"https:\/\/www.ladiagonale.net\/index.php\/wp-json\/wp\/v2\/tags?post=4210"}],"curies":[{"name":"wp","href":"https:\/\/api.w.org\/{rel}","templated":true}]}}