{"id":4219,"date":"2022-08-28T00:00:00","date_gmt":"2022-08-27T22:00:00","guid":{"rendered":"https:\/\/www.ladiagonale.net\/index.php\/2022\/08\/28\/plusieurs-semaines-dabsence-pour-volland\/"},"modified":"2022-08-28T00:00:00","modified_gmt":"2022-08-27T22:00:00","slug":"plusieurs-semaines-dabsence-pour-volland","status":"publish","type":"post","link":"https:\/\/www.ladiagonale.net\/index.php\/2022\/08\/28\/plusieurs-semaines-dabsence-pour-volland\/","title":{"rendered":"Plusieurs semaines d&rsquo;absence pour Volland ?"},"content":{"rendered":"<p>C&rsquo;est sans doute la mauvaise nouvelle de la soir\u00e9e. Le buteur mon\u00e9gasque, Kevin Volland, est sorti sur blessure, juste apr\u00e8s sa r\u00e9alisation \u00e0 la 20e minute de jeu. Le visage grima\u00e7ant, il a d\u00fb \u00eatre soutenu par deux soigneurs pour marcher et regagner les vestiaires directement.<\/p>\n<p>Si la nature de la blessure est encore inconnue, Philippe Clement pense avoir perdu son joueur pour quelques temps, comme il l&rsquo;a confi\u00e9 surPrime Video: \u00ab\u00a0*C\u2019est toujours compliqu\u00e9 de s&rsquo;exprimer \u00e0 la fin d&rsquo;un match. Mais pour le moment on pense que c&rsquo;est grave. Il pourrait \u00eatre absent pour plusieurs semaines.*\u00a0\u00bb<\/p>\n","protected":false},"excerpt":{"rendered":"<p>C&rsquo;est sans doute la mauvaise nouvelle de la soir\u00e9e. Le buteur mon\u00e9gasque, Kevin Volland, est sorti sur blessure, juste apr\u00e8s sa r\u00e9alisation \u00e0 la 20e minute de jeu. Le visage grima\u00e7ant, il a d\u00fb \u00eatre soutenu par deux soigneurs pour marcher et regagner les vestiaires directement. Si la nature de la blessure est encore inconnue, [&#8230;]\n","protected":false},"author":1,"featured_media":0,"comment_status":"open","ping_status":"open","sticky":false,"template":"","format":"standard","meta":[],"categories":[6],"tags":[],"yoast_head":"<!-- This site is optimized with the Yoast SEO plugin v19.8 - https:\/\/yoast.com\/wordpress\/plugins\/seo\/ -->\n<title>Plusieurs semaines d&#039;absence pour Volland ? - La Diagonale<\/title>\n<meta name=\"robots\" content=\"index, follow, max-snippet:-1, max-image-preview:large, max-video-preview:-1\" \/>\n<link rel=\"canonical\" href=\"https:\/\/www.ladiagonale.net\/index.php\/2022\/08\/28\/plusieurs-semaines-dabsence-pour-volland\/\" \/>\n<meta property=\"og:locale\" content=\"fr_FR\" \/>\n<meta property=\"og:type\" content=\"article\" \/>\n<meta property=\"og:title\" content=\"Plusieurs semaines d&#039;absence pour Volland ? - La Diagonale\" \/>\n<meta property=\"og:description\" content=\"C&rsquo;est sans doute la mauvaise nouvelle de la soir\u00e9e. Le buteur mon\u00e9gasque, Kevin Volland, est sorti sur blessure, juste apr\u00e8s sa r\u00e9alisation \u00e0 la 20e minute de jeu. Le visage grima\u00e7ant, il a d\u00fb \u00eatre soutenu par deux soigneurs pour marcher et regagner les vestiaires directement. Si la nature de la blessure est encore inconnue, [...]\" \/>\n<meta property=\"og:url\" content=\"https:\/\/www.ladiagonale.net\/index.php\/2022\/08\/28\/plusieurs-semaines-dabsence-pour-volland\/\" \/>\n<meta property=\"og:site_name\" content=\"La Diagonale\" \/>\n<meta property=\"article:published_time\" content=\"2022-08-27T22:00:00+00:00\" \/>\n<meta name=\"author\" content=\"admin\" \/>\n<meta name=\"twitter:card\" content=\"summary_large_image\" \/>\n<meta name=\"twitter:label1\" content=\"\u00c9crit par\" \/>\n\t<meta name=\"twitter:data1\" content=\"admin\" \/>\n\t<meta name=\"twitter:label2\" content=\"Dur\u00e9e de lecture estim\u00e9e\" \/>\n\t<meta name=\"twitter:data2\" content=\"1 minute\" \/>\n<script type=\"application\/ld+json\" class=\"yoast-schema-graph\">{\"@context\":\"https:\/\/schema.org\",\"@graph\":[{\"@type\":\"WebPage\",\"@id\":\"https:\/\/www.ladiagonale.net\/index.php\/2022\/08\/28\/plusieurs-semaines-dabsence-pour-volland\/\",\"url\":\"https:\/\/www.ladiagonale.net\/index.php\/2022\/08\/28\/plusieurs-semaines-dabsence-pour-volland\/\",\"name\":\"Plusieurs semaines d'absence pour Volland ? - La Diagonale\",\"isPartOf\":{\"@id\":\"https:\/\/www.ladiagonale.net\/#website\"},\"datePublished\":\"2022-08-27T22:00:00+00:00\",\"dateModified\":\"2022-08-27T22:00:00+00:00\",\"author\":{\"@id\":\"https:\/\/www.ladiagonale.net\/#\/schema\/person\/03fa041acd51875ece8bf97a37252a4d\"},\"breadcrumb\":{\"@id\":\"https:\/\/www.ladiagonale.net\/index.php\/2022\/08\/28\/plusieurs-semaines-dabsence-pour-volland\/#breadcrumb\"},\"inLanguage\":\"fr-FR\",\"potentialAction\":[{\"@type\":\"ReadAction\",\"target\":[\"https:\/\/www.ladiagonale.net\/index.php\/2022\/08\/28\/plusieurs-semaines-dabsence-pour-volland\/\"]}]},{\"@type\":\"BreadcrumbList\",\"@id\":\"https:\/\/www.ladiagonale.net\/index.php\/2022\/08\/28\/plusieurs-semaines-dabsence-pour-volland\/#breadcrumb\",\"itemListElement\":[{\"@type\":\"ListItem\",\"position\":1,\"name\":\"Accueil\",\"item\":\"https:\/\/www.ladiagonale.net\/\"},{\"@type\":\"ListItem\",\"position\":2,\"name\":\"Plusieurs semaines d&rsquo;absence pour Volland ?\"}]},{\"@type\":\"WebSite\",\"@id\":\"https:\/\/www.ladiagonale.net\/#website\",\"url\":\"https:\/\/www.ladiagonale.net\/\",\"name\":\"La Diagonale\",\"description\":\"Le site des supporters de l&#039;AS Monaco FC\",\"potentialAction\":[{\"@type\":\"SearchAction\",\"target\":{\"@type\":\"EntryPoint\",\"urlTemplate\":\"https:\/\/www.ladiagonale.net\/?s={search_term_string}\"},\"query-input\":\"required name=search_term_string\"}],\"inLanguage\":\"fr-FR\"},{\"@type\":\"Person\",\"@id\":\"https:\/\/www.ladiagonale.net\/#\/schema\/person\/03fa041acd51875ece8bf97a37252a4d\",\"name\":\"admin\",\"image\":{\"@type\":\"ImageObject\",\"inLanguage\":\"fr-FR\",\"@id\":\"https:\/\/www.ladiagonale.net\/#\/schema\/person\/image\/\",\"url\":\"https:\/\/secure.gravatar.com\/avatar\/894b9daaf19cc759b072b6bb09cac5f2?s=96&d=mm&r=g\",\"contentUrl\":\"https:\/\/secure.gravatar.com\/avatar\/894b9daaf19cc759b072b6bb09cac5f2?s=96&d=mm&r=g\",\"caption\":\"admin\"},\"sameAs\":[\"https:\/\/v2.ladiagonale.net\"],\"url\":\"https:\/\/www.ladiagonale.net\/index.php\/author\/admin\/\"}]}<\/script>\n<!-- \/ Yoast SEO plugin. -->","yoast_head_json":{"title":"Plusieurs semaines d'absence pour Volland ? - La Diagonale","robots":{"index":"index","follow":"follow","max-snippet":"max-snippet:-1","max-image-preview":"max-image-preview:large","max-video-preview":"max-video-preview:-1"},"canonical":"https:\/\/www.ladiagonale.net\/index.php\/2022\/08\/28\/plusieurs-semaines-dabsence-pour-volland\/","og_locale":"fr_FR","og_type":"article","og_title":"Plusieurs semaines d'absence pour Volland ? - La Diagonale","og_description":"C&rsquo;est sans doute la mauvaise nouvelle de la soir\u00e9e. Le buteur mon\u00e9gasque, Kevin Volland, est sorti sur blessure, juste apr\u00e8s sa r\u00e9alisation \u00e0 la 20e minute de jeu. Le visage grima\u00e7ant, il a d\u00fb \u00eatre soutenu par deux soigneurs pour marcher et regagner les vestiaires directement. Si la nature de la blessure est encore inconnue, [...]","og_url":"https:\/\/www.ladiagonale.net\/index.php\/2022\/08\/28\/plusieurs-semaines-dabsence-pour-volland\/","og_site_name":"La Diagonale","article_published_time":"2022-08-27T22:00:00+00:00","author":"admin","twitter_card":"summary_large_image","twitter_misc":{"\u00c9crit par":"admin","Dur\u00e9e de lecture estim\u00e9e":"1 minute"},"schema":{"@context":"https:\/\/schema.org","@graph":[{"@type":"WebPage","@id":"https:\/\/www.ladiagonale.net\/index.php\/2022\/08\/28\/plusieurs-semaines-dabsence-pour-volland\/","url":"https:\/\/www.ladiagonale.net\/index.php\/2022\/08\/28\/plusieurs-semaines-dabsence-pour-volland\/","name":"Plusieurs semaines d'absence pour Volland ? - La Diagonale","isPartOf":{"@id":"https:\/\/www.ladiagonale.net\/#website"},"datePublished":"2022-08-27T22:00:00+00:00","dateModified":"2022-08-27T22:00:00+00:00","author":{"@id":"https:\/\/www.ladiagonale.net\/#\/schema\/person\/03fa041acd51875ece8bf97a37252a4d"},"breadcrumb":{"@id":"https:\/\/www.ladiagonale.net\/index.php\/2022\/08\/28\/plusieurs-semaines-dabsence-pour-volland\/#breadcrumb"},"inLanguage":"fr-FR","potentialAction":[{"@type":"ReadAction","target":["https:\/\/www.ladiagonale.net\/index.php\/2022\/08\/28\/plusieurs-semaines-dabsence-pour-volland\/"]}]},{"@type":"BreadcrumbList","@id":"https:\/\/www.ladiagonale.net\/index.php\/2022\/08\/28\/plusieurs-semaines-dabsence-pour-volland\/#breadcrumb","itemListElement":[{"@type":"ListItem","position":1,"name":"Accueil","item":"https:\/\/www.ladiagonale.net\/"},{"@type":"ListItem","position":2,"name":"Plusieurs semaines d&rsquo;absence pour Volland ?"}]},{"@type":"WebSite","@id":"https:\/\/www.ladiagonale.net\/#website","url":"https:\/\/www.ladiagonale.net\/","name":"La Diagonale","description":"Le site des supporters de l&#039;AS Monaco FC","potentialAction":[{"@type":"SearchAction","target":{"@type":"EntryPoint","urlTemplate":"https:\/\/www.ladiagonale.net\/?s={search_term_string}"},"query-input":"required name=search_term_string"}],"inLanguage":"fr-FR"},{"@type":"Person","@id":"https:\/\/www.ladiagonale.net\/#\/schema\/person\/03fa041acd51875ece8bf97a37252a4d","name":"admin","image":{"@type":"ImageObject","inLanguage":"fr-FR","@id":"https:\/\/www.ladiagonale.net\/#\/schema\/person\/image\/","url":"https:\/\/secure.gravatar.com\/avatar\/894b9daaf19cc759b072b6bb09cac5f2?s=96&d=mm&r=g","contentUrl":"https:\/\/secure.gravatar.com\/avatar\/894b9daaf19cc759b072b6bb09cac5f2?s=96&d=mm&r=g","caption":"admin"},"sameAs":["https:\/\/v2.ladiagonale.net"],"url":"https:\/\/www.ladiagonale.net\/index.php\/author\/admin\/"}]}},"_links":{"self":[{"href":"https:\/\/www.ladiagonale.net\/index.php\/wp-json\/wp\/v2\/posts\/4219"}],"collection":[{"href":"https:\/\/www.ladiagonale.net\/index.php\/wp-json\/wp\/v2\/posts"}],"about":[{"href":"https:\/\/www.ladiagonale.net\/index.php\/wp-json\/wp\/v2\/types\/post"}],"author":[{"embeddable":true,"href":"https:\/\/www.ladiagonale.net\/index.php\/wp-json\/wp\/v2\/users\/1"}],"replies":[{"embeddable":true,"href":"https:\/\/www.ladiagonale.net\/index.php\/wp-json\/wp\/v2\/comments?post=4219"}],"version-history":[{"count":0,"href":"https:\/\/www.ladiagonale.net\/index.php\/wp-json\/wp\/v2\/posts\/4219\/revisions"}],"wp:attachment":[{"href":"https:\/\/www.ladiagonale.net\/index.php\/wp-json\/wp\/v2\/media?parent=4219"}],"wp:term":[{"taxonomy":"category","embeddable":true,"href":"https:\/\/www.ladiagonale.net\/index.php\/wp-json\/wp\/v2\/categories?post=4219"},{"taxonomy":"post_tag","embeddable":true,"href":"https:\/\/www.ladiagonale.net\/index.php\/wp-json\/wp\/v2\/tags?post=4219"}],"curies":[{"name":"wp","href":"https:\/\/api.w.org\/{rel}","templated":true}]}}