{"id":4220,"date":"2022-08-29T00:00:00","date_gmt":"2022-08-28T22:00:00","guid":{"rendered":"https:\/\/www.ladiagonale.net\/index.php\/2022\/08\/29\/paris-est-chaud-sur-disasi\/"},"modified":"2022-08-29T00:00:00","modified_gmt":"2022-08-28T22:00:00","slug":"paris-est-chaud-sur-disasi","status":"publish","type":"post","link":"https:\/\/www.ladiagonale.net\/index.php\/2022\/08\/29\/paris-est-chaud-sur-disasi\/","title":{"rendered":"Paris est chaud sur Disasi"},"content":{"rendered":"<p>Il y a quinze jours, Saber Desfarges r\u00e9v\u00e9lait que Disasi \u00e9tait [pist\u00e9](https:\/\/www.ladiagonale.net\/news-1776-disasi-cible-par-le-psg) par le Paris Saint-Germain et la grande prestation du d\u00e9fenseur central de l&rsquo;AS Monaco face au club parisien ce dimanche a d\u00fb achever d&rsquo;en convaincre les dirigeants. Selon le journaliste dePrime Video*, les n\u00e9gociations se sont intensifi\u00e9es avec l&rsquo;ASM et une offre pourrait \u00eatre formul\u00e9e tr\u00e8s rapidement.<\/p>\n<p>Au micro dePrime Video*, Philippe Clement a comment\u00e9 la rumeur, non sans adresser un petit tacle au PSG : \u00abNous avons des joueurs talentueux mais ils ne partiront que si l\u2019offre est bonne pour le club. Pour Beno\u00eet (Badiashile) ou Axel, il faudra une offre exceptionnelle. Dans leur int\u00e9r\u00eat, je pense qu\u2019ils doivent rester encore un an. Ils auront ensuite, comme Aur\u00e9lien (Tchouam\u00e9ni), plus de clubs int\u00e9ress\u00e9s&#8230; mais des grands clubs.\u00bb <\/p>\n<p>De son c\u00f4t\u00e9, Disasi a pr\u00e9f\u00e9r\u00e9 botter en touche : \u00abOn est dans une p\u00e9riode de mercato, donc il y a forc\u00e9ment des rumeurs. Mais ce soir, j\u2019\u00e9tais concentr\u00e9 \u00e0 fond avec Monaco. On verra ce qu\u2019il se passe par la suite, mais je suis bien \u00e0 Monaco en tout cas.\u00bb Arriv\u00e9 sur le Rocher \u00e0 l&rsquo;\u00e9t\u00e9 2020, Axel Disasi est sous contrat avec l&rsquo;AS Monaco jusqu&rsquo;en juin 2025.<\/p>\n","protected":false},"excerpt":{"rendered":"<p>Il y a quinze jours, Saber Desfarges r\u00e9v\u00e9lait que Disasi \u00e9tait [pist\u00e9](https:\/\/www.ladiagonale.net\/news-1776-disasi-cible-par-le-psg) par le Paris Saint-Germain et la grande prestation du d\u00e9fenseur central de l&rsquo;AS Monaco face au club parisien ce dimanche a d\u00fb achever d&rsquo;en convaincre les dirigeants. Selon le journaliste dePrime Video*, les n\u00e9gociations se sont intensifi\u00e9es avec l&rsquo;ASM et une offre pourrait [&#8230;]\n","protected":false},"author":1,"featured_media":0,"comment_status":"open","ping_status":"open","sticky":false,"template":"","format":"standard","meta":[],"categories":[6],"tags":[],"yoast_head":"<!-- This site is optimized with the Yoast SEO plugin v19.8 - https:\/\/yoast.com\/wordpress\/plugins\/seo\/ -->\n<title>Paris est chaud sur Disasi - La Diagonale<\/title>\n<meta name=\"robots\" content=\"index, follow, max-snippet:-1, max-image-preview:large, max-video-preview:-1\" \/>\n<link rel=\"canonical\" href=\"https:\/\/www.ladiagonale.net\/index.php\/2022\/08\/29\/paris-est-chaud-sur-disasi\/\" \/>\n<meta property=\"og:locale\" content=\"fr_FR\" \/>\n<meta property=\"og:type\" content=\"article\" \/>\n<meta property=\"og:title\" content=\"Paris est chaud sur Disasi - La Diagonale\" \/>\n<meta property=\"og:description\" content=\"Il y a quinze jours, Saber Desfarges r\u00e9v\u00e9lait que Disasi \u00e9tait [pist\u00e9](https:\/\/www.ladiagonale.net\/news-1776-disasi-cible-par-le-psg) par le Paris Saint-Germain et la grande prestation du d\u00e9fenseur central de l&rsquo;AS Monaco face au club parisien ce dimanche a d\u00fb achever d&rsquo;en convaincre les dirigeants. Selon le journaliste dePrime Video*, les n\u00e9gociations se sont intensifi\u00e9es avec l&rsquo;ASM et une offre pourrait [...]\" \/>\n<meta property=\"og:url\" content=\"https:\/\/www.ladiagonale.net\/index.php\/2022\/08\/29\/paris-est-chaud-sur-disasi\/\" \/>\n<meta property=\"og:site_name\" content=\"La Diagonale\" \/>\n<meta property=\"article:published_time\" content=\"2022-08-28T22:00:00+00:00\" \/>\n<meta name=\"author\" content=\"admin\" \/>\n<meta name=\"twitter:card\" content=\"summary_large_image\" \/>\n<meta name=\"twitter:label1\" content=\"\u00c9crit par\" \/>\n\t<meta name=\"twitter:data1\" content=\"admin\" \/>\n\t<meta name=\"twitter:label2\" content=\"Dur\u00e9e de lecture estim\u00e9e\" \/>\n\t<meta name=\"twitter:data2\" content=\"1 minute\" \/>\n<script type=\"application\/ld+json\" class=\"yoast-schema-graph\">{\"@context\":\"https:\/\/schema.org\",\"@graph\":[{\"@type\":\"WebPage\",\"@id\":\"https:\/\/www.ladiagonale.net\/index.php\/2022\/08\/29\/paris-est-chaud-sur-disasi\/\",\"url\":\"https:\/\/www.ladiagonale.net\/index.php\/2022\/08\/29\/paris-est-chaud-sur-disasi\/\",\"name\":\"Paris est chaud sur Disasi - La Diagonale\",\"isPartOf\":{\"@id\":\"https:\/\/www.ladiagonale.net\/#website\"},\"datePublished\":\"2022-08-28T22:00:00+00:00\",\"dateModified\":\"2022-08-28T22:00:00+00:00\",\"author\":{\"@id\":\"https:\/\/www.ladiagonale.net\/#\/schema\/person\/03fa041acd51875ece8bf97a37252a4d\"},\"breadcrumb\":{\"@id\":\"https:\/\/www.ladiagonale.net\/index.php\/2022\/08\/29\/paris-est-chaud-sur-disasi\/#breadcrumb\"},\"inLanguage\":\"fr-FR\",\"potentialAction\":[{\"@type\":\"ReadAction\",\"target\":[\"https:\/\/www.ladiagonale.net\/index.php\/2022\/08\/29\/paris-est-chaud-sur-disasi\/\"]}]},{\"@type\":\"BreadcrumbList\",\"@id\":\"https:\/\/www.ladiagonale.net\/index.php\/2022\/08\/29\/paris-est-chaud-sur-disasi\/#breadcrumb\",\"itemListElement\":[{\"@type\":\"ListItem\",\"position\":1,\"name\":\"Accueil\",\"item\":\"https:\/\/www.ladiagonale.net\/\"},{\"@type\":\"ListItem\",\"position\":2,\"name\":\"Paris est chaud sur Disasi\"}]},{\"@type\":\"WebSite\",\"@id\":\"https:\/\/www.ladiagonale.net\/#website\",\"url\":\"https:\/\/www.ladiagonale.net\/\",\"name\":\"La Diagonale\",\"description\":\"Le site des supporters de l&#039;AS Monaco FC\",\"potentialAction\":[{\"@type\":\"SearchAction\",\"target\":{\"@type\":\"EntryPoint\",\"urlTemplate\":\"https:\/\/www.ladiagonale.net\/?s={search_term_string}\"},\"query-input\":\"required name=search_term_string\"}],\"inLanguage\":\"fr-FR\"},{\"@type\":\"Person\",\"@id\":\"https:\/\/www.ladiagonale.net\/#\/schema\/person\/03fa041acd51875ece8bf97a37252a4d\",\"name\":\"admin\",\"image\":{\"@type\":\"ImageObject\",\"inLanguage\":\"fr-FR\",\"@id\":\"https:\/\/www.ladiagonale.net\/#\/schema\/person\/image\/\",\"url\":\"https:\/\/secure.gravatar.com\/avatar\/894b9daaf19cc759b072b6bb09cac5f2?s=96&d=mm&r=g\",\"contentUrl\":\"https:\/\/secure.gravatar.com\/avatar\/894b9daaf19cc759b072b6bb09cac5f2?s=96&d=mm&r=g\",\"caption\":\"admin\"},\"sameAs\":[\"https:\/\/v2.ladiagonale.net\"],\"url\":\"https:\/\/www.ladiagonale.net\/index.php\/author\/admin\/\"}]}<\/script>\n<!-- \/ Yoast SEO plugin. -->","yoast_head_json":{"title":"Paris est chaud sur Disasi - La Diagonale","robots":{"index":"index","follow":"follow","max-snippet":"max-snippet:-1","max-image-preview":"max-image-preview:large","max-video-preview":"max-video-preview:-1"},"canonical":"https:\/\/www.ladiagonale.net\/index.php\/2022\/08\/29\/paris-est-chaud-sur-disasi\/","og_locale":"fr_FR","og_type":"article","og_title":"Paris est chaud sur Disasi - La Diagonale","og_description":"Il y a quinze jours, Saber Desfarges r\u00e9v\u00e9lait que Disasi \u00e9tait [pist\u00e9](https:\/\/www.ladiagonale.net\/news-1776-disasi-cible-par-le-psg) par le Paris Saint-Germain et la grande prestation du d\u00e9fenseur central de l&rsquo;AS Monaco face au club parisien ce dimanche a d\u00fb achever d&rsquo;en convaincre les dirigeants. Selon le journaliste dePrime Video*, les n\u00e9gociations se sont intensifi\u00e9es avec l&rsquo;ASM et une offre pourrait [...]","og_url":"https:\/\/www.ladiagonale.net\/index.php\/2022\/08\/29\/paris-est-chaud-sur-disasi\/","og_site_name":"La Diagonale","article_published_time":"2022-08-28T22:00:00+00:00","author":"admin","twitter_card":"summary_large_image","twitter_misc":{"\u00c9crit par":"admin","Dur\u00e9e de lecture estim\u00e9e":"1 minute"},"schema":{"@context":"https:\/\/schema.org","@graph":[{"@type":"WebPage","@id":"https:\/\/www.ladiagonale.net\/index.php\/2022\/08\/29\/paris-est-chaud-sur-disasi\/","url":"https:\/\/www.ladiagonale.net\/index.php\/2022\/08\/29\/paris-est-chaud-sur-disasi\/","name":"Paris est chaud sur Disasi - La Diagonale","isPartOf":{"@id":"https:\/\/www.ladiagonale.net\/#website"},"datePublished":"2022-08-28T22:00:00+00:00","dateModified":"2022-08-28T22:00:00+00:00","author":{"@id":"https:\/\/www.ladiagonale.net\/#\/schema\/person\/03fa041acd51875ece8bf97a37252a4d"},"breadcrumb":{"@id":"https:\/\/www.ladiagonale.net\/index.php\/2022\/08\/29\/paris-est-chaud-sur-disasi\/#breadcrumb"},"inLanguage":"fr-FR","potentialAction":[{"@type":"ReadAction","target":["https:\/\/www.ladiagonale.net\/index.php\/2022\/08\/29\/paris-est-chaud-sur-disasi\/"]}]},{"@type":"BreadcrumbList","@id":"https:\/\/www.ladiagonale.net\/index.php\/2022\/08\/29\/paris-est-chaud-sur-disasi\/#breadcrumb","itemListElement":[{"@type":"ListItem","position":1,"name":"Accueil","item":"https:\/\/www.ladiagonale.net\/"},{"@type":"ListItem","position":2,"name":"Paris est chaud sur Disasi"}]},{"@type":"WebSite","@id":"https:\/\/www.ladiagonale.net\/#website","url":"https:\/\/www.ladiagonale.net\/","name":"La Diagonale","description":"Le site des supporters de l&#039;AS Monaco FC","potentialAction":[{"@type":"SearchAction","target":{"@type":"EntryPoint","urlTemplate":"https:\/\/www.ladiagonale.net\/?s={search_term_string}"},"query-input":"required name=search_term_string"}],"inLanguage":"fr-FR"},{"@type":"Person","@id":"https:\/\/www.ladiagonale.net\/#\/schema\/person\/03fa041acd51875ece8bf97a37252a4d","name":"admin","image":{"@type":"ImageObject","inLanguage":"fr-FR","@id":"https:\/\/www.ladiagonale.net\/#\/schema\/person\/image\/","url":"https:\/\/secure.gravatar.com\/avatar\/894b9daaf19cc759b072b6bb09cac5f2?s=96&d=mm&r=g","contentUrl":"https:\/\/secure.gravatar.com\/avatar\/894b9daaf19cc759b072b6bb09cac5f2?s=96&d=mm&r=g","caption":"admin"},"sameAs":["https:\/\/v2.ladiagonale.net"],"url":"https:\/\/www.ladiagonale.net\/index.php\/author\/admin\/"}]}},"_links":{"self":[{"href":"https:\/\/www.ladiagonale.net\/index.php\/wp-json\/wp\/v2\/posts\/4220"}],"collection":[{"href":"https:\/\/www.ladiagonale.net\/index.php\/wp-json\/wp\/v2\/posts"}],"about":[{"href":"https:\/\/www.ladiagonale.net\/index.php\/wp-json\/wp\/v2\/types\/post"}],"author":[{"embeddable":true,"href":"https:\/\/www.ladiagonale.net\/index.php\/wp-json\/wp\/v2\/users\/1"}],"replies":[{"embeddable":true,"href":"https:\/\/www.ladiagonale.net\/index.php\/wp-json\/wp\/v2\/comments?post=4220"}],"version-history":[{"count":0,"href":"https:\/\/www.ladiagonale.net\/index.php\/wp-json\/wp\/v2\/posts\/4220\/revisions"}],"wp:attachment":[{"href":"https:\/\/www.ladiagonale.net\/index.php\/wp-json\/wp\/v2\/media?parent=4220"}],"wp:term":[{"taxonomy":"category","embeddable":true,"href":"https:\/\/www.ladiagonale.net\/index.php\/wp-json\/wp\/v2\/categories?post=4220"},{"taxonomy":"post_tag","embeddable":true,"href":"https:\/\/www.ladiagonale.net\/index.php\/wp-json\/wp\/v2\/tags?post=4220"}],"curies":[{"name":"wp","href":"https:\/\/api.w.org\/{rel}","templated":true}]}}