{"id":4240,"date":"2022-08-30T00:00:00","date_gmt":"2022-08-29T22:00:00","guid":{"rendered":"https:\/\/www.ladiagonale.net\/index.php\/2022\/08\/30\/paris-ne-compte-pas-faire-doffre-pour-disasi\/"},"modified":"2022-08-30T00:00:00","modified_gmt":"2022-08-29T22:00:00","slug":"paris-ne-compte-pas-faire-doffre-pour-disasi","status":"publish","type":"post","link":"https:\/\/www.ladiagonale.net\/index.php\/2022\/08\/30\/paris-ne-compte-pas-faire-doffre-pour-disasi\/","title":{"rendered":"Paris ne compte pas faire d\u2019offre pour Disasi"},"content":{"rendered":"<p>Apr\u00e8s l&#8217;emballement m\u00e9diatique autour d\u2019Axel Disasi ces derni\u00e8res 24 heures,L\u2019\u00c9quipeest venu nuancer tout cela. Contrairement \u00e0 ce que d\u2019autres m\u00e9dias ont pu annoncer, Disasi n\u2019est pas une consid\u00e9r\u00e9 comme une v\u00e9ritable piste pour le Paris Saint-Germain. Malgr\u00e9 tout, le d\u00e9fenseur central de 24 ans prendra le temps de la r\u00e9flexion sur son avenir, car tout peut encore changer. Si Paris ne compte pas faire d\u2019offre, des clubs anglais sont int\u00e9ress\u00e9s par le profil de Disasi et pourraient s&rsquo;activer sur ces derniers jours du mercato.<\/p>\n<p>Monaco est pr\u00eat \u00e0 ouvrir la porte mais a des exigences \u00e9lev\u00e9es en mati\u00e8re d\u2019indemnit\u00e9s de transfert, comme l&rsquo;ont rappel\u00e9 de concert Paul Mitchell et Philippe Clement. Pour laisser partir Disasi, qui est sous contrat en Principaut\u00e9 jusqu&rsquo;en 2025, il faudra au moins d\u00e9bourser 50 millions d\u2019euros. Une r\u00e8gle \u00e0 laquelle l&rsquo;ancien joueur de Reims est pr\u00eat \u00e0 se plier. En effet, il ne s\u2019opposera pas \u00e0 la volont\u00e9 de ses dirigeants.<\/p>\n","protected":false},"excerpt":{"rendered":"<p>Apr\u00e8s l&#8217;emballement m\u00e9diatique autour d\u2019Axel Disasi ces derni\u00e8res 24 heures,L\u2019\u00c9quipeest venu nuancer tout cela. Contrairement \u00e0 ce que d\u2019autres m\u00e9dias ont pu annoncer, Disasi n\u2019est pas une consid\u00e9r\u00e9 comme une v\u00e9ritable piste pour le Paris Saint-Germain. Malgr\u00e9 tout, le d\u00e9fenseur central de 24 ans prendra le temps de la r\u00e9flexion sur son avenir, car tout [&#8230;]\n","protected":false},"author":1,"featured_media":0,"comment_status":"open","ping_status":"open","sticky":false,"template":"","format":"standard","meta":[],"categories":[6],"tags":[],"yoast_head":"<!-- This site is optimized with the Yoast SEO plugin v19.8 - https:\/\/yoast.com\/wordpress\/plugins\/seo\/ -->\n<title>Paris ne compte pas faire d\u2019offre pour Disasi - La Diagonale<\/title>\n<meta name=\"robots\" content=\"index, follow, max-snippet:-1, max-image-preview:large, max-video-preview:-1\" \/>\n<link rel=\"canonical\" href=\"https:\/\/www.ladiagonale.net\/index.php\/2022\/08\/30\/paris-ne-compte-pas-faire-doffre-pour-disasi\/\" \/>\n<meta property=\"og:locale\" content=\"fr_FR\" \/>\n<meta property=\"og:type\" content=\"article\" \/>\n<meta property=\"og:title\" content=\"Paris ne compte pas faire d\u2019offre pour Disasi - La Diagonale\" \/>\n<meta property=\"og:description\" content=\"Apr\u00e8s l&#8217;emballement m\u00e9diatique autour d\u2019Axel Disasi ces derni\u00e8res 24 heures,L\u2019\u00c9quipeest venu nuancer tout cela. Contrairement \u00e0 ce que d\u2019autres m\u00e9dias ont pu annoncer, Disasi n\u2019est pas une consid\u00e9r\u00e9 comme une v\u00e9ritable piste pour le Paris Saint-Germain. Malgr\u00e9 tout, le d\u00e9fenseur central de 24 ans prendra le temps de la r\u00e9flexion sur son avenir, car tout [...]\" \/>\n<meta property=\"og:url\" content=\"https:\/\/www.ladiagonale.net\/index.php\/2022\/08\/30\/paris-ne-compte-pas-faire-doffre-pour-disasi\/\" \/>\n<meta property=\"og:site_name\" content=\"La Diagonale\" \/>\n<meta property=\"article:published_time\" content=\"2022-08-29T22:00:00+00:00\" \/>\n<meta name=\"author\" content=\"admin\" \/>\n<meta name=\"twitter:card\" content=\"summary_large_image\" \/>\n<meta name=\"twitter:label1\" content=\"\u00c9crit par\" \/>\n\t<meta name=\"twitter:data1\" content=\"admin\" \/>\n\t<meta name=\"twitter:label2\" content=\"Dur\u00e9e de lecture estim\u00e9e\" \/>\n\t<meta name=\"twitter:data2\" content=\"1 minute\" \/>\n<script type=\"application\/ld+json\" class=\"yoast-schema-graph\">{\"@context\":\"https:\/\/schema.org\",\"@graph\":[{\"@type\":\"WebPage\",\"@id\":\"https:\/\/www.ladiagonale.net\/index.php\/2022\/08\/30\/paris-ne-compte-pas-faire-doffre-pour-disasi\/\",\"url\":\"https:\/\/www.ladiagonale.net\/index.php\/2022\/08\/30\/paris-ne-compte-pas-faire-doffre-pour-disasi\/\",\"name\":\"Paris ne compte pas faire d\u2019offre pour Disasi - La Diagonale\",\"isPartOf\":{\"@id\":\"https:\/\/www.ladiagonale.net\/#website\"},\"datePublished\":\"2022-08-29T22:00:00+00:00\",\"dateModified\":\"2022-08-29T22:00:00+00:00\",\"author\":{\"@id\":\"https:\/\/www.ladiagonale.net\/#\/schema\/person\/03fa041acd51875ece8bf97a37252a4d\"},\"breadcrumb\":{\"@id\":\"https:\/\/www.ladiagonale.net\/index.php\/2022\/08\/30\/paris-ne-compte-pas-faire-doffre-pour-disasi\/#breadcrumb\"},\"inLanguage\":\"fr-FR\",\"potentialAction\":[{\"@type\":\"ReadAction\",\"target\":[\"https:\/\/www.ladiagonale.net\/index.php\/2022\/08\/30\/paris-ne-compte-pas-faire-doffre-pour-disasi\/\"]}]},{\"@type\":\"BreadcrumbList\",\"@id\":\"https:\/\/www.ladiagonale.net\/index.php\/2022\/08\/30\/paris-ne-compte-pas-faire-doffre-pour-disasi\/#breadcrumb\",\"itemListElement\":[{\"@type\":\"ListItem\",\"position\":1,\"name\":\"Accueil\",\"item\":\"https:\/\/www.ladiagonale.net\/\"},{\"@type\":\"ListItem\",\"position\":2,\"name\":\"Paris ne compte pas faire d\u2019offre pour Disasi\"}]},{\"@type\":\"WebSite\",\"@id\":\"https:\/\/www.ladiagonale.net\/#website\",\"url\":\"https:\/\/www.ladiagonale.net\/\",\"name\":\"La Diagonale\",\"description\":\"Le site des supporters de l&#039;AS Monaco FC\",\"potentialAction\":[{\"@type\":\"SearchAction\",\"target\":{\"@type\":\"EntryPoint\",\"urlTemplate\":\"https:\/\/www.ladiagonale.net\/?s={search_term_string}\"},\"query-input\":\"required name=search_term_string\"}],\"inLanguage\":\"fr-FR\"},{\"@type\":\"Person\",\"@id\":\"https:\/\/www.ladiagonale.net\/#\/schema\/person\/03fa041acd51875ece8bf97a37252a4d\",\"name\":\"admin\",\"image\":{\"@type\":\"ImageObject\",\"inLanguage\":\"fr-FR\",\"@id\":\"https:\/\/www.ladiagonale.net\/#\/schema\/person\/image\/\",\"url\":\"https:\/\/secure.gravatar.com\/avatar\/894b9daaf19cc759b072b6bb09cac5f2?s=96&d=mm&r=g\",\"contentUrl\":\"https:\/\/secure.gravatar.com\/avatar\/894b9daaf19cc759b072b6bb09cac5f2?s=96&d=mm&r=g\",\"caption\":\"admin\"},\"sameAs\":[\"https:\/\/v2.ladiagonale.net\"],\"url\":\"https:\/\/www.ladiagonale.net\/index.php\/author\/admin\/\"}]}<\/script>\n<!-- \/ Yoast SEO plugin. -->","yoast_head_json":{"title":"Paris ne compte pas faire d\u2019offre pour Disasi - La Diagonale","robots":{"index":"index","follow":"follow","max-snippet":"max-snippet:-1","max-image-preview":"max-image-preview:large","max-video-preview":"max-video-preview:-1"},"canonical":"https:\/\/www.ladiagonale.net\/index.php\/2022\/08\/30\/paris-ne-compte-pas-faire-doffre-pour-disasi\/","og_locale":"fr_FR","og_type":"article","og_title":"Paris ne compte pas faire d\u2019offre pour Disasi - La Diagonale","og_description":"Apr\u00e8s l&#8217;emballement m\u00e9diatique autour d\u2019Axel Disasi ces derni\u00e8res 24 heures,L\u2019\u00c9quipeest venu nuancer tout cela. Contrairement \u00e0 ce que d\u2019autres m\u00e9dias ont pu annoncer, Disasi n\u2019est pas une consid\u00e9r\u00e9 comme une v\u00e9ritable piste pour le Paris Saint-Germain. Malgr\u00e9 tout, le d\u00e9fenseur central de 24 ans prendra le temps de la r\u00e9flexion sur son avenir, car tout [...]","og_url":"https:\/\/www.ladiagonale.net\/index.php\/2022\/08\/30\/paris-ne-compte-pas-faire-doffre-pour-disasi\/","og_site_name":"La Diagonale","article_published_time":"2022-08-29T22:00:00+00:00","author":"admin","twitter_card":"summary_large_image","twitter_misc":{"\u00c9crit par":"admin","Dur\u00e9e de lecture estim\u00e9e":"1 minute"},"schema":{"@context":"https:\/\/schema.org","@graph":[{"@type":"WebPage","@id":"https:\/\/www.ladiagonale.net\/index.php\/2022\/08\/30\/paris-ne-compte-pas-faire-doffre-pour-disasi\/","url":"https:\/\/www.ladiagonale.net\/index.php\/2022\/08\/30\/paris-ne-compte-pas-faire-doffre-pour-disasi\/","name":"Paris ne compte pas faire d\u2019offre pour Disasi - La Diagonale","isPartOf":{"@id":"https:\/\/www.ladiagonale.net\/#website"},"datePublished":"2022-08-29T22:00:00+00:00","dateModified":"2022-08-29T22:00:00+00:00","author":{"@id":"https:\/\/www.ladiagonale.net\/#\/schema\/person\/03fa041acd51875ece8bf97a37252a4d"},"breadcrumb":{"@id":"https:\/\/www.ladiagonale.net\/index.php\/2022\/08\/30\/paris-ne-compte-pas-faire-doffre-pour-disasi\/#breadcrumb"},"inLanguage":"fr-FR","potentialAction":[{"@type":"ReadAction","target":["https:\/\/www.ladiagonale.net\/index.php\/2022\/08\/30\/paris-ne-compte-pas-faire-doffre-pour-disasi\/"]}]},{"@type":"BreadcrumbList","@id":"https:\/\/www.ladiagonale.net\/index.php\/2022\/08\/30\/paris-ne-compte-pas-faire-doffre-pour-disasi\/#breadcrumb","itemListElement":[{"@type":"ListItem","position":1,"name":"Accueil","item":"https:\/\/www.ladiagonale.net\/"},{"@type":"ListItem","position":2,"name":"Paris ne compte pas faire d\u2019offre pour Disasi"}]},{"@type":"WebSite","@id":"https:\/\/www.ladiagonale.net\/#website","url":"https:\/\/www.ladiagonale.net\/","name":"La Diagonale","description":"Le site des supporters de l&#039;AS Monaco FC","potentialAction":[{"@type":"SearchAction","target":{"@type":"EntryPoint","urlTemplate":"https:\/\/www.ladiagonale.net\/?s={search_term_string}"},"query-input":"required name=search_term_string"}],"inLanguage":"fr-FR"},{"@type":"Person","@id":"https:\/\/www.ladiagonale.net\/#\/schema\/person\/03fa041acd51875ece8bf97a37252a4d","name":"admin","image":{"@type":"ImageObject","inLanguage":"fr-FR","@id":"https:\/\/www.ladiagonale.net\/#\/schema\/person\/image\/","url":"https:\/\/secure.gravatar.com\/avatar\/894b9daaf19cc759b072b6bb09cac5f2?s=96&d=mm&r=g","contentUrl":"https:\/\/secure.gravatar.com\/avatar\/894b9daaf19cc759b072b6bb09cac5f2?s=96&d=mm&r=g","caption":"admin"},"sameAs":["https:\/\/v2.ladiagonale.net"],"url":"https:\/\/www.ladiagonale.net\/index.php\/author\/admin\/"}]}},"_links":{"self":[{"href":"https:\/\/www.ladiagonale.net\/index.php\/wp-json\/wp\/v2\/posts\/4240"}],"collection":[{"href":"https:\/\/www.ladiagonale.net\/index.php\/wp-json\/wp\/v2\/posts"}],"about":[{"href":"https:\/\/www.ladiagonale.net\/index.php\/wp-json\/wp\/v2\/types\/post"}],"author":[{"embeddable":true,"href":"https:\/\/www.ladiagonale.net\/index.php\/wp-json\/wp\/v2\/users\/1"}],"replies":[{"embeddable":true,"href":"https:\/\/www.ladiagonale.net\/index.php\/wp-json\/wp\/v2\/comments?post=4240"}],"version-history":[{"count":0,"href":"https:\/\/www.ladiagonale.net\/index.php\/wp-json\/wp\/v2\/posts\/4240\/revisions"}],"wp:attachment":[{"href":"https:\/\/www.ladiagonale.net\/index.php\/wp-json\/wp\/v2\/media?parent=4240"}],"wp:term":[{"taxonomy":"category","embeddable":true,"href":"https:\/\/www.ladiagonale.net\/index.php\/wp-json\/wp\/v2\/categories?post=4240"},{"taxonomy":"post_tag","embeddable":true,"href":"https:\/\/www.ladiagonale.net\/index.php\/wp-json\/wp\/v2\/tags?post=4240"}],"curies":[{"name":"wp","href":"https:\/\/api.w.org\/{rel}","templated":true}]}}