{"id":4250,"date":"2022-08-30T00:00:00","date_gmt":"2022-08-29T22:00:00","guid":{"rendered":"https:\/\/www.ladiagonale.net\/index.php\/2022\/08\/30\/bruno-irles-jai-aime-le-match-de-monaco-a-paris\/"},"modified":"2022-08-30T00:00:00","modified_gmt":"2022-08-29T22:00:00","slug":"bruno-irles-jai-aime-le-match-de-monaco-a-paris","status":"publish","type":"post","link":"https:\/\/www.ladiagonale.net\/index.php\/2022\/08\/30\/bruno-irles-jai-aime-le-match-de-monaco-a-paris\/","title":{"rendered":"Bruno Irles : \u00ab\u00a0J\u2019ai aim\u00e9 le match de Monaco \u00e0 Paris\u00a0\u00bb"},"content":{"rendered":"<p>En conf\u00e9rence de presse, Bruno Irles a \u00e9voqu\u00e9 le d\u00e9placement \u00e0 venir en Principaut\u00e9. Avec lui, Rony Lopes et Tristan Dingom\u00e9 compl\u00e8teront le contingent d\u2019anciens Mon\u00e9gasques, mais ce n\u2019est pas pour autant qu\u2019ils d\u00e9buteront la rencontre : \u00ab\u00a0*J\u2019ai encore quelques points d\u2019interrogations sur certains joueurs. Mais mon objectif est sur la saison et ce n\u2019est pas de faire plaisir \u00e0 Rony (Lopes) ou \u00e0 Tristan (Dingom\u00e9) parce qu\u2019on retourne \u00e0 Monaco. Il y a une r\u00e9flexion plus globale par rapport \u00e0 ces joueurs pour voir s\u2019ils peuvent jouer maintenant, s\u2019il peuvent d\u00e9buter, ou entrer en cours de jeu.*\u00a0\u00bb <\/p>\n<p>Le coach troyen \u00e9tait \u00e9videmment devant sa t\u00e9l\u00e9 pour regarder le choc entre l\u2019AS Monaco et le Paris Saint-Germain et la production mon\u00e9gasque a plu \u00e0 Irles : \u00ab\u00a0*J\u2019ai beaucoup aim\u00e9 leur match au Parc. Ils ont mis de l\u2019agressivit\u00e9, un syst\u00e8me en place et n\u2019ont pas \u00e9t\u00e9 sur le reculoir. J\u2019ai aim\u00e9 leur animation, \u00e7a ressemble \u00e0 ce que l\u2019on fait parfois, mais ils ont bien su s\u2019adapter aux qualit\u00e9s du Paris Saint-Germain. Il y a de la qualit\u00e9 pour subir mais aussi pour dominer comme face \u00e0 certaines \u00e9quipes. On abordera ce match avec humilit\u00e9.*\u00a0\u00bb <\/p>\n<p>Le d\u00e9fenseur Yoann Salmier sait que ce sera difficile au stade Louis-II : \u00ab\u00a0*On sait que Monaco est une \u00e9quipe qui joue rapidement vers l\u2019avant. Ils n\u2019ont pas \u00e9norm\u00e9ment de phases de possession comme le PSG, mais ils jouent verticalement et ils sont tr\u00e8s dangereux pour \u00e7a. Ce sera difficile, on les a vus contre Paris, o\u00f9 ils ont fait un tr\u00e8s bon match. \u00c0 nous de mettre les ingr\u00e9dients pour faire un r\u00e9sultat l\u00e0-bas.*\u00a0\u00bb<\/p>\n","protected":false},"excerpt":{"rendered":"<p>En conf\u00e9rence de presse, Bruno Irles a \u00e9voqu\u00e9 le d\u00e9placement \u00e0 venir en Principaut\u00e9. Avec lui, Rony Lopes et Tristan Dingom\u00e9 compl\u00e8teront le contingent d\u2019anciens Mon\u00e9gasques, mais ce n\u2019est pas pour autant qu\u2019ils d\u00e9buteront la rencontre : \u00ab\u00a0*J\u2019ai encore quelques points d\u2019interrogations sur certains joueurs. Mais mon objectif est sur la saison et ce n\u2019est [&#8230;]\n","protected":false},"author":1,"featured_media":0,"comment_status":"open","ping_status":"open","sticky":false,"template":"","format":"standard","meta":[],"categories":[6],"tags":[],"yoast_head":"<!-- This site is optimized with the Yoast SEO plugin v19.8 - https:\/\/yoast.com\/wordpress\/plugins\/seo\/ -->\n<title>Bruno Irles : \u00ab\u00a0J\u2019ai aim\u00e9 le match de Monaco \u00e0 Paris\u00a0\u00bb - La Diagonale<\/title>\n<meta name=\"robots\" content=\"index, follow, max-snippet:-1, max-image-preview:large, max-video-preview:-1\" \/>\n<link rel=\"canonical\" href=\"https:\/\/www.ladiagonale.net\/index.php\/2022\/08\/30\/bruno-irles-jai-aime-le-match-de-monaco-a-paris\/\" \/>\n<meta property=\"og:locale\" content=\"fr_FR\" \/>\n<meta property=\"og:type\" content=\"article\" \/>\n<meta property=\"og:title\" content=\"Bruno Irles : \u00ab\u00a0J\u2019ai aim\u00e9 le match de Monaco \u00e0 Paris\u00a0\u00bb - La Diagonale\" \/>\n<meta property=\"og:description\" content=\"En conf\u00e9rence de presse, Bruno Irles a \u00e9voqu\u00e9 le d\u00e9placement \u00e0 venir en Principaut\u00e9. Avec lui, Rony Lopes et Tristan Dingom\u00e9 compl\u00e8teront le contingent d\u2019anciens Mon\u00e9gasques, mais ce n\u2019est pas pour autant qu\u2019ils d\u00e9buteront la rencontre : \u00ab\u00a0*J\u2019ai encore quelques points d\u2019interrogations sur certains joueurs. Mais mon objectif est sur la saison et ce n\u2019est [...]\" \/>\n<meta property=\"og:url\" content=\"https:\/\/www.ladiagonale.net\/index.php\/2022\/08\/30\/bruno-irles-jai-aime-le-match-de-monaco-a-paris\/\" \/>\n<meta property=\"og:site_name\" content=\"La Diagonale\" \/>\n<meta property=\"article:published_time\" content=\"2022-08-29T22:00:00+00:00\" \/>\n<meta name=\"author\" content=\"admin\" \/>\n<meta name=\"twitter:card\" content=\"summary_large_image\" \/>\n<meta name=\"twitter:label1\" content=\"\u00c9crit par\" \/>\n\t<meta name=\"twitter:data1\" content=\"admin\" \/>\n\t<meta name=\"twitter:label2\" content=\"Dur\u00e9e de lecture estim\u00e9e\" \/>\n\t<meta name=\"twitter:data2\" content=\"1 minute\" \/>\n<script type=\"application\/ld+json\" class=\"yoast-schema-graph\">{\"@context\":\"https:\/\/schema.org\",\"@graph\":[{\"@type\":\"WebPage\",\"@id\":\"https:\/\/www.ladiagonale.net\/index.php\/2022\/08\/30\/bruno-irles-jai-aime-le-match-de-monaco-a-paris\/\",\"url\":\"https:\/\/www.ladiagonale.net\/index.php\/2022\/08\/30\/bruno-irles-jai-aime-le-match-de-monaco-a-paris\/\",\"name\":\"Bruno Irles : \u00ab\u00a0J\u2019ai aim\u00e9 le match de Monaco \u00e0 Paris\u00a0\u00bb - La Diagonale\",\"isPartOf\":{\"@id\":\"https:\/\/www.ladiagonale.net\/#website\"},\"datePublished\":\"2022-08-29T22:00:00+00:00\",\"dateModified\":\"2022-08-29T22:00:00+00:00\",\"author\":{\"@id\":\"https:\/\/www.ladiagonale.net\/#\/schema\/person\/03fa041acd51875ece8bf97a37252a4d\"},\"breadcrumb\":{\"@id\":\"https:\/\/www.ladiagonale.net\/index.php\/2022\/08\/30\/bruno-irles-jai-aime-le-match-de-monaco-a-paris\/#breadcrumb\"},\"inLanguage\":\"fr-FR\",\"potentialAction\":[{\"@type\":\"ReadAction\",\"target\":[\"https:\/\/www.ladiagonale.net\/index.php\/2022\/08\/30\/bruno-irles-jai-aime-le-match-de-monaco-a-paris\/\"]}]},{\"@type\":\"BreadcrumbList\",\"@id\":\"https:\/\/www.ladiagonale.net\/index.php\/2022\/08\/30\/bruno-irles-jai-aime-le-match-de-monaco-a-paris\/#breadcrumb\",\"itemListElement\":[{\"@type\":\"ListItem\",\"position\":1,\"name\":\"Accueil\",\"item\":\"https:\/\/www.ladiagonale.net\/\"},{\"@type\":\"ListItem\",\"position\":2,\"name\":\"Bruno Irles : \u00ab\u00a0J\u2019ai aim\u00e9 le match de Monaco \u00e0 Paris\u00a0\u00bb\"}]},{\"@type\":\"WebSite\",\"@id\":\"https:\/\/www.ladiagonale.net\/#website\",\"url\":\"https:\/\/www.ladiagonale.net\/\",\"name\":\"La Diagonale\",\"description\":\"Le site des supporters de l&#039;AS Monaco FC\",\"potentialAction\":[{\"@type\":\"SearchAction\",\"target\":{\"@type\":\"EntryPoint\",\"urlTemplate\":\"https:\/\/www.ladiagonale.net\/?s={search_term_string}\"},\"query-input\":\"required name=search_term_string\"}],\"inLanguage\":\"fr-FR\"},{\"@type\":\"Person\",\"@id\":\"https:\/\/www.ladiagonale.net\/#\/schema\/person\/03fa041acd51875ece8bf97a37252a4d\",\"name\":\"admin\",\"image\":{\"@type\":\"ImageObject\",\"inLanguage\":\"fr-FR\",\"@id\":\"https:\/\/www.ladiagonale.net\/#\/schema\/person\/image\/\",\"url\":\"https:\/\/secure.gravatar.com\/avatar\/894b9daaf19cc759b072b6bb09cac5f2?s=96&d=mm&r=g\",\"contentUrl\":\"https:\/\/secure.gravatar.com\/avatar\/894b9daaf19cc759b072b6bb09cac5f2?s=96&d=mm&r=g\",\"caption\":\"admin\"},\"sameAs\":[\"https:\/\/v2.ladiagonale.net\"],\"url\":\"https:\/\/www.ladiagonale.net\/index.php\/author\/admin\/\"}]}<\/script>\n<!-- \/ Yoast SEO plugin. -->","yoast_head_json":{"title":"Bruno Irles : \u00ab\u00a0J\u2019ai aim\u00e9 le match de Monaco \u00e0 Paris\u00a0\u00bb - La Diagonale","robots":{"index":"index","follow":"follow","max-snippet":"max-snippet:-1","max-image-preview":"max-image-preview:large","max-video-preview":"max-video-preview:-1"},"canonical":"https:\/\/www.ladiagonale.net\/index.php\/2022\/08\/30\/bruno-irles-jai-aime-le-match-de-monaco-a-paris\/","og_locale":"fr_FR","og_type":"article","og_title":"Bruno Irles : \u00ab\u00a0J\u2019ai aim\u00e9 le match de Monaco \u00e0 Paris\u00a0\u00bb - La Diagonale","og_description":"En conf\u00e9rence de presse, Bruno Irles a \u00e9voqu\u00e9 le d\u00e9placement \u00e0 venir en Principaut\u00e9. Avec lui, Rony Lopes et Tristan Dingom\u00e9 compl\u00e8teront le contingent d\u2019anciens Mon\u00e9gasques, mais ce n\u2019est pas pour autant qu\u2019ils d\u00e9buteront la rencontre : \u00ab\u00a0*J\u2019ai encore quelques points d\u2019interrogations sur certains joueurs. Mais mon objectif est sur la saison et ce n\u2019est [...]","og_url":"https:\/\/www.ladiagonale.net\/index.php\/2022\/08\/30\/bruno-irles-jai-aime-le-match-de-monaco-a-paris\/","og_site_name":"La Diagonale","article_published_time":"2022-08-29T22:00:00+00:00","author":"admin","twitter_card":"summary_large_image","twitter_misc":{"\u00c9crit par":"admin","Dur\u00e9e de lecture estim\u00e9e":"1 minute"},"schema":{"@context":"https:\/\/schema.org","@graph":[{"@type":"WebPage","@id":"https:\/\/www.ladiagonale.net\/index.php\/2022\/08\/30\/bruno-irles-jai-aime-le-match-de-monaco-a-paris\/","url":"https:\/\/www.ladiagonale.net\/index.php\/2022\/08\/30\/bruno-irles-jai-aime-le-match-de-monaco-a-paris\/","name":"Bruno Irles : \u00ab\u00a0J\u2019ai aim\u00e9 le match de Monaco \u00e0 Paris\u00a0\u00bb - La Diagonale","isPartOf":{"@id":"https:\/\/www.ladiagonale.net\/#website"},"datePublished":"2022-08-29T22:00:00+00:00","dateModified":"2022-08-29T22:00:00+00:00","author":{"@id":"https:\/\/www.ladiagonale.net\/#\/schema\/person\/03fa041acd51875ece8bf97a37252a4d"},"breadcrumb":{"@id":"https:\/\/www.ladiagonale.net\/index.php\/2022\/08\/30\/bruno-irles-jai-aime-le-match-de-monaco-a-paris\/#breadcrumb"},"inLanguage":"fr-FR","potentialAction":[{"@type":"ReadAction","target":["https:\/\/www.ladiagonale.net\/index.php\/2022\/08\/30\/bruno-irles-jai-aime-le-match-de-monaco-a-paris\/"]}]},{"@type":"BreadcrumbList","@id":"https:\/\/www.ladiagonale.net\/index.php\/2022\/08\/30\/bruno-irles-jai-aime-le-match-de-monaco-a-paris\/#breadcrumb","itemListElement":[{"@type":"ListItem","position":1,"name":"Accueil","item":"https:\/\/www.ladiagonale.net\/"},{"@type":"ListItem","position":2,"name":"Bruno Irles : \u00ab\u00a0J\u2019ai aim\u00e9 le match de Monaco \u00e0 Paris\u00a0\u00bb"}]},{"@type":"WebSite","@id":"https:\/\/www.ladiagonale.net\/#website","url":"https:\/\/www.ladiagonale.net\/","name":"La Diagonale","description":"Le site des supporters de l&#039;AS Monaco FC","potentialAction":[{"@type":"SearchAction","target":{"@type":"EntryPoint","urlTemplate":"https:\/\/www.ladiagonale.net\/?s={search_term_string}"},"query-input":"required name=search_term_string"}],"inLanguage":"fr-FR"},{"@type":"Person","@id":"https:\/\/www.ladiagonale.net\/#\/schema\/person\/03fa041acd51875ece8bf97a37252a4d","name":"admin","image":{"@type":"ImageObject","inLanguage":"fr-FR","@id":"https:\/\/www.ladiagonale.net\/#\/schema\/person\/image\/","url":"https:\/\/secure.gravatar.com\/avatar\/894b9daaf19cc759b072b6bb09cac5f2?s=96&d=mm&r=g","contentUrl":"https:\/\/secure.gravatar.com\/avatar\/894b9daaf19cc759b072b6bb09cac5f2?s=96&d=mm&r=g","caption":"admin"},"sameAs":["https:\/\/v2.ladiagonale.net"],"url":"https:\/\/www.ladiagonale.net\/index.php\/author\/admin\/"}]}},"_links":{"self":[{"href":"https:\/\/www.ladiagonale.net\/index.php\/wp-json\/wp\/v2\/posts\/4250"}],"collection":[{"href":"https:\/\/www.ladiagonale.net\/index.php\/wp-json\/wp\/v2\/posts"}],"about":[{"href":"https:\/\/www.ladiagonale.net\/index.php\/wp-json\/wp\/v2\/types\/post"}],"author":[{"embeddable":true,"href":"https:\/\/www.ladiagonale.net\/index.php\/wp-json\/wp\/v2\/users\/1"}],"replies":[{"embeddable":true,"href":"https:\/\/www.ladiagonale.net\/index.php\/wp-json\/wp\/v2\/comments?post=4250"}],"version-history":[{"count":0,"href":"https:\/\/www.ladiagonale.net\/index.php\/wp-json\/wp\/v2\/posts\/4250\/revisions"}],"wp:attachment":[{"href":"https:\/\/www.ladiagonale.net\/index.php\/wp-json\/wp\/v2\/media?parent=4250"}],"wp:term":[{"taxonomy":"category","embeddable":true,"href":"https:\/\/www.ladiagonale.net\/index.php\/wp-json\/wp\/v2\/categories?post=4250"},{"taxonomy":"post_tag","embeddable":true,"href":"https:\/\/www.ladiagonale.net\/index.php\/wp-json\/wp\/v2\/tags?post=4250"}],"curies":[{"name":"wp","href":"https:\/\/api.w.org\/{rel}","templated":true}]}}