{"id":4258,"date":"2022-08-31T00:00:00","date_gmt":"2022-08-30T22:00:00","guid":{"rendered":"https:\/\/www.ladiagonale.net\/index.php\/2022\/08\/31\/ca-devient-inquietant\/"},"modified":"2022-08-31T00:00:00","modified_gmt":"2022-08-30T22:00:00","slug":"ca-devient-inquietant","status":"publish","type":"post","link":"https:\/\/www.ladiagonale.net\/index.php\/2022\/08\/31\/ca-devient-inquietant\/","title":{"rendered":"\u00c7a devient inqui\u00e9tant"},"content":{"rendered":"<p>Pour la cinqui\u00e8me journ\u00e9e de Ligue 1 et la r\u00e9ception de Troyes, Monaco a conc\u00e9d\u00e9 un deuxi\u00e8me revers sur sa pelouse (2-4) apr\u00e8s celui subi contre Lens. Entre les errements d\u00e9fensifs du collectif as\u00e9miste et les d\u00e9cisions arbitrales en sa d\u00e9faveur, la situation de l\u2019ASM commence \u00e0 interpeller et la prestation r\u00e9alis\u00e9e au Parc des Princes dimanche dernier appara\u00eet en trompe l\u2019\u0153il.<\/p>\n<p> La feuille de match<\/p>\n<p>*Buts :Maripan (10e), Fofana (63e) pour Monaco ; Tardieu (23e), Odobert (45e+3), M. Bald\u00e9 (49e), Salmier (78e) pour Troyes.<\/p>\n<p>*Avertissements :Maripan (21e, 45e), Aguilar (49e) pour l\u2019AS Monaco ; Palmer-Brown (58e) pour Troyes.<\/p>\n<p>*Expulsion :Maripan (45e) pour Monaco.<\/p>\n<p>AS Monaco : N\u00fcbel \u2013 Vanderson (Aguilar, 46e), Disasi, Maripan, Sarr (Badiashile, 46e), Jakobs \u2013 Camara (Jean Lucas, 81e), Fofana \u2013 Minamino (Golovin, 46e) \u2013 Embolo, Ben Yedder (Diatta, 53e).<\/p>\n<p>ESTAC Troyes : Gallon \u2013 Porozo, T. Bald\u00e9, Palmer Brown, Salmier, Ripart (R. Lopes, 64e)  \u2013 Odobert (Chavalerin, 71e), Kouam\u00e9, Tardieu (Dingom\u00e9, 85e), Yade (Larouci (64e) \u2013 M. Bald\u00e9 (Ugbo, 71e). <\/p>\n<p> Le match<\/p>\n<p>Trois jours apr\u00e8s son r\u00e9sultat au Parc des Princes et avant un derby \u00e0 Nice qui s\u2019annonce d\u00e9j\u00e0 tendu entre deux \u00e9quipes en mal de points, Philippe Clement avait d\u00e9cid\u00e9 de proc\u00e9der \u00e0 plusieurs changements, qui pouvaient appara\u00eetre logiques, surtout face \u00e0 une \u00e9quipe r\u00e9put\u00e9e plus faible. Il a cependant reconduit une d\u00e9fense avec trois axiaux mais a pr\u00e9f\u00e9r\u00e9 Malang Sarr \u00e0 Beno\u00eet Badiashile. Sur les c\u00f4t\u00e9s, Vanderson et Jakobs officiaient dans un r\u00f4le de piston. Au milieu de terrain, le Belge a laiss\u00e9 la paire Fofana-Camara mais il a en revanche fait du changement devant, notamment contraint par le blessure et l\u2019absence de Volland. Ainsi, Minamino se voyait accorder une chance de se relancer avec Embolo et Ben Yedder. Ce dernier, toujours muet en Ligue 1, pouvait aussi esp\u00e9rer inverser la tendance.<\/p>\n<p>L\u2019ASM a d\u00e9marr\u00e9 la rencontre par le bon bout, avec une premi\u00e8re alerte sur le but de Gallon apr\u00e8s un bon centre de Ben Yedder qu\u2019Embolo n\u2019a pu reprendre correctement (3e). Ce n\u2019\u00e9tait que partie remise pour Monaco, qui a pris les devants gr\u00e2ce au coup de casque de Maripan sur un corner de Minamino (10e). Monaco se projette rapidement, \u00e0 l\u2019image d\u2019un Fofana souvent haut sur le terrain et Embolo p\u00eache par altruisme. Mais l\u2019ESTAC a montr\u00e9 qu\u2019il ne fallait pas compter sur elle pour se laisser faire et a r\u00e9agi. Ripart a oblig\u00e9 N\u00fcbel \u00e0 une premi\u00e8re parade (18e). Le corner obtenu par les joueurs de l\u2019Aube a donn\u00e9 lieu \u00e0 une premi\u00e8re situation litigieuse, Maripan touchant le pied gauche de Mama Bald\u00e9. Apr\u00e8s visionnage de la VAR, Ruddy Buquet a indiqu\u00e9 le point de p\u00e9nalty et Tardieu a transform\u00e9 aussi sec (23e). Un premier tournant que les joueurs de Bruno Irles vont bien exploiter en se montrant opportunistes. Sur un duel, le bras de Maripan touche Tardieu au visage, qui en rajoute et s\u2019\u00e9croule. Maripan est exclu (45e) et pour la troisi\u00e8me fois en cinq rencontres, l\u2019ASM doit finir la partie en inf\u00e9riorit\u00e9 num\u00e9rique. Sonn\u00e9s et apathiques, les As\u00e9mistes encaissent un second but par Odobert avant le retour aux vestiaires (45e+3).<\/p>\n<p>Si les Mon\u00e9gasques avaient \u00e9t\u00e9 en mesure de r\u00e9agir et avaient affich\u00e9 un bon visage face \u00e0 Rennes malgr\u00e9 l\u2019inf\u00e9riorit\u00e9 num\u00e9rique, cette fois, il n\u2019en a rien \u00e9t\u00e9, et ce malgr\u00e9 les trois changements op\u00e9r\u00e9s par Philippe Clement d\u00e8s le retour des vestiaires. Les Troyens ont fait le break sur une superbe reprise de vol\u00e9e de Mama Bald\u00e9 qui a transperc\u00e9 toute la d\u00e9fense et laiss\u00e9 N\u00fcbel impuissant (49e). Tout de suite apr\u00e8s, l\u2019international bissaoguin\u00e9en s\u2019est rapidement retrouv\u00e9 dans une position favorable dans la surface mais n\u2019a pu armer, g\u00ean\u00e9 par la d\u00e9viation du ballon provoqu\u00e9e par Badiashile (52e), puis c\u2019est N\u00fcbel qui a soulag\u00e9 la d\u00e9fense en coupant un centre dangereux de Tierno Bald\u00e9. Les Rouge et Blanc ont r\u00e9agi timidement, avec une frappe de Golovin (54e) puis de Camara (63e). Sur un nouveau corner, Monaco a repris espoir avec le premier but de la saison de Fofana (63e). Une embellie de courte dur\u00e9e et une fin de match \u00e0 sens unique. N\u00fcbel a repouss\u00e9 l\u2019\u00e9ch\u00e9ance par deux parades (74e et 77e) mais a d\u00fb s\u2019incliner une quatri\u00e8me fois devant Salmier (78e). <\/p>\n<p>Si l\u2019ASM peut l\u00e9gitimement pester contre l\u2019arbitrage, cela ne doit pas faire oublier ses errements d\u00e9fensifs et son laxisme face aux attaques troyennes. On pourra \u00e9galement se questionner sur l\u2019animation offensive de l\u2019\u00e9quipe de Philippe Clement, qui marque beaucoup sur phases arr\u00eat\u00e9es mais relativement peu dans le jeu. Face au PSG, les occasions ont \u00e9t\u00e9 rares mais face \u00e0 Troyes, l&rsquo;ASM a eu du mal \u00e0 se montrer dangereuse. Si un gain en efficacit\u00e9 est toujours possible, on ne voit pas un Monaco dominant non plus depuis la reprise du championnat. Il faudra vite corriger le tir \u00e0 La Turbie car les doutes et les interrogations comment \u00e0 se multiplier rapidement.<\/p>\n<p> La d\u00e9claration<\/p>\n<p>Paul Mitchell : \u00abJe suis contrari\u00e9 par beaucoup de choses ce soir. L&rsquo;un des points les plus marquants est sans aucun doute certaines d\u00e9cisions arbitrales. Elles deviennent trop constantes. On a l&rsquo;impression que c&rsquo;est toujours nous qui sommes du mauvais c\u00f4t\u00e9 de chaque d\u00e9cision.\u00bb<\/p>\n<p>Photo :AS Monaco*<\/p>\n","protected":false},"excerpt":{"rendered":"<p>Pour la cinqui\u00e8me journ\u00e9e de Ligue 1 et la r\u00e9ception de Troyes, Monaco a conc\u00e9d\u00e9 un deuxi\u00e8me revers sur sa pelouse (2-4) apr\u00e8s celui subi contre Lens. Entre les errements d\u00e9fensifs du collectif as\u00e9miste et les d\u00e9cisions arbitrales en sa d\u00e9faveur, la situation de l\u2019ASM commence \u00e0 interpeller et la prestation r\u00e9alis\u00e9e au Parc des [&#8230;]\n","protected":false},"author":1,"featured_media":0,"comment_status":"open","ping_status":"open","sticky":false,"template":"","format":"standard","meta":[],"categories":[6],"tags":[],"yoast_head":"<!-- This site is optimized with the Yoast SEO plugin v19.8 - https:\/\/yoast.com\/wordpress\/plugins\/seo\/ -->\n<title>\u00c7a devient inqui\u00e9tant - La Diagonale<\/title>\n<meta name=\"robots\" content=\"index, follow, max-snippet:-1, max-image-preview:large, max-video-preview:-1\" \/>\n<link rel=\"canonical\" href=\"https:\/\/www.ladiagonale.net\/index.php\/2022\/08\/31\/ca-devient-inquietant\/\" \/>\n<meta property=\"og:locale\" content=\"fr_FR\" \/>\n<meta property=\"og:type\" content=\"article\" \/>\n<meta property=\"og:title\" content=\"\u00c7a devient inqui\u00e9tant - La Diagonale\" \/>\n<meta property=\"og:description\" content=\"Pour la cinqui\u00e8me journ\u00e9e de Ligue 1 et la r\u00e9ception de Troyes, Monaco a conc\u00e9d\u00e9 un deuxi\u00e8me revers sur sa pelouse (2-4) apr\u00e8s celui subi contre Lens. Entre les errements d\u00e9fensifs du collectif as\u00e9miste et les d\u00e9cisions arbitrales en sa d\u00e9faveur, la situation de l\u2019ASM commence \u00e0 interpeller et la prestation r\u00e9alis\u00e9e au Parc des [...]\" \/>\n<meta property=\"og:url\" content=\"https:\/\/www.ladiagonale.net\/index.php\/2022\/08\/31\/ca-devient-inquietant\/\" \/>\n<meta property=\"og:site_name\" content=\"La Diagonale\" \/>\n<meta property=\"article:published_time\" content=\"2022-08-30T22:00:00+00:00\" \/>\n<meta name=\"author\" content=\"admin\" \/>\n<meta name=\"twitter:card\" content=\"summary_large_image\" \/>\n<meta name=\"twitter:label1\" content=\"\u00c9crit par\" \/>\n\t<meta name=\"twitter:data1\" content=\"admin\" \/>\n\t<meta name=\"twitter:label2\" content=\"Dur\u00e9e de lecture estim\u00e9e\" \/>\n\t<meta name=\"twitter:data2\" content=\"5 minutes\" \/>\n<script type=\"application\/ld+json\" class=\"yoast-schema-graph\">{\"@context\":\"https:\/\/schema.org\",\"@graph\":[{\"@type\":\"WebPage\",\"@id\":\"https:\/\/www.ladiagonale.net\/index.php\/2022\/08\/31\/ca-devient-inquietant\/\",\"url\":\"https:\/\/www.ladiagonale.net\/index.php\/2022\/08\/31\/ca-devient-inquietant\/\",\"name\":\"\u00c7a devient inqui\u00e9tant - La Diagonale\",\"isPartOf\":{\"@id\":\"https:\/\/www.ladiagonale.net\/#website\"},\"datePublished\":\"2022-08-30T22:00:00+00:00\",\"dateModified\":\"2022-08-30T22:00:00+00:00\",\"author\":{\"@id\":\"https:\/\/www.ladiagonale.net\/#\/schema\/person\/03fa041acd51875ece8bf97a37252a4d\"},\"breadcrumb\":{\"@id\":\"https:\/\/www.ladiagonale.net\/index.php\/2022\/08\/31\/ca-devient-inquietant\/#breadcrumb\"},\"inLanguage\":\"fr-FR\",\"potentialAction\":[{\"@type\":\"ReadAction\",\"target\":[\"https:\/\/www.ladiagonale.net\/index.php\/2022\/08\/31\/ca-devient-inquietant\/\"]}]},{\"@type\":\"BreadcrumbList\",\"@id\":\"https:\/\/www.ladiagonale.net\/index.php\/2022\/08\/31\/ca-devient-inquietant\/#breadcrumb\",\"itemListElement\":[{\"@type\":\"ListItem\",\"position\":1,\"name\":\"Accueil\",\"item\":\"https:\/\/www.ladiagonale.net\/\"},{\"@type\":\"ListItem\",\"position\":2,\"name\":\"\u00c7a devient inqui\u00e9tant\"}]},{\"@type\":\"WebSite\",\"@id\":\"https:\/\/www.ladiagonale.net\/#website\",\"url\":\"https:\/\/www.ladiagonale.net\/\",\"name\":\"La Diagonale\",\"description\":\"Le site des supporters de l&#039;AS Monaco FC\",\"potentialAction\":[{\"@type\":\"SearchAction\",\"target\":{\"@type\":\"EntryPoint\",\"urlTemplate\":\"https:\/\/www.ladiagonale.net\/?s={search_term_string}\"},\"query-input\":\"required name=search_term_string\"}],\"inLanguage\":\"fr-FR\"},{\"@type\":\"Person\",\"@id\":\"https:\/\/www.ladiagonale.net\/#\/schema\/person\/03fa041acd51875ece8bf97a37252a4d\",\"name\":\"admin\",\"image\":{\"@type\":\"ImageObject\",\"inLanguage\":\"fr-FR\",\"@id\":\"https:\/\/www.ladiagonale.net\/#\/schema\/person\/image\/\",\"url\":\"https:\/\/secure.gravatar.com\/avatar\/894b9daaf19cc759b072b6bb09cac5f2?s=96&d=mm&r=g\",\"contentUrl\":\"https:\/\/secure.gravatar.com\/avatar\/894b9daaf19cc759b072b6bb09cac5f2?s=96&d=mm&r=g\",\"caption\":\"admin\"},\"sameAs\":[\"https:\/\/v2.ladiagonale.net\"],\"url\":\"https:\/\/www.ladiagonale.net\/index.php\/author\/admin\/\"}]}<\/script>\n<!-- \/ Yoast SEO plugin. -->","yoast_head_json":{"title":"\u00c7a devient inqui\u00e9tant - La Diagonale","robots":{"index":"index","follow":"follow","max-snippet":"max-snippet:-1","max-image-preview":"max-image-preview:large","max-video-preview":"max-video-preview:-1"},"canonical":"https:\/\/www.ladiagonale.net\/index.php\/2022\/08\/31\/ca-devient-inquietant\/","og_locale":"fr_FR","og_type":"article","og_title":"\u00c7a devient inqui\u00e9tant - La Diagonale","og_description":"Pour la cinqui\u00e8me journ\u00e9e de Ligue 1 et la r\u00e9ception de Troyes, Monaco a conc\u00e9d\u00e9 un deuxi\u00e8me revers sur sa pelouse (2-4) apr\u00e8s celui subi contre Lens. Entre les errements d\u00e9fensifs du collectif as\u00e9miste et les d\u00e9cisions arbitrales en sa d\u00e9faveur, la situation de l\u2019ASM commence \u00e0 interpeller et la prestation r\u00e9alis\u00e9e au Parc des [...]","og_url":"https:\/\/www.ladiagonale.net\/index.php\/2022\/08\/31\/ca-devient-inquietant\/","og_site_name":"La Diagonale","article_published_time":"2022-08-30T22:00:00+00:00","author":"admin","twitter_card":"summary_large_image","twitter_misc":{"\u00c9crit par":"admin","Dur\u00e9e de lecture estim\u00e9e":"5 minutes"},"schema":{"@context":"https:\/\/schema.org","@graph":[{"@type":"WebPage","@id":"https:\/\/www.ladiagonale.net\/index.php\/2022\/08\/31\/ca-devient-inquietant\/","url":"https:\/\/www.ladiagonale.net\/index.php\/2022\/08\/31\/ca-devient-inquietant\/","name":"\u00c7a devient inqui\u00e9tant - La Diagonale","isPartOf":{"@id":"https:\/\/www.ladiagonale.net\/#website"},"datePublished":"2022-08-30T22:00:00+00:00","dateModified":"2022-08-30T22:00:00+00:00","author":{"@id":"https:\/\/www.ladiagonale.net\/#\/schema\/person\/03fa041acd51875ece8bf97a37252a4d"},"breadcrumb":{"@id":"https:\/\/www.ladiagonale.net\/index.php\/2022\/08\/31\/ca-devient-inquietant\/#breadcrumb"},"inLanguage":"fr-FR","potentialAction":[{"@type":"ReadAction","target":["https:\/\/www.ladiagonale.net\/index.php\/2022\/08\/31\/ca-devient-inquietant\/"]}]},{"@type":"BreadcrumbList","@id":"https:\/\/www.ladiagonale.net\/index.php\/2022\/08\/31\/ca-devient-inquietant\/#breadcrumb","itemListElement":[{"@type":"ListItem","position":1,"name":"Accueil","item":"https:\/\/www.ladiagonale.net\/"},{"@type":"ListItem","position":2,"name":"\u00c7a devient inqui\u00e9tant"}]},{"@type":"WebSite","@id":"https:\/\/www.ladiagonale.net\/#website","url":"https:\/\/www.ladiagonale.net\/","name":"La Diagonale","description":"Le site des supporters de l&#039;AS Monaco FC","potentialAction":[{"@type":"SearchAction","target":{"@type":"EntryPoint","urlTemplate":"https:\/\/www.ladiagonale.net\/?s={search_term_string}"},"query-input":"required name=search_term_string"}],"inLanguage":"fr-FR"},{"@type":"Person","@id":"https:\/\/www.ladiagonale.net\/#\/schema\/person\/03fa041acd51875ece8bf97a37252a4d","name":"admin","image":{"@type":"ImageObject","inLanguage":"fr-FR","@id":"https:\/\/www.ladiagonale.net\/#\/schema\/person\/image\/","url":"https:\/\/secure.gravatar.com\/avatar\/894b9daaf19cc759b072b6bb09cac5f2?s=96&d=mm&r=g","contentUrl":"https:\/\/secure.gravatar.com\/avatar\/894b9daaf19cc759b072b6bb09cac5f2?s=96&d=mm&r=g","caption":"admin"},"sameAs":["https:\/\/v2.ladiagonale.net"],"url":"https:\/\/www.ladiagonale.net\/index.php\/author\/admin\/"}]}},"_links":{"self":[{"href":"https:\/\/www.ladiagonale.net\/index.php\/wp-json\/wp\/v2\/posts\/4258"}],"collection":[{"href":"https:\/\/www.ladiagonale.net\/index.php\/wp-json\/wp\/v2\/posts"}],"about":[{"href":"https:\/\/www.ladiagonale.net\/index.php\/wp-json\/wp\/v2\/types\/post"}],"author":[{"embeddable":true,"href":"https:\/\/www.ladiagonale.net\/index.php\/wp-json\/wp\/v2\/users\/1"}],"replies":[{"embeddable":true,"href":"https:\/\/www.ladiagonale.net\/index.php\/wp-json\/wp\/v2\/comments?post=4258"}],"version-history":[{"count":0,"href":"https:\/\/www.ladiagonale.net\/index.php\/wp-json\/wp\/v2\/posts\/4258\/revisions"}],"wp:attachment":[{"href":"https:\/\/www.ladiagonale.net\/index.php\/wp-json\/wp\/v2\/media?parent=4258"}],"wp:term":[{"taxonomy":"category","embeddable":true,"href":"https:\/\/www.ladiagonale.net\/index.php\/wp-json\/wp\/v2\/categories?post=4258"},{"taxonomy":"post_tag","embeddable":true,"href":"https:\/\/www.ladiagonale.net\/index.php\/wp-json\/wp\/v2\/tags?post=4258"}],"curies":[{"name":"wp","href":"https:\/\/api.w.org\/{rel}","templated":true}]}}