{"id":4259,"date":"2022-09-01T00:00:00","date_gmt":"2022-08-31T22:00:00","guid":{"rendered":"https:\/\/www.ladiagonale.net\/index.php\/2022\/09\/01\/mitchell-les-arbitres-ne-sont-pas-au-niveau\/"},"modified":"2024-01-29T19:01:49","modified_gmt":"2024-01-29T18:01:49","slug":"mitchell-les-arbitres-ne-sont-pas-au-niveau","status":"publish","type":"post","link":"https:\/\/www.ladiagonale.net\/index.php\/2022\/09\/01\/mitchell-les-arbitres-ne-sont-pas-au-niveau\/","title":{"rendered":"Mitchell : \u00ab\u00a0Les arbitres ne sont pas au niveau\u00a0\u00bb"},"content":{"rendered":"\n\n\n<p>Ce n\u2019est pas dans ses habitudes mais Paul Mitchell \u00e9tait pr\u00e9sent en zone mixte pour s\u2019exprimer sur la d\u00e9faite de l\u2019AS Monaco et l\u2019arbitrage. Et le moins qu\u2019on puisse dire, c\u2019est que le Directeur sportif n\u2019est vraiment pas content, comme relay\u00e9 par <a href=\"https:\/\/www.getfootballnewsfrance.com\/2022\/paul-mitchell-the-officiating-isnt-good-enough-for-this-level-of-football\/\">getfootballnewsfrance<\/a> : \u00ab&nbsp;<em>Je n&rsquo;aime pas vraiment sortir et parler autant. Je ne sors jamais apr\u00e8s les matchs, mais je pense que c&rsquo;est le bon moment pour parler, surtout de l&rsquo;arbitrage de ce soir, et d\u00e9j\u00e0 en d\u00e9but de saison. (\u2026) Je suis contrari\u00e9 par beaucoup de choses ce soir et surtout par les d\u00e9cisions arbitrales. Elles deviennent trop r\u00e9p\u00e9titives. On a l&rsquo;impression que c&rsquo;est toujours nous qui sommes du mauvais c\u00f4t\u00e9 du manche. Tout ce que nous demandons, c&rsquo;est de la coh\u00e9rence et de l\u2019\u00e9quit\u00e9<\/em>&nbsp;\u00bb, a r\u00e9clam\u00e9 Mitchell.<\/p>\n\n\n\n<p>L\u2019Anglais a expliqu\u00e9 avoir contact\u00e9 la LFP pour tenter d\u2019\u00e9changer de mani\u00e8re constructive sur la question : \u00ab&nbsp;<em>Nous avons \u00e9crit \u00e0 la Ligue cette semaine, nous leur avons fait savoir en conf\u00e9rence de presse que nous \u00e9tions ouverts \u00e0 la discussion. Certains d&rsquo;entre nous sont d&rsquo;anciens joueurs, d&rsquo;autres sont dans le football depuis longtemps. Je suis s\u00fbr que nous pouvons apporter de la valeur et j&rsquo;ai l&rsquo;impression que l&rsquo;on n&rsquo;en veut pas. Donc lorsque vous obtenez des d\u00e9cisions comme celles qui ont \u00e9t\u00e9 prises contre nous ce soir, bien s\u00fbr que nous sommes d\u00e9\u00e7us et en col\u00e8re. (\u2026) Oui, je suis plut\u00f4t en col\u00e8re pour \u00eatre tout \u00e0 fait honn\u00eate.<\/em>&nbsp;\u00bb<\/p>\n\n\n\n<p>Mitchell a continu\u00e9 sur le m\u00eame mode, estimant que les arbitres fran\u00e7ais n\u2019avaient tout simplement pas le niveau : \u00ab&nbsp;<em>L&rsquo;arbitrage, comme nous en avons parl\u00e9, n&rsquo;est pas assez bon pour ce niveau de football, il n&rsquo;est pas assez bon pour le produit que le football fran\u00e7ais doit \u00eatre et doit devenir afin de nous maintenir au sommet du football europ\u00e9en. Ces \u00e9l\u00e9ments font la diff\u00e9rence. (\u2026) Nous avons vu 11 cartons rouges la semaine derni\u00e8re. Si ce n&rsquo;est pas une preuve que quelque chose doit \u00eatre revu, que les processus doivent \u00eatre \u00e9valu\u00e9s, que la responsabilit\u00e9 doit \u00eatre prise, alors je ne sais pas ce que c&rsquo;est, car cela ruine le jeu. Cela le g\u00e2che pour les spectateurs, pour les athl\u00e8tes, pour les entra\u00eeneurs et pour les deux \u00e9quipes. Les bonnes \u00e9quipes veulent jouer \u00e0 11 contre 11.<\/em>&nbsp;\u00bb<\/p>\n","protected":false},"excerpt":{"rendered":"<p>Ce n\u2019est pas dans ses habitudes mais Paul Mitchell \u00e9tait pr\u00e9sent en zone mixte pour s\u2019exprimer sur la d\u00e9faite de l\u2019AS Monaco et l\u2019arbitrage. Et le moins qu\u2019on puisse dire, c\u2019est que le Directeur sportif n\u2019est vraiment pas content, comme relay\u00e9 par getfootballnewsfrance : \u00ab&nbsp;Je n&rsquo;aime pas vraiment sortir et parler autant. Je ne sors [&#8230;]\n","protected":false},"author":1,"featured_media":0,"comment_status":"open","ping_status":"open","sticky":false,"template":"","format":"standard","meta":[],"categories":[6],"tags":[],"yoast_head":"<!-- This site is optimized with the Yoast SEO plugin v19.8 - https:\/\/yoast.com\/wordpress\/plugins\/seo\/ -->\n<title>Mitchell : \u00ab\u00a0Les arbitres ne sont pas au niveau\u00a0\u00bb - La Diagonale<\/title>\n<meta name=\"robots\" content=\"index, follow, max-snippet:-1, max-image-preview:large, max-video-preview:-1\" \/>\n<link rel=\"canonical\" href=\"https:\/\/www.ladiagonale.net\/index.php\/2022\/09\/01\/mitchell-les-arbitres-ne-sont-pas-au-niveau\/\" \/>\n<meta property=\"og:locale\" content=\"fr_FR\" \/>\n<meta property=\"og:type\" content=\"article\" \/>\n<meta property=\"og:title\" content=\"Mitchell : \u00ab\u00a0Les arbitres ne sont pas au niveau\u00a0\u00bb - La Diagonale\" \/>\n<meta property=\"og:description\" content=\"Ce n\u2019est pas dans ses habitudes mais Paul Mitchell \u00e9tait pr\u00e9sent en zone mixte pour s\u2019exprimer sur la d\u00e9faite de l\u2019AS Monaco et l\u2019arbitrage. Et le moins qu\u2019on puisse dire, c\u2019est que le Directeur sportif n\u2019est vraiment pas content, comme relay\u00e9 par getfootballnewsfrance : \u00ab&nbsp;Je n&rsquo;aime pas vraiment sortir et parler autant. Je ne sors [...]\" \/>\n<meta property=\"og:url\" content=\"https:\/\/www.ladiagonale.net\/index.php\/2022\/09\/01\/mitchell-les-arbitres-ne-sont-pas-au-niveau\/\" \/>\n<meta property=\"og:site_name\" content=\"La Diagonale\" \/>\n<meta property=\"article:published_time\" content=\"2022-08-31T22:00:00+00:00\" \/>\n<meta property=\"article:modified_time\" content=\"2024-01-29T18:01:49+00:00\" \/>\n<meta name=\"author\" content=\"admin\" \/>\n<meta name=\"twitter:card\" content=\"summary_large_image\" \/>\n<meta name=\"twitter:label1\" content=\"\u00c9crit par\" \/>\n\t<meta name=\"twitter:data1\" content=\"admin\" \/>\n\t<meta name=\"twitter:label2\" content=\"Dur\u00e9e de lecture estim\u00e9e\" \/>\n\t<meta name=\"twitter:data2\" content=\"2 minutes\" \/>\n<script type=\"application\/ld+json\" class=\"yoast-schema-graph\">{\"@context\":\"https:\/\/schema.org\",\"@graph\":[{\"@type\":\"WebPage\",\"@id\":\"https:\/\/www.ladiagonale.net\/index.php\/2022\/09\/01\/mitchell-les-arbitres-ne-sont-pas-au-niveau\/\",\"url\":\"https:\/\/www.ladiagonale.net\/index.php\/2022\/09\/01\/mitchell-les-arbitres-ne-sont-pas-au-niveau\/\",\"name\":\"Mitchell : \u00ab\u00a0Les arbitres ne sont pas au niveau\u00a0\u00bb - La Diagonale\",\"isPartOf\":{\"@id\":\"https:\/\/www.ladiagonale.net\/#website\"},\"datePublished\":\"2022-08-31T22:00:00+00:00\",\"dateModified\":\"2024-01-29T18:01:49+00:00\",\"author\":{\"@id\":\"https:\/\/www.ladiagonale.net\/#\/schema\/person\/03fa041acd51875ece8bf97a37252a4d\"},\"breadcrumb\":{\"@id\":\"https:\/\/www.ladiagonale.net\/index.php\/2022\/09\/01\/mitchell-les-arbitres-ne-sont-pas-au-niveau\/#breadcrumb\"},\"inLanguage\":\"fr-FR\",\"potentialAction\":[{\"@type\":\"ReadAction\",\"target\":[\"https:\/\/www.ladiagonale.net\/index.php\/2022\/09\/01\/mitchell-les-arbitres-ne-sont-pas-au-niveau\/\"]}]},{\"@type\":\"BreadcrumbList\",\"@id\":\"https:\/\/www.ladiagonale.net\/index.php\/2022\/09\/01\/mitchell-les-arbitres-ne-sont-pas-au-niveau\/#breadcrumb\",\"itemListElement\":[{\"@type\":\"ListItem\",\"position\":1,\"name\":\"Accueil\",\"item\":\"https:\/\/www.ladiagonale.net\/\"},{\"@type\":\"ListItem\",\"position\":2,\"name\":\"Mitchell : \u00ab\u00a0Les arbitres ne sont pas au niveau\u00a0\u00bb\"}]},{\"@type\":\"WebSite\",\"@id\":\"https:\/\/www.ladiagonale.net\/#website\",\"url\":\"https:\/\/www.ladiagonale.net\/\",\"name\":\"La Diagonale\",\"description\":\"Le site des supporters de l&#039;AS Monaco FC\",\"potentialAction\":[{\"@type\":\"SearchAction\",\"target\":{\"@type\":\"EntryPoint\",\"urlTemplate\":\"https:\/\/www.ladiagonale.net\/?s={search_term_string}\"},\"query-input\":\"required name=search_term_string\"}],\"inLanguage\":\"fr-FR\"},{\"@type\":\"Person\",\"@id\":\"https:\/\/www.ladiagonale.net\/#\/schema\/person\/03fa041acd51875ece8bf97a37252a4d\",\"name\":\"admin\",\"image\":{\"@type\":\"ImageObject\",\"inLanguage\":\"fr-FR\",\"@id\":\"https:\/\/www.ladiagonale.net\/#\/schema\/person\/image\/\",\"url\":\"https:\/\/secure.gravatar.com\/avatar\/894b9daaf19cc759b072b6bb09cac5f2?s=96&d=mm&r=g\",\"contentUrl\":\"https:\/\/secure.gravatar.com\/avatar\/894b9daaf19cc759b072b6bb09cac5f2?s=96&d=mm&r=g\",\"caption\":\"admin\"},\"sameAs\":[\"https:\/\/v2.ladiagonale.net\"],\"url\":\"https:\/\/www.ladiagonale.net\/index.php\/author\/admin\/\"}]}<\/script>\n<!-- \/ Yoast SEO plugin. -->","yoast_head_json":{"title":"Mitchell : \u00ab\u00a0Les arbitres ne sont pas au niveau\u00a0\u00bb - La Diagonale","robots":{"index":"index","follow":"follow","max-snippet":"max-snippet:-1","max-image-preview":"max-image-preview:large","max-video-preview":"max-video-preview:-1"},"canonical":"https:\/\/www.ladiagonale.net\/index.php\/2022\/09\/01\/mitchell-les-arbitres-ne-sont-pas-au-niveau\/","og_locale":"fr_FR","og_type":"article","og_title":"Mitchell : \u00ab\u00a0Les arbitres ne sont pas au niveau\u00a0\u00bb - La Diagonale","og_description":"Ce n\u2019est pas dans ses habitudes mais Paul Mitchell \u00e9tait pr\u00e9sent en zone mixte pour s\u2019exprimer sur la d\u00e9faite de l\u2019AS Monaco et l\u2019arbitrage. Et le moins qu\u2019on puisse dire, c\u2019est que le Directeur sportif n\u2019est vraiment pas content, comme relay\u00e9 par getfootballnewsfrance : \u00ab&nbsp;Je n&rsquo;aime pas vraiment sortir et parler autant. Je ne sors [...]","og_url":"https:\/\/www.ladiagonale.net\/index.php\/2022\/09\/01\/mitchell-les-arbitres-ne-sont-pas-au-niveau\/","og_site_name":"La Diagonale","article_published_time":"2022-08-31T22:00:00+00:00","article_modified_time":"2024-01-29T18:01:49+00:00","author":"admin","twitter_card":"summary_large_image","twitter_misc":{"\u00c9crit par":"admin","Dur\u00e9e de lecture estim\u00e9e":"2 minutes"},"schema":{"@context":"https:\/\/schema.org","@graph":[{"@type":"WebPage","@id":"https:\/\/www.ladiagonale.net\/index.php\/2022\/09\/01\/mitchell-les-arbitres-ne-sont-pas-au-niveau\/","url":"https:\/\/www.ladiagonale.net\/index.php\/2022\/09\/01\/mitchell-les-arbitres-ne-sont-pas-au-niveau\/","name":"Mitchell : \u00ab\u00a0Les arbitres ne sont pas au niveau\u00a0\u00bb - La Diagonale","isPartOf":{"@id":"https:\/\/www.ladiagonale.net\/#website"},"datePublished":"2022-08-31T22:00:00+00:00","dateModified":"2024-01-29T18:01:49+00:00","author":{"@id":"https:\/\/www.ladiagonale.net\/#\/schema\/person\/03fa041acd51875ece8bf97a37252a4d"},"breadcrumb":{"@id":"https:\/\/www.ladiagonale.net\/index.php\/2022\/09\/01\/mitchell-les-arbitres-ne-sont-pas-au-niveau\/#breadcrumb"},"inLanguage":"fr-FR","potentialAction":[{"@type":"ReadAction","target":["https:\/\/www.ladiagonale.net\/index.php\/2022\/09\/01\/mitchell-les-arbitres-ne-sont-pas-au-niveau\/"]}]},{"@type":"BreadcrumbList","@id":"https:\/\/www.ladiagonale.net\/index.php\/2022\/09\/01\/mitchell-les-arbitres-ne-sont-pas-au-niveau\/#breadcrumb","itemListElement":[{"@type":"ListItem","position":1,"name":"Accueil","item":"https:\/\/www.ladiagonale.net\/"},{"@type":"ListItem","position":2,"name":"Mitchell : \u00ab\u00a0Les arbitres ne sont pas au niveau\u00a0\u00bb"}]},{"@type":"WebSite","@id":"https:\/\/www.ladiagonale.net\/#website","url":"https:\/\/www.ladiagonale.net\/","name":"La Diagonale","description":"Le site des supporters de l&#039;AS Monaco FC","potentialAction":[{"@type":"SearchAction","target":{"@type":"EntryPoint","urlTemplate":"https:\/\/www.ladiagonale.net\/?s={search_term_string}"},"query-input":"required name=search_term_string"}],"inLanguage":"fr-FR"},{"@type":"Person","@id":"https:\/\/www.ladiagonale.net\/#\/schema\/person\/03fa041acd51875ece8bf97a37252a4d","name":"admin","image":{"@type":"ImageObject","inLanguage":"fr-FR","@id":"https:\/\/www.ladiagonale.net\/#\/schema\/person\/image\/","url":"https:\/\/secure.gravatar.com\/avatar\/894b9daaf19cc759b072b6bb09cac5f2?s=96&d=mm&r=g","contentUrl":"https:\/\/secure.gravatar.com\/avatar\/894b9daaf19cc759b072b6bb09cac5f2?s=96&d=mm&r=g","caption":"admin"},"sameAs":["https:\/\/v2.ladiagonale.net"],"url":"https:\/\/www.ladiagonale.net\/index.php\/author\/admin\/"}]}},"_links":{"self":[{"href":"https:\/\/www.ladiagonale.net\/index.php\/wp-json\/wp\/v2\/posts\/4259"}],"collection":[{"href":"https:\/\/www.ladiagonale.net\/index.php\/wp-json\/wp\/v2\/posts"}],"about":[{"href":"https:\/\/www.ladiagonale.net\/index.php\/wp-json\/wp\/v2\/types\/post"}],"author":[{"embeddable":true,"href":"https:\/\/www.ladiagonale.net\/index.php\/wp-json\/wp\/v2\/users\/1"}],"replies":[{"embeddable":true,"href":"https:\/\/www.ladiagonale.net\/index.php\/wp-json\/wp\/v2\/comments?post=4259"}],"version-history":[{"count":1,"href":"https:\/\/www.ladiagonale.net\/index.php\/wp-json\/wp\/v2\/posts\/4259\/revisions"}],"predecessor-version":[{"id":20297,"href":"https:\/\/www.ladiagonale.net\/index.php\/wp-json\/wp\/v2\/posts\/4259\/revisions\/20297"}],"wp:attachment":[{"href":"https:\/\/www.ladiagonale.net\/index.php\/wp-json\/wp\/v2\/media?parent=4259"}],"wp:term":[{"taxonomy":"category","embeddable":true,"href":"https:\/\/www.ladiagonale.net\/index.php\/wp-json\/wp\/v2\/categories?post=4259"},{"taxonomy":"post_tag","embeddable":true,"href":"https:\/\/www.ladiagonale.net\/index.php\/wp-json\/wp\/v2\/tags?post=4259"}],"curies":[{"name":"wp","href":"https:\/\/api.w.org\/{rel}","templated":true}]}}