{"id":4271,"date":"2022-09-01T00:00:00","date_gmt":"2022-08-31T22:00:00","guid":{"rendered":"https:\/\/www.ladiagonale.net\/index.php\/2022\/09\/01\/officiel-ayiah-quitte-monaco\/"},"modified":"2022-09-01T00:00:00","modified_gmt":"2022-08-31T22:00:00","slug":"officiel-ayiah-quitte-monaco","status":"publish","type":"post","link":"https:\/\/www.ladiagonale.net\/index.php\/2022\/09\/01\/officiel-ayiah-quitte-monaco\/","title":{"rendered":"Officiel : Ayiah quitte Monaco"},"content":{"rendered":"<p>L\u2019AS Monaco a annonc\u00e9 le transfert d\u2019Eric Ayiah (22 ans) en direction de Gil Vicente, qui \u00e9volue en premi\u00e8re division portugaise. Le montant du transfert de l\u2019attaquant ghan\u00e9en, \u00e0 qui il restait un an de contrat, n\u2019a pas \u00e9t\u00e9 d\u00e9voil\u00e9.<\/p>\n<p>Arriv\u00e9 en 2018 au club, Ayiah n\u2019a jamais eu sa chance avec l\u2019\u00e9quipe professionnelle. Au d\u00e9but de la pr\u00e9paration, il avait pris part aux deux rencontres amicales contre le Cercle Bruges et contre Saint-Gall.<\/p>\n","protected":false},"excerpt":{"rendered":"<p>L\u2019AS Monaco a annonc\u00e9 le transfert d\u2019Eric Ayiah (22 ans) en direction de Gil Vicente, qui \u00e9volue en premi\u00e8re division portugaise. Le montant du transfert de l\u2019attaquant ghan\u00e9en, \u00e0 qui il restait un an de contrat, n\u2019a pas \u00e9t\u00e9 d\u00e9voil\u00e9. Arriv\u00e9 en 2018 au club, Ayiah n\u2019a jamais eu sa chance avec l\u2019\u00e9quipe professionnelle. Au [&#8230;]\n","protected":false},"author":1,"featured_media":0,"comment_status":"open","ping_status":"open","sticky":false,"template":"","format":"standard","meta":[],"categories":[6],"tags":[],"yoast_head":"<!-- This site is optimized with the Yoast SEO plugin v19.8 - https:\/\/yoast.com\/wordpress\/plugins\/seo\/ -->\n<title>Officiel : Ayiah quitte Monaco - La Diagonale<\/title>\n<meta name=\"robots\" content=\"index, follow, max-snippet:-1, max-image-preview:large, max-video-preview:-1\" \/>\n<link rel=\"canonical\" href=\"https:\/\/www.ladiagonale.net\/index.php\/2022\/09\/01\/officiel-ayiah-quitte-monaco\/\" \/>\n<meta property=\"og:locale\" content=\"fr_FR\" \/>\n<meta property=\"og:type\" content=\"article\" \/>\n<meta property=\"og:title\" content=\"Officiel : Ayiah quitte Monaco - La Diagonale\" \/>\n<meta property=\"og:description\" content=\"L\u2019AS Monaco a annonc\u00e9 le transfert d\u2019Eric Ayiah (22 ans) en direction de Gil Vicente, qui \u00e9volue en premi\u00e8re division portugaise. Le montant du transfert de l\u2019attaquant ghan\u00e9en, \u00e0 qui il restait un an de contrat, n\u2019a pas \u00e9t\u00e9 d\u00e9voil\u00e9. Arriv\u00e9 en 2018 au club, Ayiah n\u2019a jamais eu sa chance avec l\u2019\u00e9quipe professionnelle. Au [...]\" \/>\n<meta property=\"og:url\" content=\"https:\/\/www.ladiagonale.net\/index.php\/2022\/09\/01\/officiel-ayiah-quitte-monaco\/\" \/>\n<meta property=\"og:site_name\" content=\"La Diagonale\" \/>\n<meta property=\"article:published_time\" content=\"2022-08-31T22:00:00+00:00\" \/>\n<meta name=\"author\" content=\"admin\" \/>\n<meta name=\"twitter:card\" content=\"summary_large_image\" \/>\n<meta name=\"twitter:label1\" content=\"\u00c9crit par\" \/>\n\t<meta name=\"twitter:data1\" content=\"admin\" \/>\n<script type=\"application\/ld+json\" class=\"yoast-schema-graph\">{\"@context\":\"https:\/\/schema.org\",\"@graph\":[{\"@type\":\"WebPage\",\"@id\":\"https:\/\/www.ladiagonale.net\/index.php\/2022\/09\/01\/officiel-ayiah-quitte-monaco\/\",\"url\":\"https:\/\/www.ladiagonale.net\/index.php\/2022\/09\/01\/officiel-ayiah-quitte-monaco\/\",\"name\":\"Officiel : Ayiah quitte Monaco - La Diagonale\",\"isPartOf\":{\"@id\":\"https:\/\/www.ladiagonale.net\/#website\"},\"datePublished\":\"2022-08-31T22:00:00+00:00\",\"dateModified\":\"2022-08-31T22:00:00+00:00\",\"author\":{\"@id\":\"https:\/\/www.ladiagonale.net\/#\/schema\/person\/03fa041acd51875ece8bf97a37252a4d\"},\"breadcrumb\":{\"@id\":\"https:\/\/www.ladiagonale.net\/index.php\/2022\/09\/01\/officiel-ayiah-quitte-monaco\/#breadcrumb\"},\"inLanguage\":\"fr-FR\",\"potentialAction\":[{\"@type\":\"ReadAction\",\"target\":[\"https:\/\/www.ladiagonale.net\/index.php\/2022\/09\/01\/officiel-ayiah-quitte-monaco\/\"]}]},{\"@type\":\"BreadcrumbList\",\"@id\":\"https:\/\/www.ladiagonale.net\/index.php\/2022\/09\/01\/officiel-ayiah-quitte-monaco\/#breadcrumb\",\"itemListElement\":[{\"@type\":\"ListItem\",\"position\":1,\"name\":\"Accueil\",\"item\":\"https:\/\/www.ladiagonale.net\/\"},{\"@type\":\"ListItem\",\"position\":2,\"name\":\"Officiel : Ayiah quitte Monaco\"}]},{\"@type\":\"WebSite\",\"@id\":\"https:\/\/www.ladiagonale.net\/#website\",\"url\":\"https:\/\/www.ladiagonale.net\/\",\"name\":\"La Diagonale\",\"description\":\"Le site des supporters de l&#039;AS Monaco FC\",\"potentialAction\":[{\"@type\":\"SearchAction\",\"target\":{\"@type\":\"EntryPoint\",\"urlTemplate\":\"https:\/\/www.ladiagonale.net\/?s={search_term_string}\"},\"query-input\":\"required name=search_term_string\"}],\"inLanguage\":\"fr-FR\"},{\"@type\":\"Person\",\"@id\":\"https:\/\/www.ladiagonale.net\/#\/schema\/person\/03fa041acd51875ece8bf97a37252a4d\",\"name\":\"admin\",\"image\":{\"@type\":\"ImageObject\",\"inLanguage\":\"fr-FR\",\"@id\":\"https:\/\/www.ladiagonale.net\/#\/schema\/person\/image\/\",\"url\":\"https:\/\/secure.gravatar.com\/avatar\/894b9daaf19cc759b072b6bb09cac5f2?s=96&d=mm&r=g\",\"contentUrl\":\"https:\/\/secure.gravatar.com\/avatar\/894b9daaf19cc759b072b6bb09cac5f2?s=96&d=mm&r=g\",\"caption\":\"admin\"},\"sameAs\":[\"https:\/\/v2.ladiagonale.net\"],\"url\":\"https:\/\/www.ladiagonale.net\/index.php\/author\/admin\/\"}]}<\/script>\n<!-- \/ Yoast SEO plugin. -->","yoast_head_json":{"title":"Officiel : Ayiah quitte Monaco - La Diagonale","robots":{"index":"index","follow":"follow","max-snippet":"max-snippet:-1","max-image-preview":"max-image-preview:large","max-video-preview":"max-video-preview:-1"},"canonical":"https:\/\/www.ladiagonale.net\/index.php\/2022\/09\/01\/officiel-ayiah-quitte-monaco\/","og_locale":"fr_FR","og_type":"article","og_title":"Officiel : Ayiah quitte Monaco - La Diagonale","og_description":"L\u2019AS Monaco a annonc\u00e9 le transfert d\u2019Eric Ayiah (22 ans) en direction de Gil Vicente, qui \u00e9volue en premi\u00e8re division portugaise. Le montant du transfert de l\u2019attaquant ghan\u00e9en, \u00e0 qui il restait un an de contrat, n\u2019a pas \u00e9t\u00e9 d\u00e9voil\u00e9. Arriv\u00e9 en 2018 au club, Ayiah n\u2019a jamais eu sa chance avec l\u2019\u00e9quipe professionnelle. Au [...]","og_url":"https:\/\/www.ladiagonale.net\/index.php\/2022\/09\/01\/officiel-ayiah-quitte-monaco\/","og_site_name":"La Diagonale","article_published_time":"2022-08-31T22:00:00+00:00","author":"admin","twitter_card":"summary_large_image","twitter_misc":{"\u00c9crit par":"admin"},"schema":{"@context":"https:\/\/schema.org","@graph":[{"@type":"WebPage","@id":"https:\/\/www.ladiagonale.net\/index.php\/2022\/09\/01\/officiel-ayiah-quitte-monaco\/","url":"https:\/\/www.ladiagonale.net\/index.php\/2022\/09\/01\/officiel-ayiah-quitte-monaco\/","name":"Officiel : Ayiah quitte Monaco - La Diagonale","isPartOf":{"@id":"https:\/\/www.ladiagonale.net\/#website"},"datePublished":"2022-08-31T22:00:00+00:00","dateModified":"2022-08-31T22:00:00+00:00","author":{"@id":"https:\/\/www.ladiagonale.net\/#\/schema\/person\/03fa041acd51875ece8bf97a37252a4d"},"breadcrumb":{"@id":"https:\/\/www.ladiagonale.net\/index.php\/2022\/09\/01\/officiel-ayiah-quitte-monaco\/#breadcrumb"},"inLanguage":"fr-FR","potentialAction":[{"@type":"ReadAction","target":["https:\/\/www.ladiagonale.net\/index.php\/2022\/09\/01\/officiel-ayiah-quitte-monaco\/"]}]},{"@type":"BreadcrumbList","@id":"https:\/\/www.ladiagonale.net\/index.php\/2022\/09\/01\/officiel-ayiah-quitte-monaco\/#breadcrumb","itemListElement":[{"@type":"ListItem","position":1,"name":"Accueil","item":"https:\/\/www.ladiagonale.net\/"},{"@type":"ListItem","position":2,"name":"Officiel : Ayiah quitte Monaco"}]},{"@type":"WebSite","@id":"https:\/\/www.ladiagonale.net\/#website","url":"https:\/\/www.ladiagonale.net\/","name":"La Diagonale","description":"Le site des supporters de l&#039;AS Monaco FC","potentialAction":[{"@type":"SearchAction","target":{"@type":"EntryPoint","urlTemplate":"https:\/\/www.ladiagonale.net\/?s={search_term_string}"},"query-input":"required name=search_term_string"}],"inLanguage":"fr-FR"},{"@type":"Person","@id":"https:\/\/www.ladiagonale.net\/#\/schema\/person\/03fa041acd51875ece8bf97a37252a4d","name":"admin","image":{"@type":"ImageObject","inLanguage":"fr-FR","@id":"https:\/\/www.ladiagonale.net\/#\/schema\/person\/image\/","url":"https:\/\/secure.gravatar.com\/avatar\/894b9daaf19cc759b072b6bb09cac5f2?s=96&d=mm&r=g","contentUrl":"https:\/\/secure.gravatar.com\/avatar\/894b9daaf19cc759b072b6bb09cac5f2?s=96&d=mm&r=g","caption":"admin"},"sameAs":["https:\/\/v2.ladiagonale.net"],"url":"https:\/\/www.ladiagonale.net\/index.php\/author\/admin\/"}]}},"_links":{"self":[{"href":"https:\/\/www.ladiagonale.net\/index.php\/wp-json\/wp\/v2\/posts\/4271"}],"collection":[{"href":"https:\/\/www.ladiagonale.net\/index.php\/wp-json\/wp\/v2\/posts"}],"about":[{"href":"https:\/\/www.ladiagonale.net\/index.php\/wp-json\/wp\/v2\/types\/post"}],"author":[{"embeddable":true,"href":"https:\/\/www.ladiagonale.net\/index.php\/wp-json\/wp\/v2\/users\/1"}],"replies":[{"embeddable":true,"href":"https:\/\/www.ladiagonale.net\/index.php\/wp-json\/wp\/v2\/comments?post=4271"}],"version-history":[{"count":0,"href":"https:\/\/www.ladiagonale.net\/index.php\/wp-json\/wp\/v2\/posts\/4271\/revisions"}],"wp:attachment":[{"href":"https:\/\/www.ladiagonale.net\/index.php\/wp-json\/wp\/v2\/media?parent=4271"}],"wp:term":[{"taxonomy":"category","embeddable":true,"href":"https:\/\/www.ladiagonale.net\/index.php\/wp-json\/wp\/v2\/categories?post=4271"},{"taxonomy":"post_tag","embeddable":true,"href":"https:\/\/www.ladiagonale.net\/index.php\/wp-json\/wp\/v2\/tags?post=4271"}],"curies":[{"name":"wp","href":"https:\/\/api.w.org\/{rel}","templated":true}]}}