{"id":4272,"date":"2022-09-02T00:00:00","date_gmt":"2022-09-01T22:00:00","guid":{"rendered":"https:\/\/www.ladiagonale.net\/index.php\/2022\/09\/02\/deux-defaites-pour-le-groupe-elite\/"},"modified":"2022-09-02T00:00:00","modified_gmt":"2022-09-01T22:00:00","slug":"deux-defaites-pour-le-groupe-elite","status":"publish","type":"post","link":"https:\/\/www.ladiagonale.net\/index.php\/2022\/09\/02\/deux-defaites-pour-le-groupe-elite\/","title":{"rendered":"Deux d\u00e9faites pour le groupe \u00c9lite"},"content":{"rendered":"<p>Le groupe de Damien Perrinelle a pass\u00e9 deux jours aux Pays-Bas, entre mardi et mercredi, pour affronter les U21 l&rsquo;AZ Alkmaar et de l&rsquo;Ajax Amsterdam. Deux rencontres amicales qui se sont sold\u00e9es par deux d\u00e9faites pour les jeunes pousses as\u00e9mistes.<\/p>\n<p>Face \u00e0 l&rsquo;AZ Alkmaar, les Rouge et Blanc se sont inclin\u00e9s (4-2) apr\u00e8s avoir \u00e9t\u00e9 rapidement men\u00e9s dans la partie. Contre l&rsquo;Ajax, la partie a \u00e9t\u00e9 nettement plus serr\u00e9e (3-2). Monaco a m\u00eame men\u00e9 au score mais a fini la rencontre \u00e0 dix, apr\u00e8s l&rsquo;expulsion de Lemarechal. Les hommes de Damien Perrinelle ont craqu\u00e9 \u00e0 deux reprises dans le temps additionnel.<\/p>\n<p>Le prochain test pour les Mon\u00e9gasques aura lieu \u00e0 Lyon le 24 septembre, face \u00e0 l&rsquo;OL.<\/p>\n","protected":false},"excerpt":{"rendered":"<p>Le groupe de Damien Perrinelle a pass\u00e9 deux jours aux Pays-Bas, entre mardi et mercredi, pour affronter les U21 l&rsquo;AZ Alkmaar et de l&rsquo;Ajax Amsterdam. Deux rencontres amicales qui se sont sold\u00e9es par deux d\u00e9faites pour les jeunes pousses as\u00e9mistes. Face \u00e0 l&rsquo;AZ Alkmaar, les Rouge et Blanc se sont inclin\u00e9s (4-2) apr\u00e8s avoir \u00e9t\u00e9 [&#8230;]\n","protected":false},"author":1,"featured_media":0,"comment_status":"open","ping_status":"open","sticky":false,"template":"","format":"standard","meta":[],"categories":[6],"tags":[],"yoast_head":"<!-- This site is optimized with the Yoast SEO plugin v19.8 - https:\/\/yoast.com\/wordpress\/plugins\/seo\/ -->\n<title>Deux d\u00e9faites pour le groupe \u00c9lite - La Diagonale<\/title>\n<meta name=\"robots\" content=\"index, follow, max-snippet:-1, max-image-preview:large, max-video-preview:-1\" \/>\n<link rel=\"canonical\" href=\"https:\/\/www.ladiagonale.net\/index.php\/2022\/09\/02\/deux-defaites-pour-le-groupe-elite\/\" \/>\n<meta property=\"og:locale\" content=\"fr_FR\" \/>\n<meta property=\"og:type\" content=\"article\" \/>\n<meta property=\"og:title\" content=\"Deux d\u00e9faites pour le groupe \u00c9lite - La Diagonale\" \/>\n<meta property=\"og:description\" content=\"Le groupe de Damien Perrinelle a pass\u00e9 deux jours aux Pays-Bas, entre mardi et mercredi, pour affronter les U21 l&rsquo;AZ Alkmaar et de l&rsquo;Ajax Amsterdam. Deux rencontres amicales qui se sont sold\u00e9es par deux d\u00e9faites pour les jeunes pousses as\u00e9mistes. Face \u00e0 l&rsquo;AZ Alkmaar, les Rouge et Blanc se sont inclin\u00e9s (4-2) apr\u00e8s avoir \u00e9t\u00e9 [...]\" \/>\n<meta property=\"og:url\" content=\"https:\/\/www.ladiagonale.net\/index.php\/2022\/09\/02\/deux-defaites-pour-le-groupe-elite\/\" \/>\n<meta property=\"og:site_name\" content=\"La Diagonale\" \/>\n<meta property=\"article:published_time\" content=\"2022-09-01T22:00:00+00:00\" \/>\n<meta name=\"author\" content=\"admin\" \/>\n<meta name=\"twitter:card\" content=\"summary_large_image\" \/>\n<meta name=\"twitter:label1\" content=\"\u00c9crit par\" \/>\n\t<meta name=\"twitter:data1\" content=\"admin\" \/>\n\t<meta name=\"twitter:label2\" content=\"Dur\u00e9e de lecture estim\u00e9e\" \/>\n\t<meta name=\"twitter:data2\" content=\"1 minute\" \/>\n<script type=\"application\/ld+json\" class=\"yoast-schema-graph\">{\"@context\":\"https:\/\/schema.org\",\"@graph\":[{\"@type\":\"WebPage\",\"@id\":\"https:\/\/www.ladiagonale.net\/index.php\/2022\/09\/02\/deux-defaites-pour-le-groupe-elite\/\",\"url\":\"https:\/\/www.ladiagonale.net\/index.php\/2022\/09\/02\/deux-defaites-pour-le-groupe-elite\/\",\"name\":\"Deux d\u00e9faites pour le groupe \u00c9lite - La Diagonale\",\"isPartOf\":{\"@id\":\"https:\/\/www.ladiagonale.net\/#website\"},\"datePublished\":\"2022-09-01T22:00:00+00:00\",\"dateModified\":\"2022-09-01T22:00:00+00:00\",\"author\":{\"@id\":\"https:\/\/www.ladiagonale.net\/#\/schema\/person\/03fa041acd51875ece8bf97a37252a4d\"},\"breadcrumb\":{\"@id\":\"https:\/\/www.ladiagonale.net\/index.php\/2022\/09\/02\/deux-defaites-pour-le-groupe-elite\/#breadcrumb\"},\"inLanguage\":\"fr-FR\",\"potentialAction\":[{\"@type\":\"ReadAction\",\"target\":[\"https:\/\/www.ladiagonale.net\/index.php\/2022\/09\/02\/deux-defaites-pour-le-groupe-elite\/\"]}]},{\"@type\":\"BreadcrumbList\",\"@id\":\"https:\/\/www.ladiagonale.net\/index.php\/2022\/09\/02\/deux-defaites-pour-le-groupe-elite\/#breadcrumb\",\"itemListElement\":[{\"@type\":\"ListItem\",\"position\":1,\"name\":\"Accueil\",\"item\":\"https:\/\/www.ladiagonale.net\/\"},{\"@type\":\"ListItem\",\"position\":2,\"name\":\"Deux d\u00e9faites pour le groupe \u00c9lite\"}]},{\"@type\":\"WebSite\",\"@id\":\"https:\/\/www.ladiagonale.net\/#website\",\"url\":\"https:\/\/www.ladiagonale.net\/\",\"name\":\"La Diagonale\",\"description\":\"Le site des supporters de l&#039;AS Monaco FC\",\"potentialAction\":[{\"@type\":\"SearchAction\",\"target\":{\"@type\":\"EntryPoint\",\"urlTemplate\":\"https:\/\/www.ladiagonale.net\/?s={search_term_string}\"},\"query-input\":\"required name=search_term_string\"}],\"inLanguage\":\"fr-FR\"},{\"@type\":\"Person\",\"@id\":\"https:\/\/www.ladiagonale.net\/#\/schema\/person\/03fa041acd51875ece8bf97a37252a4d\",\"name\":\"admin\",\"image\":{\"@type\":\"ImageObject\",\"inLanguage\":\"fr-FR\",\"@id\":\"https:\/\/www.ladiagonale.net\/#\/schema\/person\/image\/\",\"url\":\"https:\/\/secure.gravatar.com\/avatar\/894b9daaf19cc759b072b6bb09cac5f2?s=96&d=mm&r=g\",\"contentUrl\":\"https:\/\/secure.gravatar.com\/avatar\/894b9daaf19cc759b072b6bb09cac5f2?s=96&d=mm&r=g\",\"caption\":\"admin\"},\"sameAs\":[\"https:\/\/v2.ladiagonale.net\"],\"url\":\"https:\/\/www.ladiagonale.net\/index.php\/author\/admin\/\"}]}<\/script>\n<!-- \/ Yoast SEO plugin. -->","yoast_head_json":{"title":"Deux d\u00e9faites pour le groupe \u00c9lite - La Diagonale","robots":{"index":"index","follow":"follow","max-snippet":"max-snippet:-1","max-image-preview":"max-image-preview:large","max-video-preview":"max-video-preview:-1"},"canonical":"https:\/\/www.ladiagonale.net\/index.php\/2022\/09\/02\/deux-defaites-pour-le-groupe-elite\/","og_locale":"fr_FR","og_type":"article","og_title":"Deux d\u00e9faites pour le groupe \u00c9lite - La Diagonale","og_description":"Le groupe de Damien Perrinelle a pass\u00e9 deux jours aux Pays-Bas, entre mardi et mercredi, pour affronter les U21 l&rsquo;AZ Alkmaar et de l&rsquo;Ajax Amsterdam. Deux rencontres amicales qui se sont sold\u00e9es par deux d\u00e9faites pour les jeunes pousses as\u00e9mistes. Face \u00e0 l&rsquo;AZ Alkmaar, les Rouge et Blanc se sont inclin\u00e9s (4-2) apr\u00e8s avoir \u00e9t\u00e9 [...]","og_url":"https:\/\/www.ladiagonale.net\/index.php\/2022\/09\/02\/deux-defaites-pour-le-groupe-elite\/","og_site_name":"La Diagonale","article_published_time":"2022-09-01T22:00:00+00:00","author":"admin","twitter_card":"summary_large_image","twitter_misc":{"\u00c9crit par":"admin","Dur\u00e9e de lecture estim\u00e9e":"1 minute"},"schema":{"@context":"https:\/\/schema.org","@graph":[{"@type":"WebPage","@id":"https:\/\/www.ladiagonale.net\/index.php\/2022\/09\/02\/deux-defaites-pour-le-groupe-elite\/","url":"https:\/\/www.ladiagonale.net\/index.php\/2022\/09\/02\/deux-defaites-pour-le-groupe-elite\/","name":"Deux d\u00e9faites pour le groupe \u00c9lite - La Diagonale","isPartOf":{"@id":"https:\/\/www.ladiagonale.net\/#website"},"datePublished":"2022-09-01T22:00:00+00:00","dateModified":"2022-09-01T22:00:00+00:00","author":{"@id":"https:\/\/www.ladiagonale.net\/#\/schema\/person\/03fa041acd51875ece8bf97a37252a4d"},"breadcrumb":{"@id":"https:\/\/www.ladiagonale.net\/index.php\/2022\/09\/02\/deux-defaites-pour-le-groupe-elite\/#breadcrumb"},"inLanguage":"fr-FR","potentialAction":[{"@type":"ReadAction","target":["https:\/\/www.ladiagonale.net\/index.php\/2022\/09\/02\/deux-defaites-pour-le-groupe-elite\/"]}]},{"@type":"BreadcrumbList","@id":"https:\/\/www.ladiagonale.net\/index.php\/2022\/09\/02\/deux-defaites-pour-le-groupe-elite\/#breadcrumb","itemListElement":[{"@type":"ListItem","position":1,"name":"Accueil","item":"https:\/\/www.ladiagonale.net\/"},{"@type":"ListItem","position":2,"name":"Deux d\u00e9faites pour le groupe \u00c9lite"}]},{"@type":"WebSite","@id":"https:\/\/www.ladiagonale.net\/#website","url":"https:\/\/www.ladiagonale.net\/","name":"La Diagonale","description":"Le site des supporters de l&#039;AS Monaco FC","potentialAction":[{"@type":"SearchAction","target":{"@type":"EntryPoint","urlTemplate":"https:\/\/www.ladiagonale.net\/?s={search_term_string}"},"query-input":"required name=search_term_string"}],"inLanguage":"fr-FR"},{"@type":"Person","@id":"https:\/\/www.ladiagonale.net\/#\/schema\/person\/03fa041acd51875ece8bf97a37252a4d","name":"admin","image":{"@type":"ImageObject","inLanguage":"fr-FR","@id":"https:\/\/www.ladiagonale.net\/#\/schema\/person\/image\/","url":"https:\/\/secure.gravatar.com\/avatar\/894b9daaf19cc759b072b6bb09cac5f2?s=96&d=mm&r=g","contentUrl":"https:\/\/secure.gravatar.com\/avatar\/894b9daaf19cc759b072b6bb09cac5f2?s=96&d=mm&r=g","caption":"admin"},"sameAs":["https:\/\/v2.ladiagonale.net"],"url":"https:\/\/www.ladiagonale.net\/index.php\/author\/admin\/"}]}},"_links":{"self":[{"href":"https:\/\/www.ladiagonale.net\/index.php\/wp-json\/wp\/v2\/posts\/4272"}],"collection":[{"href":"https:\/\/www.ladiagonale.net\/index.php\/wp-json\/wp\/v2\/posts"}],"about":[{"href":"https:\/\/www.ladiagonale.net\/index.php\/wp-json\/wp\/v2\/types\/post"}],"author":[{"embeddable":true,"href":"https:\/\/www.ladiagonale.net\/index.php\/wp-json\/wp\/v2\/users\/1"}],"replies":[{"embeddable":true,"href":"https:\/\/www.ladiagonale.net\/index.php\/wp-json\/wp\/v2\/comments?post=4272"}],"version-history":[{"count":0,"href":"https:\/\/www.ladiagonale.net\/index.php\/wp-json\/wp\/v2\/posts\/4272\/revisions"}],"wp:attachment":[{"href":"https:\/\/www.ladiagonale.net\/index.php\/wp-json\/wp\/v2\/media?parent=4272"}],"wp:term":[{"taxonomy":"category","embeddable":true,"href":"https:\/\/www.ladiagonale.net\/index.php\/wp-json\/wp\/v2\/categories?post=4272"},{"taxonomy":"post_tag","embeddable":true,"href":"https:\/\/www.ladiagonale.net\/index.php\/wp-json\/wp\/v2\/tags?post=4272"}],"curies":[{"name":"wp","href":"https:\/\/api.w.org\/{rel}","templated":true}]}}