{"id":4281,"date":"2022-09-03T00:00:00","date_gmt":"2022-09-02T22:00:00","guid":{"rendered":"https:\/\/www.ladiagonale.net\/index.php\/2022\/09\/03\/le-groupe-nicois-sofiane-diop-present\/"},"modified":"2022-09-03T00:00:00","modified_gmt":"2022-09-02T22:00:00","slug":"le-groupe-nicois-sofiane-diop-present","status":"publish","type":"post","link":"https:\/\/www.ladiagonale.net\/index.php\/2022\/09\/03\/le-groupe-nicois-sofiane-diop-present\/","title":{"rendered":"Le groupe ni\u00e7ois : Sofiane Diop pr\u00e9sent"},"content":{"rendered":"<p>Lucien Favre a convoqu\u00e9 un groupe de 21 joueurs pour affronter l&rsquo;AS Monaco ce dimanche (20h45), dans le cadre de la 6e journ\u00e9e de Ligue 1. Sofiane Diop est qualifi\u00e9 et retenu pour affronter son ancienne \u00e9quipe. C&rsquo;est \u00e9galement le cas des trois derni\u00e8res recrues du Gym, \u00e0 savoir Bryan, Bech S\u00f6rensen et Laborde. Boudaoui fait, quant \u00e0 lui, son retour. <\/p>\n<p>Mario Lemina est suspendu. <\/p>\n<p>Gardiens : Boulhendi, Bulka, Schmeichel.<\/p>\n<p>D\u00e9fenseurs : Atal, Bard, Bryan, Dante, Lotomba, Bech S\u00f6rensen, Todibo, Viti.<\/p>\n<p>Milieux : Beka Beka, Boudaoui, Ilie, Ramsey, Rosario, Thuram.<\/p>\n<p>Attaquants : Delort, Diop, Laborde, P\u00e9p\u00e9.<\/p>\n","protected":false},"excerpt":{"rendered":"<p>Lucien Favre a convoqu\u00e9 un groupe de 21 joueurs pour affronter l&rsquo;AS Monaco ce dimanche (20h45), dans le cadre de la 6e journ\u00e9e de Ligue 1. Sofiane Diop est qualifi\u00e9 et retenu pour affronter son ancienne \u00e9quipe. C&rsquo;est \u00e9galement le cas des trois derni\u00e8res recrues du Gym, \u00e0 savoir Bryan, Bech S\u00f6rensen et Laborde. Boudaoui [&#8230;]\n","protected":false},"author":1,"featured_media":0,"comment_status":"open","ping_status":"open","sticky":false,"template":"","format":"standard","meta":[],"categories":[6],"tags":[],"yoast_head":"<!-- This site is optimized with the Yoast SEO plugin v19.8 - https:\/\/yoast.com\/wordpress\/plugins\/seo\/ -->\n<title>Le groupe ni\u00e7ois : Sofiane Diop pr\u00e9sent - La Diagonale<\/title>\n<meta name=\"robots\" content=\"index, follow, max-snippet:-1, max-image-preview:large, max-video-preview:-1\" \/>\n<link rel=\"canonical\" href=\"https:\/\/www.ladiagonale.net\/index.php\/2022\/09\/03\/le-groupe-nicois-sofiane-diop-present\/\" \/>\n<meta property=\"og:locale\" content=\"fr_FR\" \/>\n<meta property=\"og:type\" content=\"article\" \/>\n<meta property=\"og:title\" content=\"Le groupe ni\u00e7ois : Sofiane Diop pr\u00e9sent - La Diagonale\" \/>\n<meta property=\"og:description\" content=\"Lucien Favre a convoqu\u00e9 un groupe de 21 joueurs pour affronter l&rsquo;AS Monaco ce dimanche (20h45), dans le cadre de la 6e journ\u00e9e de Ligue 1. Sofiane Diop est qualifi\u00e9 et retenu pour affronter son ancienne \u00e9quipe. C&rsquo;est \u00e9galement le cas des trois derni\u00e8res recrues du Gym, \u00e0 savoir Bryan, Bech S\u00f6rensen et Laborde. Boudaoui [...]\" \/>\n<meta property=\"og:url\" content=\"https:\/\/www.ladiagonale.net\/index.php\/2022\/09\/03\/le-groupe-nicois-sofiane-diop-present\/\" \/>\n<meta property=\"og:site_name\" content=\"La Diagonale\" \/>\n<meta property=\"article:published_time\" content=\"2022-09-02T22:00:00+00:00\" \/>\n<meta name=\"author\" content=\"admin\" \/>\n<meta name=\"twitter:card\" content=\"summary_large_image\" \/>\n<meta name=\"twitter:label1\" content=\"\u00c9crit par\" \/>\n\t<meta name=\"twitter:data1\" content=\"admin\" \/>\n<script type=\"application\/ld+json\" class=\"yoast-schema-graph\">{\"@context\":\"https:\/\/schema.org\",\"@graph\":[{\"@type\":\"WebPage\",\"@id\":\"https:\/\/www.ladiagonale.net\/index.php\/2022\/09\/03\/le-groupe-nicois-sofiane-diop-present\/\",\"url\":\"https:\/\/www.ladiagonale.net\/index.php\/2022\/09\/03\/le-groupe-nicois-sofiane-diop-present\/\",\"name\":\"Le groupe ni\u00e7ois : Sofiane Diop pr\u00e9sent - La Diagonale\",\"isPartOf\":{\"@id\":\"https:\/\/www.ladiagonale.net\/#website\"},\"datePublished\":\"2022-09-02T22:00:00+00:00\",\"dateModified\":\"2022-09-02T22:00:00+00:00\",\"author\":{\"@id\":\"https:\/\/www.ladiagonale.net\/#\/schema\/person\/03fa041acd51875ece8bf97a37252a4d\"},\"breadcrumb\":{\"@id\":\"https:\/\/www.ladiagonale.net\/index.php\/2022\/09\/03\/le-groupe-nicois-sofiane-diop-present\/#breadcrumb\"},\"inLanguage\":\"fr-FR\",\"potentialAction\":[{\"@type\":\"ReadAction\",\"target\":[\"https:\/\/www.ladiagonale.net\/index.php\/2022\/09\/03\/le-groupe-nicois-sofiane-diop-present\/\"]}]},{\"@type\":\"BreadcrumbList\",\"@id\":\"https:\/\/www.ladiagonale.net\/index.php\/2022\/09\/03\/le-groupe-nicois-sofiane-diop-present\/#breadcrumb\",\"itemListElement\":[{\"@type\":\"ListItem\",\"position\":1,\"name\":\"Accueil\",\"item\":\"https:\/\/www.ladiagonale.net\/\"},{\"@type\":\"ListItem\",\"position\":2,\"name\":\"Le groupe ni\u00e7ois : Sofiane Diop pr\u00e9sent\"}]},{\"@type\":\"WebSite\",\"@id\":\"https:\/\/www.ladiagonale.net\/#website\",\"url\":\"https:\/\/www.ladiagonale.net\/\",\"name\":\"La Diagonale\",\"description\":\"Le site des supporters de l&#039;AS Monaco FC\",\"potentialAction\":[{\"@type\":\"SearchAction\",\"target\":{\"@type\":\"EntryPoint\",\"urlTemplate\":\"https:\/\/www.ladiagonale.net\/?s={search_term_string}\"},\"query-input\":\"required name=search_term_string\"}],\"inLanguage\":\"fr-FR\"},{\"@type\":\"Person\",\"@id\":\"https:\/\/www.ladiagonale.net\/#\/schema\/person\/03fa041acd51875ece8bf97a37252a4d\",\"name\":\"admin\",\"image\":{\"@type\":\"ImageObject\",\"inLanguage\":\"fr-FR\",\"@id\":\"https:\/\/www.ladiagonale.net\/#\/schema\/person\/image\/\",\"url\":\"https:\/\/secure.gravatar.com\/avatar\/894b9daaf19cc759b072b6bb09cac5f2?s=96&d=mm&r=g\",\"contentUrl\":\"https:\/\/secure.gravatar.com\/avatar\/894b9daaf19cc759b072b6bb09cac5f2?s=96&d=mm&r=g\",\"caption\":\"admin\"},\"sameAs\":[\"https:\/\/v2.ladiagonale.net\"],\"url\":\"https:\/\/www.ladiagonale.net\/index.php\/author\/admin\/\"}]}<\/script>\n<!-- \/ Yoast SEO plugin. -->","yoast_head_json":{"title":"Le groupe ni\u00e7ois : Sofiane Diop pr\u00e9sent - La Diagonale","robots":{"index":"index","follow":"follow","max-snippet":"max-snippet:-1","max-image-preview":"max-image-preview:large","max-video-preview":"max-video-preview:-1"},"canonical":"https:\/\/www.ladiagonale.net\/index.php\/2022\/09\/03\/le-groupe-nicois-sofiane-diop-present\/","og_locale":"fr_FR","og_type":"article","og_title":"Le groupe ni\u00e7ois : Sofiane Diop pr\u00e9sent - La Diagonale","og_description":"Lucien Favre a convoqu\u00e9 un groupe de 21 joueurs pour affronter l&rsquo;AS Monaco ce dimanche (20h45), dans le cadre de la 6e journ\u00e9e de Ligue 1. Sofiane Diop est qualifi\u00e9 et retenu pour affronter son ancienne \u00e9quipe. C&rsquo;est \u00e9galement le cas des trois derni\u00e8res recrues du Gym, \u00e0 savoir Bryan, Bech S\u00f6rensen et Laborde. Boudaoui [...]","og_url":"https:\/\/www.ladiagonale.net\/index.php\/2022\/09\/03\/le-groupe-nicois-sofiane-diop-present\/","og_site_name":"La Diagonale","article_published_time":"2022-09-02T22:00:00+00:00","author":"admin","twitter_card":"summary_large_image","twitter_misc":{"\u00c9crit par":"admin"},"schema":{"@context":"https:\/\/schema.org","@graph":[{"@type":"WebPage","@id":"https:\/\/www.ladiagonale.net\/index.php\/2022\/09\/03\/le-groupe-nicois-sofiane-diop-present\/","url":"https:\/\/www.ladiagonale.net\/index.php\/2022\/09\/03\/le-groupe-nicois-sofiane-diop-present\/","name":"Le groupe ni\u00e7ois : Sofiane Diop pr\u00e9sent - La Diagonale","isPartOf":{"@id":"https:\/\/www.ladiagonale.net\/#website"},"datePublished":"2022-09-02T22:00:00+00:00","dateModified":"2022-09-02T22:00:00+00:00","author":{"@id":"https:\/\/www.ladiagonale.net\/#\/schema\/person\/03fa041acd51875ece8bf97a37252a4d"},"breadcrumb":{"@id":"https:\/\/www.ladiagonale.net\/index.php\/2022\/09\/03\/le-groupe-nicois-sofiane-diop-present\/#breadcrumb"},"inLanguage":"fr-FR","potentialAction":[{"@type":"ReadAction","target":["https:\/\/www.ladiagonale.net\/index.php\/2022\/09\/03\/le-groupe-nicois-sofiane-diop-present\/"]}]},{"@type":"BreadcrumbList","@id":"https:\/\/www.ladiagonale.net\/index.php\/2022\/09\/03\/le-groupe-nicois-sofiane-diop-present\/#breadcrumb","itemListElement":[{"@type":"ListItem","position":1,"name":"Accueil","item":"https:\/\/www.ladiagonale.net\/"},{"@type":"ListItem","position":2,"name":"Le groupe ni\u00e7ois : Sofiane Diop pr\u00e9sent"}]},{"@type":"WebSite","@id":"https:\/\/www.ladiagonale.net\/#website","url":"https:\/\/www.ladiagonale.net\/","name":"La Diagonale","description":"Le site des supporters de l&#039;AS Monaco FC","potentialAction":[{"@type":"SearchAction","target":{"@type":"EntryPoint","urlTemplate":"https:\/\/www.ladiagonale.net\/?s={search_term_string}"},"query-input":"required name=search_term_string"}],"inLanguage":"fr-FR"},{"@type":"Person","@id":"https:\/\/www.ladiagonale.net\/#\/schema\/person\/03fa041acd51875ece8bf97a37252a4d","name":"admin","image":{"@type":"ImageObject","inLanguage":"fr-FR","@id":"https:\/\/www.ladiagonale.net\/#\/schema\/person\/image\/","url":"https:\/\/secure.gravatar.com\/avatar\/894b9daaf19cc759b072b6bb09cac5f2?s=96&d=mm&r=g","contentUrl":"https:\/\/secure.gravatar.com\/avatar\/894b9daaf19cc759b072b6bb09cac5f2?s=96&d=mm&r=g","caption":"admin"},"sameAs":["https:\/\/v2.ladiagonale.net"],"url":"https:\/\/www.ladiagonale.net\/index.php\/author\/admin\/"}]}},"_links":{"self":[{"href":"https:\/\/www.ladiagonale.net\/index.php\/wp-json\/wp\/v2\/posts\/4281"}],"collection":[{"href":"https:\/\/www.ladiagonale.net\/index.php\/wp-json\/wp\/v2\/posts"}],"about":[{"href":"https:\/\/www.ladiagonale.net\/index.php\/wp-json\/wp\/v2\/types\/post"}],"author":[{"embeddable":true,"href":"https:\/\/www.ladiagonale.net\/index.php\/wp-json\/wp\/v2\/users\/1"}],"replies":[{"embeddable":true,"href":"https:\/\/www.ladiagonale.net\/index.php\/wp-json\/wp\/v2\/comments?post=4281"}],"version-history":[{"count":0,"href":"https:\/\/www.ladiagonale.net\/index.php\/wp-json\/wp\/v2\/posts\/4281\/revisions"}],"wp:attachment":[{"href":"https:\/\/www.ladiagonale.net\/index.php\/wp-json\/wp\/v2\/media?parent=4281"}],"wp:term":[{"taxonomy":"category","embeddable":true,"href":"https:\/\/www.ladiagonale.net\/index.php\/wp-json\/wp\/v2\/categories?post=4281"},{"taxonomy":"post_tag","embeddable":true,"href":"https:\/\/www.ladiagonale.net\/index.php\/wp-json\/wp\/v2\/tags?post=4281"}],"curies":[{"name":"wp","href":"https:\/\/api.w.org\/{rel}","templated":true}]}}