{"id":4284,"date":"2022-09-04T00:00:00","date_gmt":"2022-09-03T22:00:00","guid":{"rendered":"https:\/\/www.ladiagonale.net\/index.php\/2022\/09\/04\/ogcn-asm-les-compositions-selon-la-presse\/"},"modified":"2022-09-04T00:00:00","modified_gmt":"2022-09-03T22:00:00","slug":"ogcn-asm-les-compositions-selon-la-presse","status":"publish","type":"post","link":"https:\/\/www.ladiagonale.net\/index.php\/2022\/09\/04\/ogcn-asm-les-compositions-selon-la-presse\/","title":{"rendered":"OGCN-ASM : les compositions selon la presse"},"content":{"rendered":"<p>Face \u00e0 Nice, Monaco pourrait potentiellement retrouver une d\u00e9fense \u00e0 quatre.L\u2019\u00c9quipeetNice-Matinvoient le m\u00eame onze de d\u00e9part pour d\u00e9buter cette rencontre. Pour remplacer Maripan, suspendu, Badiashile serait align\u00e9 avec Disasi. En difficult\u00e9 contre Troyes, Vanderson pourrait laisser sa place \u00e0 Aguilar, dont l&rsquo;entr\u00e9e n&rsquo;\u00e9tait gu\u00e8re meilleure.<\/p>\n<p>Au milieu de terrain, Fofana et Camara semblent d\u00e9j\u00e0 indiscutables. Devant, Ben Yedder et Embolo pourraient de nouveaux \u00eatre associ\u00e9s, soutenus par Golovin et Diatta.<\/p>\n<p>Le onze selonL\u2019\u00c9quipeetNice-Matin: N\u00fcbel \u2013 Aguilar, Disasi, Badiashile, C. Henrique \u2013 Diatta, Camara, Fofana, Golovin \u2013 Embolo, Ben Yedder.<\/p>\n<p>C\u00f4t\u00e9 ni\u00e7ois, deux syst\u00e8mes diff\u00e9rents sont annonc\u00e9s.L\u2019\u00c9quipevoit un 4-4-2, avec des titularisations de Diop et P\u00e9p\u00e9. Le quotidien azur\u00e9en penche plut\u00f4t pour un 3-4-1-2 avec Atal et Bryan en pistons et Ramsey en soutien du duo Delort-Laborde.<\/p>\n<p>Le onze ni\u00e7ois selonL\u2019\u00c9quipe: Schmeichel \u2013 Atal, Todibo, Dante, Bryan \u2013 P\u00e9p\u00e9, Beka Beka, K. Thuram, S. Diop \u2013 Delort, Laborde.<\/p>\n<p>Le onze ni\u00e7ois selonNice-Matin: Schmeichel \u2013Todibo, Dante, Viti \u2013 Atal, Beka Beka, K. Thuram, Bryan &#8211; Ramsey \u2013 Delort, Laborde.<\/p>\n","protected":false},"excerpt":{"rendered":"<p>Face \u00e0 Nice, Monaco pourrait potentiellement retrouver une d\u00e9fense \u00e0 quatre.L\u2019\u00c9quipeetNice-Matinvoient le m\u00eame onze de d\u00e9part pour d\u00e9buter cette rencontre. Pour remplacer Maripan, suspendu, Badiashile serait align\u00e9 avec Disasi. En difficult\u00e9 contre Troyes, Vanderson pourrait laisser sa place \u00e0 Aguilar, dont l&rsquo;entr\u00e9e n&rsquo;\u00e9tait gu\u00e8re meilleure. Au milieu de terrain, Fofana et Camara semblent d\u00e9j\u00e0 indiscutables. [&#8230;]\n","protected":false},"author":1,"featured_media":0,"comment_status":"open","ping_status":"open","sticky":false,"template":"","format":"standard","meta":[],"categories":[6],"tags":[],"yoast_head":"<!-- This site is optimized with the Yoast SEO plugin v19.8 - https:\/\/yoast.com\/wordpress\/plugins\/seo\/ -->\n<title>OGCN-ASM : les compositions selon la presse - La Diagonale<\/title>\n<meta name=\"robots\" content=\"index, follow, max-snippet:-1, max-image-preview:large, max-video-preview:-1\" \/>\n<link rel=\"canonical\" href=\"https:\/\/www.ladiagonale.net\/index.php\/2022\/09\/04\/ogcn-asm-les-compositions-selon-la-presse\/\" \/>\n<meta property=\"og:locale\" content=\"fr_FR\" \/>\n<meta property=\"og:type\" content=\"article\" \/>\n<meta property=\"og:title\" content=\"OGCN-ASM : les compositions selon la presse - La Diagonale\" \/>\n<meta property=\"og:description\" content=\"Face \u00e0 Nice, Monaco pourrait potentiellement retrouver une d\u00e9fense \u00e0 quatre.L\u2019\u00c9quipeetNice-Matinvoient le m\u00eame onze de d\u00e9part pour d\u00e9buter cette rencontre. Pour remplacer Maripan, suspendu, Badiashile serait align\u00e9 avec Disasi. En difficult\u00e9 contre Troyes, Vanderson pourrait laisser sa place \u00e0 Aguilar, dont l&rsquo;entr\u00e9e n&rsquo;\u00e9tait gu\u00e8re meilleure. Au milieu de terrain, Fofana et Camara semblent d\u00e9j\u00e0 indiscutables. [...]\" \/>\n<meta property=\"og:url\" content=\"https:\/\/www.ladiagonale.net\/index.php\/2022\/09\/04\/ogcn-asm-les-compositions-selon-la-presse\/\" \/>\n<meta property=\"og:site_name\" content=\"La Diagonale\" \/>\n<meta property=\"article:published_time\" content=\"2022-09-03T22:00:00+00:00\" \/>\n<meta name=\"author\" content=\"admin\" \/>\n<meta name=\"twitter:card\" content=\"summary_large_image\" \/>\n<meta name=\"twitter:label1\" content=\"\u00c9crit par\" \/>\n\t<meta name=\"twitter:data1\" content=\"admin\" \/>\n\t<meta name=\"twitter:label2\" content=\"Dur\u00e9e de lecture estim\u00e9e\" \/>\n\t<meta name=\"twitter:data2\" content=\"1 minute\" \/>\n<script type=\"application\/ld+json\" class=\"yoast-schema-graph\">{\"@context\":\"https:\/\/schema.org\",\"@graph\":[{\"@type\":\"WebPage\",\"@id\":\"https:\/\/www.ladiagonale.net\/index.php\/2022\/09\/04\/ogcn-asm-les-compositions-selon-la-presse\/\",\"url\":\"https:\/\/www.ladiagonale.net\/index.php\/2022\/09\/04\/ogcn-asm-les-compositions-selon-la-presse\/\",\"name\":\"OGCN-ASM : les compositions selon la presse - La Diagonale\",\"isPartOf\":{\"@id\":\"https:\/\/www.ladiagonale.net\/#website\"},\"datePublished\":\"2022-09-03T22:00:00+00:00\",\"dateModified\":\"2022-09-03T22:00:00+00:00\",\"author\":{\"@id\":\"https:\/\/www.ladiagonale.net\/#\/schema\/person\/03fa041acd51875ece8bf97a37252a4d\"},\"breadcrumb\":{\"@id\":\"https:\/\/www.ladiagonale.net\/index.php\/2022\/09\/04\/ogcn-asm-les-compositions-selon-la-presse\/#breadcrumb\"},\"inLanguage\":\"fr-FR\",\"potentialAction\":[{\"@type\":\"ReadAction\",\"target\":[\"https:\/\/www.ladiagonale.net\/index.php\/2022\/09\/04\/ogcn-asm-les-compositions-selon-la-presse\/\"]}]},{\"@type\":\"BreadcrumbList\",\"@id\":\"https:\/\/www.ladiagonale.net\/index.php\/2022\/09\/04\/ogcn-asm-les-compositions-selon-la-presse\/#breadcrumb\",\"itemListElement\":[{\"@type\":\"ListItem\",\"position\":1,\"name\":\"Accueil\",\"item\":\"https:\/\/www.ladiagonale.net\/\"},{\"@type\":\"ListItem\",\"position\":2,\"name\":\"OGCN-ASM : les compositions selon la presse\"}]},{\"@type\":\"WebSite\",\"@id\":\"https:\/\/www.ladiagonale.net\/#website\",\"url\":\"https:\/\/www.ladiagonale.net\/\",\"name\":\"La Diagonale\",\"description\":\"Le site des supporters de l&#039;AS Monaco FC\",\"potentialAction\":[{\"@type\":\"SearchAction\",\"target\":{\"@type\":\"EntryPoint\",\"urlTemplate\":\"https:\/\/www.ladiagonale.net\/?s={search_term_string}\"},\"query-input\":\"required name=search_term_string\"}],\"inLanguage\":\"fr-FR\"},{\"@type\":\"Person\",\"@id\":\"https:\/\/www.ladiagonale.net\/#\/schema\/person\/03fa041acd51875ece8bf97a37252a4d\",\"name\":\"admin\",\"image\":{\"@type\":\"ImageObject\",\"inLanguage\":\"fr-FR\",\"@id\":\"https:\/\/www.ladiagonale.net\/#\/schema\/person\/image\/\",\"url\":\"https:\/\/secure.gravatar.com\/avatar\/894b9daaf19cc759b072b6bb09cac5f2?s=96&d=mm&r=g\",\"contentUrl\":\"https:\/\/secure.gravatar.com\/avatar\/894b9daaf19cc759b072b6bb09cac5f2?s=96&d=mm&r=g\",\"caption\":\"admin\"},\"sameAs\":[\"https:\/\/v2.ladiagonale.net\"],\"url\":\"https:\/\/www.ladiagonale.net\/index.php\/author\/admin\/\"}]}<\/script>\n<!-- \/ Yoast SEO plugin. -->","yoast_head_json":{"title":"OGCN-ASM : les compositions selon la presse - La Diagonale","robots":{"index":"index","follow":"follow","max-snippet":"max-snippet:-1","max-image-preview":"max-image-preview:large","max-video-preview":"max-video-preview:-1"},"canonical":"https:\/\/www.ladiagonale.net\/index.php\/2022\/09\/04\/ogcn-asm-les-compositions-selon-la-presse\/","og_locale":"fr_FR","og_type":"article","og_title":"OGCN-ASM : les compositions selon la presse - La Diagonale","og_description":"Face \u00e0 Nice, Monaco pourrait potentiellement retrouver une d\u00e9fense \u00e0 quatre.L\u2019\u00c9quipeetNice-Matinvoient le m\u00eame onze de d\u00e9part pour d\u00e9buter cette rencontre. Pour remplacer Maripan, suspendu, Badiashile serait align\u00e9 avec Disasi. En difficult\u00e9 contre Troyes, Vanderson pourrait laisser sa place \u00e0 Aguilar, dont l&rsquo;entr\u00e9e n&rsquo;\u00e9tait gu\u00e8re meilleure. Au milieu de terrain, Fofana et Camara semblent d\u00e9j\u00e0 indiscutables. [...]","og_url":"https:\/\/www.ladiagonale.net\/index.php\/2022\/09\/04\/ogcn-asm-les-compositions-selon-la-presse\/","og_site_name":"La Diagonale","article_published_time":"2022-09-03T22:00:00+00:00","author":"admin","twitter_card":"summary_large_image","twitter_misc":{"\u00c9crit par":"admin","Dur\u00e9e de lecture estim\u00e9e":"1 minute"},"schema":{"@context":"https:\/\/schema.org","@graph":[{"@type":"WebPage","@id":"https:\/\/www.ladiagonale.net\/index.php\/2022\/09\/04\/ogcn-asm-les-compositions-selon-la-presse\/","url":"https:\/\/www.ladiagonale.net\/index.php\/2022\/09\/04\/ogcn-asm-les-compositions-selon-la-presse\/","name":"OGCN-ASM : les compositions selon la presse - La Diagonale","isPartOf":{"@id":"https:\/\/www.ladiagonale.net\/#website"},"datePublished":"2022-09-03T22:00:00+00:00","dateModified":"2022-09-03T22:00:00+00:00","author":{"@id":"https:\/\/www.ladiagonale.net\/#\/schema\/person\/03fa041acd51875ece8bf97a37252a4d"},"breadcrumb":{"@id":"https:\/\/www.ladiagonale.net\/index.php\/2022\/09\/04\/ogcn-asm-les-compositions-selon-la-presse\/#breadcrumb"},"inLanguage":"fr-FR","potentialAction":[{"@type":"ReadAction","target":["https:\/\/www.ladiagonale.net\/index.php\/2022\/09\/04\/ogcn-asm-les-compositions-selon-la-presse\/"]}]},{"@type":"BreadcrumbList","@id":"https:\/\/www.ladiagonale.net\/index.php\/2022\/09\/04\/ogcn-asm-les-compositions-selon-la-presse\/#breadcrumb","itemListElement":[{"@type":"ListItem","position":1,"name":"Accueil","item":"https:\/\/www.ladiagonale.net\/"},{"@type":"ListItem","position":2,"name":"OGCN-ASM : les compositions selon la presse"}]},{"@type":"WebSite","@id":"https:\/\/www.ladiagonale.net\/#website","url":"https:\/\/www.ladiagonale.net\/","name":"La Diagonale","description":"Le site des supporters de l&#039;AS Monaco FC","potentialAction":[{"@type":"SearchAction","target":{"@type":"EntryPoint","urlTemplate":"https:\/\/www.ladiagonale.net\/?s={search_term_string}"},"query-input":"required name=search_term_string"}],"inLanguage":"fr-FR"},{"@type":"Person","@id":"https:\/\/www.ladiagonale.net\/#\/schema\/person\/03fa041acd51875ece8bf97a37252a4d","name":"admin","image":{"@type":"ImageObject","inLanguage":"fr-FR","@id":"https:\/\/www.ladiagonale.net\/#\/schema\/person\/image\/","url":"https:\/\/secure.gravatar.com\/avatar\/894b9daaf19cc759b072b6bb09cac5f2?s=96&d=mm&r=g","contentUrl":"https:\/\/secure.gravatar.com\/avatar\/894b9daaf19cc759b072b6bb09cac5f2?s=96&d=mm&r=g","caption":"admin"},"sameAs":["https:\/\/v2.ladiagonale.net"],"url":"https:\/\/www.ladiagonale.net\/index.php\/author\/admin\/"}]}},"_links":{"self":[{"href":"https:\/\/www.ladiagonale.net\/index.php\/wp-json\/wp\/v2\/posts\/4284"}],"collection":[{"href":"https:\/\/www.ladiagonale.net\/index.php\/wp-json\/wp\/v2\/posts"}],"about":[{"href":"https:\/\/www.ladiagonale.net\/index.php\/wp-json\/wp\/v2\/types\/post"}],"author":[{"embeddable":true,"href":"https:\/\/www.ladiagonale.net\/index.php\/wp-json\/wp\/v2\/users\/1"}],"replies":[{"embeddable":true,"href":"https:\/\/www.ladiagonale.net\/index.php\/wp-json\/wp\/v2\/comments?post=4284"}],"version-history":[{"count":0,"href":"https:\/\/www.ladiagonale.net\/index.php\/wp-json\/wp\/v2\/posts\/4284\/revisions"}],"wp:attachment":[{"href":"https:\/\/www.ladiagonale.net\/index.php\/wp-json\/wp\/v2\/media?parent=4284"}],"wp:term":[{"taxonomy":"category","embeddable":true,"href":"https:\/\/www.ladiagonale.net\/index.php\/wp-json\/wp\/v2\/categories?post=4284"},{"taxonomy":"post_tag","embeddable":true,"href":"https:\/\/www.ladiagonale.net\/index.php\/wp-json\/wp\/v2\/tags?post=4284"}],"curies":[{"name":"wp","href":"https:\/\/api.w.org\/{rel}","templated":true}]}}