{"id":4424,"date":"2022-09-20T00:00:00","date_gmt":"2022-09-19T22:00:00","guid":{"rendered":"https:\/\/www.ladiagonale.net\/index.php\/2022\/09\/20\/maripan-selectionne-par-le-chili\/"},"modified":"2022-09-20T00:00:00","modified_gmt":"2022-09-19T22:00:00","slug":"maripan-selectionne-par-le-chili","status":"publish","type":"post","link":"https:\/\/www.ladiagonale.net\/index.php\/2022\/09\/20\/maripan-selectionne-par-le-chili\/","title":{"rendered":"Marip\u00e1n s\u00e9lectionn\u00e9 par le Chili"},"content":{"rendered":"<p>Dans la longue liste des Rouge et Blanc partis en s\u00e9lection pour cette tr\u00eave internationale, il faut y ajouter Guillermo Marip\u00e1n. Le Chilien a rejoint laRojapour deux matchs amicaux contre le Maroc et la Qatar sans le moindre enjeu, puisque le Chili n&rsquo;est pas qualifi\u00e9 pour la prochaine Coupe du monde.<\/p>\n<p>Bonne nouvelle en plus, puisque les rencontres, qui se tiendront le 23 et le 27 septembre, auront lieu \u00e0 Barcelone et \u00e0 Vienne, ce qui \u00e9vitera au d\u00e9fenseur central de l&rsquo;AS Monaco un long voyage en direction de l&rsquo;Am\u00e9rique du Sud.<\/p>\n","protected":false},"excerpt":{"rendered":"<p>Dans la longue liste des Rouge et Blanc partis en s\u00e9lection pour cette tr\u00eave internationale, il faut y ajouter Guillermo Marip\u00e1n. Le Chilien a rejoint laRojapour deux matchs amicaux contre le Maroc et la Qatar sans le moindre enjeu, puisque le Chili n&rsquo;est pas qualifi\u00e9 pour la prochaine Coupe du monde. Bonne nouvelle en plus, [&#8230;]\n","protected":false},"author":1,"featured_media":0,"comment_status":"open","ping_status":"open","sticky":false,"template":"","format":"standard","meta":[],"categories":[6],"tags":[],"yoast_head":"<!-- This site is optimized with the Yoast SEO plugin v19.8 - https:\/\/yoast.com\/wordpress\/plugins\/seo\/ -->\n<title>Marip\u00e1n s\u00e9lectionn\u00e9 par le Chili - La Diagonale<\/title>\n<meta name=\"robots\" content=\"index, follow, max-snippet:-1, max-image-preview:large, max-video-preview:-1\" \/>\n<link rel=\"canonical\" href=\"https:\/\/www.ladiagonale.net\/index.php\/2022\/09\/20\/maripan-selectionne-par-le-chili\/\" \/>\n<meta property=\"og:locale\" content=\"fr_FR\" \/>\n<meta property=\"og:type\" content=\"article\" \/>\n<meta property=\"og:title\" content=\"Marip\u00e1n s\u00e9lectionn\u00e9 par le Chili - La Diagonale\" \/>\n<meta property=\"og:description\" content=\"Dans la longue liste des Rouge et Blanc partis en s\u00e9lection pour cette tr\u00eave internationale, il faut y ajouter Guillermo Marip\u00e1n. Le Chilien a rejoint laRojapour deux matchs amicaux contre le Maroc et la Qatar sans le moindre enjeu, puisque le Chili n&rsquo;est pas qualifi\u00e9 pour la prochaine Coupe du monde. Bonne nouvelle en plus, [...]\" \/>\n<meta property=\"og:url\" content=\"https:\/\/www.ladiagonale.net\/index.php\/2022\/09\/20\/maripan-selectionne-par-le-chili\/\" \/>\n<meta property=\"og:site_name\" content=\"La Diagonale\" \/>\n<meta property=\"article:published_time\" content=\"2022-09-19T22:00:00+00:00\" \/>\n<meta name=\"author\" content=\"admin\" \/>\n<meta name=\"twitter:card\" content=\"summary_large_image\" \/>\n<meta name=\"twitter:label1\" content=\"\u00c9crit par\" \/>\n\t<meta name=\"twitter:data1\" content=\"admin\" \/>\n<script type=\"application\/ld+json\" class=\"yoast-schema-graph\">{\"@context\":\"https:\/\/schema.org\",\"@graph\":[{\"@type\":\"WebPage\",\"@id\":\"https:\/\/www.ladiagonale.net\/index.php\/2022\/09\/20\/maripan-selectionne-par-le-chili\/\",\"url\":\"https:\/\/www.ladiagonale.net\/index.php\/2022\/09\/20\/maripan-selectionne-par-le-chili\/\",\"name\":\"Marip\u00e1n s\u00e9lectionn\u00e9 par le Chili - La Diagonale\",\"isPartOf\":{\"@id\":\"https:\/\/www.ladiagonale.net\/#website\"},\"datePublished\":\"2022-09-19T22:00:00+00:00\",\"dateModified\":\"2022-09-19T22:00:00+00:00\",\"author\":{\"@id\":\"https:\/\/www.ladiagonale.net\/#\/schema\/person\/03fa041acd51875ece8bf97a37252a4d\"},\"breadcrumb\":{\"@id\":\"https:\/\/www.ladiagonale.net\/index.php\/2022\/09\/20\/maripan-selectionne-par-le-chili\/#breadcrumb\"},\"inLanguage\":\"fr-FR\",\"potentialAction\":[{\"@type\":\"ReadAction\",\"target\":[\"https:\/\/www.ladiagonale.net\/index.php\/2022\/09\/20\/maripan-selectionne-par-le-chili\/\"]}]},{\"@type\":\"BreadcrumbList\",\"@id\":\"https:\/\/www.ladiagonale.net\/index.php\/2022\/09\/20\/maripan-selectionne-par-le-chili\/#breadcrumb\",\"itemListElement\":[{\"@type\":\"ListItem\",\"position\":1,\"name\":\"Accueil\",\"item\":\"https:\/\/www.ladiagonale.net\/\"},{\"@type\":\"ListItem\",\"position\":2,\"name\":\"Marip\u00e1n s\u00e9lectionn\u00e9 par le Chili\"}]},{\"@type\":\"WebSite\",\"@id\":\"https:\/\/www.ladiagonale.net\/#website\",\"url\":\"https:\/\/www.ladiagonale.net\/\",\"name\":\"La Diagonale\",\"description\":\"Le site des supporters de l&#039;AS Monaco FC\",\"potentialAction\":[{\"@type\":\"SearchAction\",\"target\":{\"@type\":\"EntryPoint\",\"urlTemplate\":\"https:\/\/www.ladiagonale.net\/?s={search_term_string}\"},\"query-input\":\"required name=search_term_string\"}],\"inLanguage\":\"fr-FR\"},{\"@type\":\"Person\",\"@id\":\"https:\/\/www.ladiagonale.net\/#\/schema\/person\/03fa041acd51875ece8bf97a37252a4d\",\"name\":\"admin\",\"image\":{\"@type\":\"ImageObject\",\"inLanguage\":\"fr-FR\",\"@id\":\"https:\/\/www.ladiagonale.net\/#\/schema\/person\/image\/\",\"url\":\"https:\/\/secure.gravatar.com\/avatar\/894b9daaf19cc759b072b6bb09cac5f2?s=96&d=mm&r=g\",\"contentUrl\":\"https:\/\/secure.gravatar.com\/avatar\/894b9daaf19cc759b072b6bb09cac5f2?s=96&d=mm&r=g\",\"caption\":\"admin\"},\"sameAs\":[\"https:\/\/v2.ladiagonale.net\"],\"url\":\"https:\/\/www.ladiagonale.net\/index.php\/author\/admin\/\"}]}<\/script>\n<!-- \/ Yoast SEO plugin. -->","yoast_head_json":{"title":"Marip\u00e1n s\u00e9lectionn\u00e9 par le Chili - La Diagonale","robots":{"index":"index","follow":"follow","max-snippet":"max-snippet:-1","max-image-preview":"max-image-preview:large","max-video-preview":"max-video-preview:-1"},"canonical":"https:\/\/www.ladiagonale.net\/index.php\/2022\/09\/20\/maripan-selectionne-par-le-chili\/","og_locale":"fr_FR","og_type":"article","og_title":"Marip\u00e1n s\u00e9lectionn\u00e9 par le Chili - La Diagonale","og_description":"Dans la longue liste des Rouge et Blanc partis en s\u00e9lection pour cette tr\u00eave internationale, il faut y ajouter Guillermo Marip\u00e1n. Le Chilien a rejoint laRojapour deux matchs amicaux contre le Maroc et la Qatar sans le moindre enjeu, puisque le Chili n&rsquo;est pas qualifi\u00e9 pour la prochaine Coupe du monde. Bonne nouvelle en plus, [...]","og_url":"https:\/\/www.ladiagonale.net\/index.php\/2022\/09\/20\/maripan-selectionne-par-le-chili\/","og_site_name":"La Diagonale","article_published_time":"2022-09-19T22:00:00+00:00","author":"admin","twitter_card":"summary_large_image","twitter_misc":{"\u00c9crit par":"admin"},"schema":{"@context":"https:\/\/schema.org","@graph":[{"@type":"WebPage","@id":"https:\/\/www.ladiagonale.net\/index.php\/2022\/09\/20\/maripan-selectionne-par-le-chili\/","url":"https:\/\/www.ladiagonale.net\/index.php\/2022\/09\/20\/maripan-selectionne-par-le-chili\/","name":"Marip\u00e1n s\u00e9lectionn\u00e9 par le Chili - La Diagonale","isPartOf":{"@id":"https:\/\/www.ladiagonale.net\/#website"},"datePublished":"2022-09-19T22:00:00+00:00","dateModified":"2022-09-19T22:00:00+00:00","author":{"@id":"https:\/\/www.ladiagonale.net\/#\/schema\/person\/03fa041acd51875ece8bf97a37252a4d"},"breadcrumb":{"@id":"https:\/\/www.ladiagonale.net\/index.php\/2022\/09\/20\/maripan-selectionne-par-le-chili\/#breadcrumb"},"inLanguage":"fr-FR","potentialAction":[{"@type":"ReadAction","target":["https:\/\/www.ladiagonale.net\/index.php\/2022\/09\/20\/maripan-selectionne-par-le-chili\/"]}]},{"@type":"BreadcrumbList","@id":"https:\/\/www.ladiagonale.net\/index.php\/2022\/09\/20\/maripan-selectionne-par-le-chili\/#breadcrumb","itemListElement":[{"@type":"ListItem","position":1,"name":"Accueil","item":"https:\/\/www.ladiagonale.net\/"},{"@type":"ListItem","position":2,"name":"Marip\u00e1n s\u00e9lectionn\u00e9 par le Chili"}]},{"@type":"WebSite","@id":"https:\/\/www.ladiagonale.net\/#website","url":"https:\/\/www.ladiagonale.net\/","name":"La Diagonale","description":"Le site des supporters de l&#039;AS Monaco FC","potentialAction":[{"@type":"SearchAction","target":{"@type":"EntryPoint","urlTemplate":"https:\/\/www.ladiagonale.net\/?s={search_term_string}"},"query-input":"required name=search_term_string"}],"inLanguage":"fr-FR"},{"@type":"Person","@id":"https:\/\/www.ladiagonale.net\/#\/schema\/person\/03fa041acd51875ece8bf97a37252a4d","name":"admin","image":{"@type":"ImageObject","inLanguage":"fr-FR","@id":"https:\/\/www.ladiagonale.net\/#\/schema\/person\/image\/","url":"https:\/\/secure.gravatar.com\/avatar\/894b9daaf19cc759b072b6bb09cac5f2?s=96&d=mm&r=g","contentUrl":"https:\/\/secure.gravatar.com\/avatar\/894b9daaf19cc759b072b6bb09cac5f2?s=96&d=mm&r=g","caption":"admin"},"sameAs":["https:\/\/v2.ladiagonale.net"],"url":"https:\/\/www.ladiagonale.net\/index.php\/author\/admin\/"}]}},"_links":{"self":[{"href":"https:\/\/www.ladiagonale.net\/index.php\/wp-json\/wp\/v2\/posts\/4424"}],"collection":[{"href":"https:\/\/www.ladiagonale.net\/index.php\/wp-json\/wp\/v2\/posts"}],"about":[{"href":"https:\/\/www.ladiagonale.net\/index.php\/wp-json\/wp\/v2\/types\/post"}],"author":[{"embeddable":true,"href":"https:\/\/www.ladiagonale.net\/index.php\/wp-json\/wp\/v2\/users\/1"}],"replies":[{"embeddable":true,"href":"https:\/\/www.ladiagonale.net\/index.php\/wp-json\/wp\/v2\/comments?post=4424"}],"version-history":[{"count":0,"href":"https:\/\/www.ladiagonale.net\/index.php\/wp-json\/wp\/v2\/posts\/4424\/revisions"}],"wp:attachment":[{"href":"https:\/\/www.ladiagonale.net\/index.php\/wp-json\/wp\/v2\/media?parent=4424"}],"wp:term":[{"taxonomy":"category","embeddable":true,"href":"https:\/\/www.ladiagonale.net\/index.php\/wp-json\/wp\/v2\/categories?post=4424"},{"taxonomy":"post_tag","embeddable":true,"href":"https:\/\/www.ladiagonale.net\/index.php\/wp-json\/wp\/v2\/tags?post=4424"}],"curies":[{"name":"wp","href":"https:\/\/api.w.org\/{rel}","templated":true}]}}