{"id":449,"date":"2022-01-05T20:13:00","date_gmt":"2022-01-05T19:13:00","guid":{"rendered":"https:\/\/www.ladiagonale.net\/index.php\/2022\/01\/05\/monaco-sexprime-enfin-sur-kovac\/"},"modified":"2023-06-07T14:02:06","modified_gmt":"2023-06-07T12:02:06","slug":"monaco-sexprime-enfin-sur-kovac","status":"publish","type":"post","link":"https:\/\/www.ladiagonale.net\/index.php\/2022\/01\/05\/monaco-sexprime-enfin-sur-kovac\/","title":{"rendered":"Monaco s\u2019exprime enfin sur Kovac"},"content":{"rendered":"\n\n\n<p>Alors que la d\u00e9cision abrupte et le communiqu\u00e9 glacial avaient choqu\u00e9 bon nombre d\u2019observateurs, Oleg Petrov est revenu sur le sujet de l\u2019\u00e9viction de Niko Kovac en pr\u00e9ambule de la conf\u00e9rence de presse. Le vice-pr\u00e9sident de l\u2019ASM a expliqu\u00e9 pourquoi un tel choix : \u00ab <em>\u00c0 la fin de l\u2019ann\u00e9e, nous avons fait une analyse compl\u00e8te de la situation qui nous a conduit \u00e0 cette d\u00e9cision de changer le staff technique. C\u2019est une d\u00e9cision difficile et jamais agr\u00e9able.<\/em> \u00bb Le Russe a toutefois tenu \u00e0 remercier Kovac pour son travail : \u00ab <em>Je voudrais remercier Niko (Kovac) et son staff pour ce qui a \u00e9t\u00e9 fait. Ils ont contribu\u00e9 \u00e0 la mise en place de la premi\u00e8re phase de notre projet sportif et nous lui souhaitons le meilleur pour la suite.<\/em> \u00bb<\/p>\n\n\n\n<p>Questionn\u00e9 \u00e0 son tour par les journalistes, Paul Mitchell s\u2019est \u00e9galement vu demander pour quelle raison Kovac n\u2019\u00e9tait plus l\u2019homme de la situation. L\u2019Anglais a pr\u00e9cis\u00e9 avoir \u00ab <em>le plus grand respect sur le travail de Niko (Kovac) depuis plusieurs mois. Nous avons construit les fondations de notre projet sportif.<\/em> \u00bb Mais pour les dirigeants as\u00e9mistes, Kovac \u00e9tait loin des objectifs du club : \u00ab <em>Nous avons senti depuis cet \u00e9t\u00e9 que le potentiel de l\u2019\u00e9quipe n\u2019avait pas \u00e9t\u00e9 pleinement exploit\u00e9<\/em>, a-t-il ajout\u00e9. <em>En premi\u00e8re partie d\u2019ann\u00e9e 2021, nous avions montr\u00e9 des signaux tr\u00e8s positifs et nous consid\u00e9rions que nous avions une longueur d\u2019avance sur nos rivaux. Nous avons constat\u00e9 que nous n\u2019avons pas \u00e9t\u00e9 une seule fois dans le top 5 en Ligue 1, cette saison et que nous sommes \u00e0 17 points du favori en L1. Cet \u00e9cart est beaucoup trop grand.<\/em> \u00bb<\/p>\n","protected":false},"excerpt":{"rendered":"<p>Alors que la d\u00e9cision abrupte et le communiqu\u00e9 glacial avaient choqu\u00e9 bon nombre d\u2019observateurs, Oleg Petrov est revenu sur le sujet de l\u2019\u00e9viction de Niko Kovac en pr\u00e9ambule de la conf\u00e9rence de presse. Le vice-pr\u00e9sident de l\u2019ASM a expliqu\u00e9 pourquoi un tel choix : \u00ab \u00c0 la fin de l\u2019ann\u00e9e, nous avons fait une analyse [&#8230;]\n","protected":false},"author":2,"featured_media":0,"comment_status":"open","ping_status":"open","sticky":false,"template":"","format":"standard","meta":[],"categories":[6],"tags":[86,221,168,192],"yoast_head":"<!-- This site is optimized with the Yoast SEO plugin v19.8 - https:\/\/yoast.com\/wordpress\/plugins\/seo\/ -->\n<title>Monaco s\u2019exprime enfin sur Kovac - La Diagonale<\/title>\n<meta name=\"robots\" content=\"index, follow, max-snippet:-1, max-image-preview:large, max-video-preview:-1\" \/>\n<link rel=\"canonical\" href=\"https:\/\/www.ladiagonale.net\/index.php\/2022\/01\/05\/monaco-sexprime-enfin-sur-kovac\/\" \/>\n<meta property=\"og:locale\" content=\"fr_FR\" \/>\n<meta property=\"og:type\" content=\"article\" \/>\n<meta property=\"og:title\" content=\"Monaco s\u2019exprime enfin sur Kovac - La Diagonale\" \/>\n<meta property=\"og:description\" content=\"Alors que la d\u00e9cision abrupte et le communiqu\u00e9 glacial avaient choqu\u00e9 bon nombre d\u2019observateurs, Oleg Petrov est revenu sur le sujet de l\u2019\u00e9viction de Niko Kovac en pr\u00e9ambule de la conf\u00e9rence de presse. Le vice-pr\u00e9sident de l\u2019ASM a expliqu\u00e9 pourquoi un tel choix : \u00ab \u00c0 la fin de l\u2019ann\u00e9e, nous avons fait une analyse [...]\" \/>\n<meta property=\"og:url\" content=\"https:\/\/www.ladiagonale.net\/index.php\/2022\/01\/05\/monaco-sexprime-enfin-sur-kovac\/\" \/>\n<meta property=\"og:site_name\" content=\"La Diagonale\" \/>\n<meta property=\"article:published_time\" content=\"2022-01-05T19:13:00+00:00\" \/>\n<meta property=\"article:modified_time\" content=\"2023-06-07T12:02:06+00:00\" \/>\n<meta name=\"author\" content=\"Damien Dellerba\" \/>\n<meta name=\"twitter:card\" content=\"summary_large_image\" \/>\n<meta name=\"twitter:label1\" content=\"\u00c9crit par\" \/>\n\t<meta name=\"twitter:data1\" content=\"Damien Dellerba\" \/>\n\t<meta name=\"twitter:label2\" content=\"Dur\u00e9e de lecture estim\u00e9e\" \/>\n\t<meta name=\"twitter:data2\" content=\"2 minutes\" \/>\n<script type=\"application\/ld+json\" class=\"yoast-schema-graph\">{\"@context\":\"https:\/\/schema.org\",\"@graph\":[{\"@type\":\"WebPage\",\"@id\":\"https:\/\/www.ladiagonale.net\/index.php\/2022\/01\/05\/monaco-sexprime-enfin-sur-kovac\/\",\"url\":\"https:\/\/www.ladiagonale.net\/index.php\/2022\/01\/05\/monaco-sexprime-enfin-sur-kovac\/\",\"name\":\"Monaco s\u2019exprime enfin sur Kovac - La Diagonale\",\"isPartOf\":{\"@id\":\"https:\/\/www.ladiagonale.net\/#website\"},\"datePublished\":\"2022-01-05T19:13:00+00:00\",\"dateModified\":\"2023-06-07T12:02:06+00:00\",\"author\":{\"@id\":\"https:\/\/www.ladiagonale.net\/#\/schema\/person\/79ff1e7b0853ed01b2aa26e64ad300bf\"},\"breadcrumb\":{\"@id\":\"https:\/\/www.ladiagonale.net\/index.php\/2022\/01\/05\/monaco-sexprime-enfin-sur-kovac\/#breadcrumb\"},\"inLanguage\":\"fr-FR\",\"potentialAction\":[{\"@type\":\"ReadAction\",\"target\":[\"https:\/\/www.ladiagonale.net\/index.php\/2022\/01\/05\/monaco-sexprime-enfin-sur-kovac\/\"]}]},{\"@type\":\"BreadcrumbList\",\"@id\":\"https:\/\/www.ladiagonale.net\/index.php\/2022\/01\/05\/monaco-sexprime-enfin-sur-kovac\/#breadcrumb\",\"itemListElement\":[{\"@type\":\"ListItem\",\"position\":1,\"name\":\"Accueil\",\"item\":\"https:\/\/www.ladiagonale.net\/\"},{\"@type\":\"ListItem\",\"position\":2,\"name\":\"Monaco s\u2019exprime enfin sur Kovac\"}]},{\"@type\":\"WebSite\",\"@id\":\"https:\/\/www.ladiagonale.net\/#website\",\"url\":\"https:\/\/www.ladiagonale.net\/\",\"name\":\"La Diagonale\",\"description\":\"Le site des supporters de l&#039;AS Monaco FC\",\"potentialAction\":[{\"@type\":\"SearchAction\",\"target\":{\"@type\":\"EntryPoint\",\"urlTemplate\":\"https:\/\/www.ladiagonale.net\/?s={search_term_string}\"},\"query-input\":\"required name=search_term_string\"}],\"inLanguage\":\"fr-FR\"},{\"@type\":\"Person\",\"@id\":\"https:\/\/www.ladiagonale.net\/#\/schema\/person\/79ff1e7b0853ed01b2aa26e64ad300bf\",\"name\":\"Damien Dellerba\",\"image\":{\"@type\":\"ImageObject\",\"inLanguage\":\"fr-FR\",\"@id\":\"https:\/\/www.ladiagonale.net\/#\/schema\/person\/image\/\",\"url\":\"https:\/\/secure.gravatar.com\/avatar\/c7850e06d3ff63cdbaee88b7fc16e2f0?s=96&d=mm&r=g\",\"contentUrl\":\"https:\/\/secure.gravatar.com\/avatar\/c7850e06d3ff63cdbaee88b7fc16e2f0?s=96&d=mm&r=g\",\"caption\":\"Damien Dellerba\"},\"url\":\"https:\/\/www.ladiagonale.net\/index.php\/author\/damien\/\"}]}<\/script>\n<!-- \/ Yoast SEO plugin. -->","yoast_head_json":{"title":"Monaco s\u2019exprime enfin sur Kovac - La Diagonale","robots":{"index":"index","follow":"follow","max-snippet":"max-snippet:-1","max-image-preview":"max-image-preview:large","max-video-preview":"max-video-preview:-1"},"canonical":"https:\/\/www.ladiagonale.net\/index.php\/2022\/01\/05\/monaco-sexprime-enfin-sur-kovac\/","og_locale":"fr_FR","og_type":"article","og_title":"Monaco s\u2019exprime enfin sur Kovac - La Diagonale","og_description":"Alors que la d\u00e9cision abrupte et le communiqu\u00e9 glacial avaient choqu\u00e9 bon nombre d\u2019observateurs, Oleg Petrov est revenu sur le sujet de l\u2019\u00e9viction de Niko Kovac en pr\u00e9ambule de la conf\u00e9rence de presse. Le vice-pr\u00e9sident de l\u2019ASM a expliqu\u00e9 pourquoi un tel choix : \u00ab \u00c0 la fin de l\u2019ann\u00e9e, nous avons fait une analyse [...]","og_url":"https:\/\/www.ladiagonale.net\/index.php\/2022\/01\/05\/monaco-sexprime-enfin-sur-kovac\/","og_site_name":"La Diagonale","article_published_time":"2022-01-05T19:13:00+00:00","article_modified_time":"2023-06-07T12:02:06+00:00","author":"Damien Dellerba","twitter_card":"summary_large_image","twitter_misc":{"\u00c9crit par":"Damien Dellerba","Dur\u00e9e de lecture estim\u00e9e":"2 minutes"},"schema":{"@context":"https:\/\/schema.org","@graph":[{"@type":"WebPage","@id":"https:\/\/www.ladiagonale.net\/index.php\/2022\/01\/05\/monaco-sexprime-enfin-sur-kovac\/","url":"https:\/\/www.ladiagonale.net\/index.php\/2022\/01\/05\/monaco-sexprime-enfin-sur-kovac\/","name":"Monaco s\u2019exprime enfin sur Kovac - La Diagonale","isPartOf":{"@id":"https:\/\/www.ladiagonale.net\/#website"},"datePublished":"2022-01-05T19:13:00+00:00","dateModified":"2023-06-07T12:02:06+00:00","author":{"@id":"https:\/\/www.ladiagonale.net\/#\/schema\/person\/79ff1e7b0853ed01b2aa26e64ad300bf"},"breadcrumb":{"@id":"https:\/\/www.ladiagonale.net\/index.php\/2022\/01\/05\/monaco-sexprime-enfin-sur-kovac\/#breadcrumb"},"inLanguage":"fr-FR","potentialAction":[{"@type":"ReadAction","target":["https:\/\/www.ladiagonale.net\/index.php\/2022\/01\/05\/monaco-sexprime-enfin-sur-kovac\/"]}]},{"@type":"BreadcrumbList","@id":"https:\/\/www.ladiagonale.net\/index.php\/2022\/01\/05\/monaco-sexprime-enfin-sur-kovac\/#breadcrumb","itemListElement":[{"@type":"ListItem","position":1,"name":"Accueil","item":"https:\/\/www.ladiagonale.net\/"},{"@type":"ListItem","position":2,"name":"Monaco s\u2019exprime enfin sur Kovac"}]},{"@type":"WebSite","@id":"https:\/\/www.ladiagonale.net\/#website","url":"https:\/\/www.ladiagonale.net\/","name":"La Diagonale","description":"Le site des supporters de l&#039;AS Monaco FC","potentialAction":[{"@type":"SearchAction","target":{"@type":"EntryPoint","urlTemplate":"https:\/\/www.ladiagonale.net\/?s={search_term_string}"},"query-input":"required name=search_term_string"}],"inLanguage":"fr-FR"},{"@type":"Person","@id":"https:\/\/www.ladiagonale.net\/#\/schema\/person\/79ff1e7b0853ed01b2aa26e64ad300bf","name":"Damien Dellerba","image":{"@type":"ImageObject","inLanguage":"fr-FR","@id":"https:\/\/www.ladiagonale.net\/#\/schema\/person\/image\/","url":"https:\/\/secure.gravatar.com\/avatar\/c7850e06d3ff63cdbaee88b7fc16e2f0?s=96&d=mm&r=g","contentUrl":"https:\/\/secure.gravatar.com\/avatar\/c7850e06d3ff63cdbaee88b7fc16e2f0?s=96&d=mm&r=g","caption":"Damien Dellerba"},"url":"https:\/\/www.ladiagonale.net\/index.php\/author\/damien\/"}]}},"_links":{"self":[{"href":"https:\/\/www.ladiagonale.net\/index.php\/wp-json\/wp\/v2\/posts\/449"}],"collection":[{"href":"https:\/\/www.ladiagonale.net\/index.php\/wp-json\/wp\/v2\/posts"}],"about":[{"href":"https:\/\/www.ladiagonale.net\/index.php\/wp-json\/wp\/v2\/types\/post"}],"author":[{"embeddable":true,"href":"https:\/\/www.ladiagonale.net\/index.php\/wp-json\/wp\/v2\/users\/2"}],"replies":[{"embeddable":true,"href":"https:\/\/www.ladiagonale.net\/index.php\/wp-json\/wp\/v2\/comments?post=449"}],"version-history":[{"count":2,"href":"https:\/\/www.ladiagonale.net\/index.php\/wp-json\/wp\/v2\/posts\/449\/revisions"}],"predecessor-version":[{"id":13193,"href":"https:\/\/www.ladiagonale.net\/index.php\/wp-json\/wp\/v2\/posts\/449\/revisions\/13193"}],"wp:attachment":[{"href":"https:\/\/www.ladiagonale.net\/index.php\/wp-json\/wp\/v2\/media?parent=449"}],"wp:term":[{"taxonomy":"category","embeddable":true,"href":"https:\/\/www.ladiagonale.net\/index.php\/wp-json\/wp\/v2\/categories?post=449"},{"taxonomy":"post_tag","embeddable":true,"href":"https:\/\/www.ladiagonale.net\/index.php\/wp-json\/wp\/v2\/tags?post=449"}],"curies":[{"name":"wp","href":"https:\/\/api.w.org\/{rel}","templated":true}]}}