{"id":4560,"date":"2022-09-24T00:21:18","date_gmt":"2022-09-23T22:21:18","guid":{"rendered":"https:\/\/www.ladiagonale.net\/?p=4560"},"modified":"2022-09-24T00:26:11","modified_gmt":"2022-09-23T22:26:11","slug":"maripan-forfait-minamino-sur-le-banc-camara-vainqueur-de-la-zambie","status":"publish","type":"post","link":"https:\/\/www.ladiagonale.net\/index.php\/2022\/09\/24\/maripan-forfait-minamino-sur-le-banc-camara-vainqueur-de-la-zambie\/","title":{"rendered":"Maripan forfait, Minamino sur le banc, Camara vainqueur de la Zambie"},"content":{"rendered":"\n\n\n<p>Ce vendredi, le Chili affrontait le Maroc \u00e0 Barcelone. Une rencontre \u00e0 laquelle Guillermo Maripan n&rsquo;a pas pris part. Le d\u00e9fenseur central souffre toujours de douleurs abdominales, ce qui l&rsquo;avait d\u00e9j\u00e0 contraint de d\u00e9clarer forfait la semaine derni\u00e8re contre Ferencvaros et Reims. Le Chili rencontrera le Qatar mardi prochain (19h) mais il n&rsquo;est pas s\u00fbr de voir le d\u00e9fenseur central y participer.<\/p>\n\n\n\n<p>Un peu plus t\u00f4t dans la journ\u00e9e, Takumi Minamino \u00e9tait sur le pont avec le Japon pour affronter les \u00c9tats-Unis, dans le cadre de la <em>Kirin Challenge Cup<\/em>. Mais le Mon\u00e9gasque est finalement rest\u00e9 sur le banc lors de cette rencontre remport\u00e9e par les <em>Samourai Blue<\/em> (2-0). Le milieu offensif aura sans doute l&rsquo;occasion de jouer face \u00e0 l&rsquo;\u00c9quateur mardi prochain (13h55).<\/p>\n\n\n\n<p>Mohamed Camara a bien effectu\u00e9 sa reprise avec le Mali. Titulaire au coup d&rsquo;envoi face \u00e0 la Zambie, le milieu de terrain de l&rsquo;AS Monaco a honor\u00e9 sa seizi\u00e8me s\u00e9lection avec les <em>Aigles<\/em>. Il a \u00e9t\u00e9 remplac\u00e9 \u00e0 la 63e minute de jeu et a donc contribu\u00e9 \u00e0 la victoire des siens (1-0). Le revanche entre les deux \u00e9quipes aura lieu lundi soir (21h).<\/p>\n","protected":false},"excerpt":{"rendered":"<p>Ce vendredi, le Chili affrontait le Maroc \u00e0 Barcelone. Une rencontre \u00e0 laquelle Guillermo Maripan n&rsquo;a pas pris part. Le d\u00e9fenseur central souffre toujours de douleurs abdominales, ce qui l&rsquo;avait d\u00e9j\u00e0 contraint de d\u00e9clarer forfait la semaine derni\u00e8re contre Ferencvaros et Reims. Le Chili rencontrera le Qatar mardi prochain (19h) mais il n&rsquo;est pas s\u00fbr [&#8230;]\n","protected":false},"author":2,"featured_media":0,"comment_status":"open","ping_status":"open","sticky":false,"template":"","format":"standard","meta":[],"categories":[6],"tags":[104,103,105],"yoast_head":"<!-- This site is optimized with the Yoast SEO plugin v19.8 - https:\/\/yoast.com\/wordpress\/plugins\/seo\/ -->\n<title>Maripan forfait, Minamino sur le banc, Camara vainqueur de la Zambie - La Diagonale<\/title>\n<meta name=\"robots\" content=\"index, follow, max-snippet:-1, max-image-preview:large, max-video-preview:-1\" \/>\n<link rel=\"canonical\" href=\"https:\/\/www.ladiagonale.net\/index.php\/2022\/09\/24\/maripan-forfait-minamino-sur-le-banc-camara-vainqueur-de-la-zambie\/\" \/>\n<meta property=\"og:locale\" content=\"fr_FR\" \/>\n<meta property=\"og:type\" content=\"article\" \/>\n<meta property=\"og:title\" content=\"Maripan forfait, Minamino sur le banc, Camara vainqueur de la Zambie - La Diagonale\" \/>\n<meta property=\"og:description\" content=\"Ce vendredi, le Chili affrontait le Maroc \u00e0 Barcelone. Une rencontre \u00e0 laquelle Guillermo Maripan n&rsquo;a pas pris part. Le d\u00e9fenseur central souffre toujours de douleurs abdominales, ce qui l&rsquo;avait d\u00e9j\u00e0 contraint de d\u00e9clarer forfait la semaine derni\u00e8re contre Ferencvaros et Reims. Le Chili rencontrera le Qatar mardi prochain (19h) mais il n&rsquo;est pas s\u00fbr [...]\" \/>\n<meta property=\"og:url\" content=\"https:\/\/www.ladiagonale.net\/index.php\/2022\/09\/24\/maripan-forfait-minamino-sur-le-banc-camara-vainqueur-de-la-zambie\/\" \/>\n<meta property=\"og:site_name\" content=\"La Diagonale\" \/>\n<meta property=\"article:published_time\" content=\"2022-09-23T22:21:18+00:00\" \/>\n<meta property=\"article:modified_time\" content=\"2022-09-23T22:26:11+00:00\" \/>\n<meta name=\"author\" content=\"Damien Dellerba\" \/>\n<meta name=\"twitter:card\" content=\"summary_large_image\" \/>\n<meta name=\"twitter:label1\" content=\"\u00c9crit par\" \/>\n\t<meta name=\"twitter:data1\" content=\"Damien Dellerba\" \/>\n\t<meta name=\"twitter:label2\" content=\"Dur\u00e9e de lecture estim\u00e9e\" \/>\n\t<meta name=\"twitter:data2\" content=\"1 minute\" \/>\n<script type=\"application\/ld+json\" class=\"yoast-schema-graph\">{\"@context\":\"https:\/\/schema.org\",\"@graph\":[{\"@type\":\"WebPage\",\"@id\":\"https:\/\/www.ladiagonale.net\/index.php\/2022\/09\/24\/maripan-forfait-minamino-sur-le-banc-camara-vainqueur-de-la-zambie\/\",\"url\":\"https:\/\/www.ladiagonale.net\/index.php\/2022\/09\/24\/maripan-forfait-minamino-sur-le-banc-camara-vainqueur-de-la-zambie\/\",\"name\":\"Maripan forfait, Minamino sur le banc, Camara vainqueur de la Zambie - La Diagonale\",\"isPartOf\":{\"@id\":\"https:\/\/www.ladiagonale.net\/#website\"},\"datePublished\":\"2022-09-23T22:21:18+00:00\",\"dateModified\":\"2022-09-23T22:26:11+00:00\",\"author\":{\"@id\":\"https:\/\/www.ladiagonale.net\/#\/schema\/person\/79ff1e7b0853ed01b2aa26e64ad300bf\"},\"breadcrumb\":{\"@id\":\"https:\/\/www.ladiagonale.net\/index.php\/2022\/09\/24\/maripan-forfait-minamino-sur-le-banc-camara-vainqueur-de-la-zambie\/#breadcrumb\"},\"inLanguage\":\"fr-FR\",\"potentialAction\":[{\"@type\":\"ReadAction\",\"target\":[\"https:\/\/www.ladiagonale.net\/index.php\/2022\/09\/24\/maripan-forfait-minamino-sur-le-banc-camara-vainqueur-de-la-zambie\/\"]}]},{\"@type\":\"BreadcrumbList\",\"@id\":\"https:\/\/www.ladiagonale.net\/index.php\/2022\/09\/24\/maripan-forfait-minamino-sur-le-banc-camara-vainqueur-de-la-zambie\/#breadcrumb\",\"itemListElement\":[{\"@type\":\"ListItem\",\"position\":1,\"name\":\"Accueil\",\"item\":\"https:\/\/www.ladiagonale.net\/\"},{\"@type\":\"ListItem\",\"position\":2,\"name\":\"Maripan forfait, Minamino sur le banc, Camara vainqueur de la Zambie\"}]},{\"@type\":\"WebSite\",\"@id\":\"https:\/\/www.ladiagonale.net\/#website\",\"url\":\"https:\/\/www.ladiagonale.net\/\",\"name\":\"La Diagonale\",\"description\":\"Le site des supporters de l&#039;AS Monaco FC\",\"potentialAction\":[{\"@type\":\"SearchAction\",\"target\":{\"@type\":\"EntryPoint\",\"urlTemplate\":\"https:\/\/www.ladiagonale.net\/?s={search_term_string}\"},\"query-input\":\"required name=search_term_string\"}],\"inLanguage\":\"fr-FR\"},{\"@type\":\"Person\",\"@id\":\"https:\/\/www.ladiagonale.net\/#\/schema\/person\/79ff1e7b0853ed01b2aa26e64ad300bf\",\"name\":\"Damien Dellerba\",\"image\":{\"@type\":\"ImageObject\",\"inLanguage\":\"fr-FR\",\"@id\":\"https:\/\/www.ladiagonale.net\/#\/schema\/person\/image\/\",\"url\":\"https:\/\/secure.gravatar.com\/avatar\/c7850e06d3ff63cdbaee88b7fc16e2f0?s=96&d=mm&r=g\",\"contentUrl\":\"https:\/\/secure.gravatar.com\/avatar\/c7850e06d3ff63cdbaee88b7fc16e2f0?s=96&d=mm&r=g\",\"caption\":\"Damien Dellerba\"},\"url\":\"https:\/\/www.ladiagonale.net\/index.php\/author\/damien\/\"}]}<\/script>\n<!-- \/ Yoast SEO plugin. -->","yoast_head_json":{"title":"Maripan forfait, Minamino sur le banc, Camara vainqueur de la Zambie - La Diagonale","robots":{"index":"index","follow":"follow","max-snippet":"max-snippet:-1","max-image-preview":"max-image-preview:large","max-video-preview":"max-video-preview:-1"},"canonical":"https:\/\/www.ladiagonale.net\/index.php\/2022\/09\/24\/maripan-forfait-minamino-sur-le-banc-camara-vainqueur-de-la-zambie\/","og_locale":"fr_FR","og_type":"article","og_title":"Maripan forfait, Minamino sur le banc, Camara vainqueur de la Zambie - La Diagonale","og_description":"Ce vendredi, le Chili affrontait le Maroc \u00e0 Barcelone. Une rencontre \u00e0 laquelle Guillermo Maripan n&rsquo;a pas pris part. Le d\u00e9fenseur central souffre toujours de douleurs abdominales, ce qui l&rsquo;avait d\u00e9j\u00e0 contraint de d\u00e9clarer forfait la semaine derni\u00e8re contre Ferencvaros et Reims. Le Chili rencontrera le Qatar mardi prochain (19h) mais il n&rsquo;est pas s\u00fbr [...]","og_url":"https:\/\/www.ladiagonale.net\/index.php\/2022\/09\/24\/maripan-forfait-minamino-sur-le-banc-camara-vainqueur-de-la-zambie\/","og_site_name":"La Diagonale","article_published_time":"2022-09-23T22:21:18+00:00","article_modified_time":"2022-09-23T22:26:11+00:00","author":"Damien Dellerba","twitter_card":"summary_large_image","twitter_misc":{"\u00c9crit par":"Damien Dellerba","Dur\u00e9e de lecture estim\u00e9e":"1 minute"},"schema":{"@context":"https:\/\/schema.org","@graph":[{"@type":"WebPage","@id":"https:\/\/www.ladiagonale.net\/index.php\/2022\/09\/24\/maripan-forfait-minamino-sur-le-banc-camara-vainqueur-de-la-zambie\/","url":"https:\/\/www.ladiagonale.net\/index.php\/2022\/09\/24\/maripan-forfait-minamino-sur-le-banc-camara-vainqueur-de-la-zambie\/","name":"Maripan forfait, Minamino sur le banc, Camara vainqueur de la Zambie - La Diagonale","isPartOf":{"@id":"https:\/\/www.ladiagonale.net\/#website"},"datePublished":"2022-09-23T22:21:18+00:00","dateModified":"2022-09-23T22:26:11+00:00","author":{"@id":"https:\/\/www.ladiagonale.net\/#\/schema\/person\/79ff1e7b0853ed01b2aa26e64ad300bf"},"breadcrumb":{"@id":"https:\/\/www.ladiagonale.net\/index.php\/2022\/09\/24\/maripan-forfait-minamino-sur-le-banc-camara-vainqueur-de-la-zambie\/#breadcrumb"},"inLanguage":"fr-FR","potentialAction":[{"@type":"ReadAction","target":["https:\/\/www.ladiagonale.net\/index.php\/2022\/09\/24\/maripan-forfait-minamino-sur-le-banc-camara-vainqueur-de-la-zambie\/"]}]},{"@type":"BreadcrumbList","@id":"https:\/\/www.ladiagonale.net\/index.php\/2022\/09\/24\/maripan-forfait-minamino-sur-le-banc-camara-vainqueur-de-la-zambie\/#breadcrumb","itemListElement":[{"@type":"ListItem","position":1,"name":"Accueil","item":"https:\/\/www.ladiagonale.net\/"},{"@type":"ListItem","position":2,"name":"Maripan forfait, Minamino sur le banc, Camara vainqueur de la Zambie"}]},{"@type":"WebSite","@id":"https:\/\/www.ladiagonale.net\/#website","url":"https:\/\/www.ladiagonale.net\/","name":"La Diagonale","description":"Le site des supporters de l&#039;AS Monaco FC","potentialAction":[{"@type":"SearchAction","target":{"@type":"EntryPoint","urlTemplate":"https:\/\/www.ladiagonale.net\/?s={search_term_string}"},"query-input":"required name=search_term_string"}],"inLanguage":"fr-FR"},{"@type":"Person","@id":"https:\/\/www.ladiagonale.net\/#\/schema\/person\/79ff1e7b0853ed01b2aa26e64ad300bf","name":"Damien Dellerba","image":{"@type":"ImageObject","inLanguage":"fr-FR","@id":"https:\/\/www.ladiagonale.net\/#\/schema\/person\/image\/","url":"https:\/\/secure.gravatar.com\/avatar\/c7850e06d3ff63cdbaee88b7fc16e2f0?s=96&d=mm&r=g","contentUrl":"https:\/\/secure.gravatar.com\/avatar\/c7850e06d3ff63cdbaee88b7fc16e2f0?s=96&d=mm&r=g","caption":"Damien Dellerba"},"url":"https:\/\/www.ladiagonale.net\/index.php\/author\/damien\/"}]}},"_links":{"self":[{"href":"https:\/\/www.ladiagonale.net\/index.php\/wp-json\/wp\/v2\/posts\/4560"}],"collection":[{"href":"https:\/\/www.ladiagonale.net\/index.php\/wp-json\/wp\/v2\/posts"}],"about":[{"href":"https:\/\/www.ladiagonale.net\/index.php\/wp-json\/wp\/v2\/types\/post"}],"author":[{"embeddable":true,"href":"https:\/\/www.ladiagonale.net\/index.php\/wp-json\/wp\/v2\/users\/2"}],"replies":[{"embeddable":true,"href":"https:\/\/www.ladiagonale.net\/index.php\/wp-json\/wp\/v2\/comments?post=4560"}],"version-history":[{"count":1,"href":"https:\/\/www.ladiagonale.net\/index.php\/wp-json\/wp\/v2\/posts\/4560\/revisions"}],"predecessor-version":[{"id":4561,"href":"https:\/\/www.ladiagonale.net\/index.php\/wp-json\/wp\/v2\/posts\/4560\/revisions\/4561"}],"wp:attachment":[{"href":"https:\/\/www.ladiagonale.net\/index.php\/wp-json\/wp\/v2\/media?parent=4560"}],"wp:term":[{"taxonomy":"category","embeddable":true,"href":"https:\/\/www.ladiagonale.net\/index.php\/wp-json\/wp\/v2\/categories?post=4560"},{"taxonomy":"post_tag","embeddable":true,"href":"https:\/\/www.ladiagonale.net\/index.php\/wp-json\/wp\/v2\/tags?post=4560"}],"curies":[{"name":"wp","href":"https:\/\/api.w.org\/{rel}","templated":true}]}}