{"id":4563,"date":"2022-09-24T01:43:46","date_gmt":"2022-09-23T23:43:46","guid":{"rendered":"https:\/\/www.ladiagonale.net\/?p=4563"},"modified":"2022-09-25T13:18:19","modified_gmt":"2022-09-25T11:18:19","slug":"olmeta-suscite-les-convoitises","status":"publish","type":"post","link":"https:\/\/www.ladiagonale.net\/index.php\/2022\/09\/24\/olmeta-suscite-les-convoitises\/","title":{"rendered":"Olmeta suscite les convoitises"},"content":{"rendered":"\n\n\n<p>La c\u00f4te de Lisandru Olmeta (17 ans) a fortement augment\u00e9 depuis le dernier Euro U17, qu&rsquo;il a remport\u00e9 avec l&rsquo;\u00c9quipe de France. Le portier de l&rsquo;Academy, qui \u00e9volue cette saison avec le Groupe \u00c9lite et les U19, avait \u00e9t\u00e9 tr\u00e8s important dans le succ\u00e8s des Bleuets, notamment dans deux s\u00e9ances de tirs aux but, en quart de finale et en demi-finale, respectivement contre l&rsquo;Allemagne et le Portugal. Des performances qui lui ont valu de faire la reprise sous les ordres de Philippe Clement en juin dernier.<\/p>\n\n\n\n<p>Mais les prestations du natif d&rsquo;Ajaccio n&rsquo;ont pas non plus \u00e9chapp\u00e9 aux recruteurs europ\u00e9ens, d&rsquo;apr\u00e8s <em>Le 10 Sport<\/em>. Des \u00e9missaires de clubs espagnols et anglais supervisent activement le fils de Pascal Olmeta depuis plusieurs semaines d\u00e9sormais. Des sollicitations qui poussent l&rsquo;ASM \u00e0 activer les n\u00e9gociations pour la signature d&rsquo;un premier contrat professionnel. Selon le m\u00e9dia fran\u00e7ais, l&rsquo;AS Monaco ne voudrait pas perdre son jeune gardien.<\/p>\n","protected":false},"excerpt":{"rendered":"<p>La c\u00f4te de Lisandru Olmeta (17 ans) a fortement augment\u00e9 depuis le dernier Euro U17, qu&rsquo;il a remport\u00e9 avec l&rsquo;\u00c9quipe de France. Le portier de l&rsquo;Academy, qui \u00e9volue cette saison avec le Groupe \u00c9lite et les U19, avait \u00e9t\u00e9 tr\u00e8s important dans le succ\u00e8s des Bleuets, notamment dans deux s\u00e9ances de tirs aux but, en [&#8230;]\n","protected":false},"author":2,"featured_media":0,"comment_status":"open","ping_status":"open","sticky":false,"template":"","format":"standard","meta":[],"categories":[4,6],"tags":[76,111,82],"yoast_head":"<!-- This site is optimized with the Yoast SEO plugin v19.8 - https:\/\/yoast.com\/wordpress\/plugins\/seo\/ -->\n<title>Olmeta suscite les convoitises - La Diagonale<\/title>\n<meta name=\"robots\" content=\"index, follow, max-snippet:-1, max-image-preview:large, max-video-preview:-1\" \/>\n<link rel=\"canonical\" href=\"https:\/\/www.ladiagonale.net\/index.php\/2022\/09\/24\/olmeta-suscite-les-convoitises\/\" \/>\n<meta property=\"og:locale\" content=\"fr_FR\" \/>\n<meta property=\"og:type\" content=\"article\" \/>\n<meta property=\"og:title\" content=\"Olmeta suscite les convoitises - La Diagonale\" \/>\n<meta property=\"og:description\" content=\"La c\u00f4te de Lisandru Olmeta (17 ans) a fortement augment\u00e9 depuis le dernier Euro U17, qu&rsquo;il a remport\u00e9 avec l&rsquo;\u00c9quipe de France. Le portier de l&rsquo;Academy, qui \u00e9volue cette saison avec le Groupe \u00c9lite et les U19, avait \u00e9t\u00e9 tr\u00e8s important dans le succ\u00e8s des Bleuets, notamment dans deux s\u00e9ances de tirs aux but, en [...]\" \/>\n<meta property=\"og:url\" content=\"https:\/\/www.ladiagonale.net\/index.php\/2022\/09\/24\/olmeta-suscite-les-convoitises\/\" \/>\n<meta property=\"og:site_name\" content=\"La Diagonale\" \/>\n<meta property=\"article:published_time\" content=\"2022-09-23T23:43:46+00:00\" \/>\n<meta property=\"article:modified_time\" content=\"2022-09-25T11:18:19+00:00\" \/>\n<meta name=\"author\" content=\"Damien Dellerba\" \/>\n<meta name=\"twitter:card\" content=\"summary_large_image\" \/>\n<meta name=\"twitter:label1\" content=\"\u00c9crit par\" \/>\n\t<meta name=\"twitter:data1\" content=\"Damien Dellerba\" \/>\n\t<meta name=\"twitter:label2\" content=\"Dur\u00e9e de lecture estim\u00e9e\" \/>\n\t<meta name=\"twitter:data2\" content=\"1 minute\" \/>\n<script type=\"application\/ld+json\" class=\"yoast-schema-graph\">{\"@context\":\"https:\/\/schema.org\",\"@graph\":[{\"@type\":\"WebPage\",\"@id\":\"https:\/\/www.ladiagonale.net\/index.php\/2022\/09\/24\/olmeta-suscite-les-convoitises\/\",\"url\":\"https:\/\/www.ladiagonale.net\/index.php\/2022\/09\/24\/olmeta-suscite-les-convoitises\/\",\"name\":\"Olmeta suscite les convoitises - La Diagonale\",\"isPartOf\":{\"@id\":\"https:\/\/www.ladiagonale.net\/#website\"},\"datePublished\":\"2022-09-23T23:43:46+00:00\",\"dateModified\":\"2022-09-25T11:18:19+00:00\",\"author\":{\"@id\":\"https:\/\/www.ladiagonale.net\/#\/schema\/person\/79ff1e7b0853ed01b2aa26e64ad300bf\"},\"breadcrumb\":{\"@id\":\"https:\/\/www.ladiagonale.net\/index.php\/2022\/09\/24\/olmeta-suscite-les-convoitises\/#breadcrumb\"},\"inLanguage\":\"fr-FR\",\"potentialAction\":[{\"@type\":\"ReadAction\",\"target\":[\"https:\/\/www.ladiagonale.net\/index.php\/2022\/09\/24\/olmeta-suscite-les-convoitises\/\"]}]},{\"@type\":\"BreadcrumbList\",\"@id\":\"https:\/\/www.ladiagonale.net\/index.php\/2022\/09\/24\/olmeta-suscite-les-convoitises\/#breadcrumb\",\"itemListElement\":[{\"@type\":\"ListItem\",\"position\":1,\"name\":\"Accueil\",\"item\":\"https:\/\/www.ladiagonale.net\/\"},{\"@type\":\"ListItem\",\"position\":2,\"name\":\"Olmeta suscite les convoitises\"}]},{\"@type\":\"WebSite\",\"@id\":\"https:\/\/www.ladiagonale.net\/#website\",\"url\":\"https:\/\/www.ladiagonale.net\/\",\"name\":\"La Diagonale\",\"description\":\"Le site des supporters de l&#039;AS Monaco FC\",\"potentialAction\":[{\"@type\":\"SearchAction\",\"target\":{\"@type\":\"EntryPoint\",\"urlTemplate\":\"https:\/\/www.ladiagonale.net\/?s={search_term_string}\"},\"query-input\":\"required name=search_term_string\"}],\"inLanguage\":\"fr-FR\"},{\"@type\":\"Person\",\"@id\":\"https:\/\/www.ladiagonale.net\/#\/schema\/person\/79ff1e7b0853ed01b2aa26e64ad300bf\",\"name\":\"Damien Dellerba\",\"image\":{\"@type\":\"ImageObject\",\"inLanguage\":\"fr-FR\",\"@id\":\"https:\/\/www.ladiagonale.net\/#\/schema\/person\/image\/\",\"url\":\"https:\/\/secure.gravatar.com\/avatar\/c7850e06d3ff63cdbaee88b7fc16e2f0?s=96&d=mm&r=g\",\"contentUrl\":\"https:\/\/secure.gravatar.com\/avatar\/c7850e06d3ff63cdbaee88b7fc16e2f0?s=96&d=mm&r=g\",\"caption\":\"Damien Dellerba\"},\"url\":\"https:\/\/www.ladiagonale.net\/index.php\/author\/damien\/\"}]}<\/script>\n<!-- \/ Yoast SEO plugin. -->","yoast_head_json":{"title":"Olmeta suscite les convoitises - La Diagonale","robots":{"index":"index","follow":"follow","max-snippet":"max-snippet:-1","max-image-preview":"max-image-preview:large","max-video-preview":"max-video-preview:-1"},"canonical":"https:\/\/www.ladiagonale.net\/index.php\/2022\/09\/24\/olmeta-suscite-les-convoitises\/","og_locale":"fr_FR","og_type":"article","og_title":"Olmeta suscite les convoitises - La Diagonale","og_description":"La c\u00f4te de Lisandru Olmeta (17 ans) a fortement augment\u00e9 depuis le dernier Euro U17, qu&rsquo;il a remport\u00e9 avec l&rsquo;\u00c9quipe de France. Le portier de l&rsquo;Academy, qui \u00e9volue cette saison avec le Groupe \u00c9lite et les U19, avait \u00e9t\u00e9 tr\u00e8s important dans le succ\u00e8s des Bleuets, notamment dans deux s\u00e9ances de tirs aux but, en [...]","og_url":"https:\/\/www.ladiagonale.net\/index.php\/2022\/09\/24\/olmeta-suscite-les-convoitises\/","og_site_name":"La Diagonale","article_published_time":"2022-09-23T23:43:46+00:00","article_modified_time":"2022-09-25T11:18:19+00:00","author":"Damien Dellerba","twitter_card":"summary_large_image","twitter_misc":{"\u00c9crit par":"Damien Dellerba","Dur\u00e9e de lecture estim\u00e9e":"1 minute"},"schema":{"@context":"https:\/\/schema.org","@graph":[{"@type":"WebPage","@id":"https:\/\/www.ladiagonale.net\/index.php\/2022\/09\/24\/olmeta-suscite-les-convoitises\/","url":"https:\/\/www.ladiagonale.net\/index.php\/2022\/09\/24\/olmeta-suscite-les-convoitises\/","name":"Olmeta suscite les convoitises - La Diagonale","isPartOf":{"@id":"https:\/\/www.ladiagonale.net\/#website"},"datePublished":"2022-09-23T23:43:46+00:00","dateModified":"2022-09-25T11:18:19+00:00","author":{"@id":"https:\/\/www.ladiagonale.net\/#\/schema\/person\/79ff1e7b0853ed01b2aa26e64ad300bf"},"breadcrumb":{"@id":"https:\/\/www.ladiagonale.net\/index.php\/2022\/09\/24\/olmeta-suscite-les-convoitises\/#breadcrumb"},"inLanguage":"fr-FR","potentialAction":[{"@type":"ReadAction","target":["https:\/\/www.ladiagonale.net\/index.php\/2022\/09\/24\/olmeta-suscite-les-convoitises\/"]}]},{"@type":"BreadcrumbList","@id":"https:\/\/www.ladiagonale.net\/index.php\/2022\/09\/24\/olmeta-suscite-les-convoitises\/#breadcrumb","itemListElement":[{"@type":"ListItem","position":1,"name":"Accueil","item":"https:\/\/www.ladiagonale.net\/"},{"@type":"ListItem","position":2,"name":"Olmeta suscite les convoitises"}]},{"@type":"WebSite","@id":"https:\/\/www.ladiagonale.net\/#website","url":"https:\/\/www.ladiagonale.net\/","name":"La Diagonale","description":"Le site des supporters de l&#039;AS Monaco FC","potentialAction":[{"@type":"SearchAction","target":{"@type":"EntryPoint","urlTemplate":"https:\/\/www.ladiagonale.net\/?s={search_term_string}"},"query-input":"required name=search_term_string"}],"inLanguage":"fr-FR"},{"@type":"Person","@id":"https:\/\/www.ladiagonale.net\/#\/schema\/person\/79ff1e7b0853ed01b2aa26e64ad300bf","name":"Damien Dellerba","image":{"@type":"ImageObject","inLanguage":"fr-FR","@id":"https:\/\/www.ladiagonale.net\/#\/schema\/person\/image\/","url":"https:\/\/secure.gravatar.com\/avatar\/c7850e06d3ff63cdbaee88b7fc16e2f0?s=96&d=mm&r=g","contentUrl":"https:\/\/secure.gravatar.com\/avatar\/c7850e06d3ff63cdbaee88b7fc16e2f0?s=96&d=mm&r=g","caption":"Damien Dellerba"},"url":"https:\/\/www.ladiagonale.net\/index.php\/author\/damien\/"}]}},"_links":{"self":[{"href":"https:\/\/www.ladiagonale.net\/index.php\/wp-json\/wp\/v2\/posts\/4563"}],"collection":[{"href":"https:\/\/www.ladiagonale.net\/index.php\/wp-json\/wp\/v2\/posts"}],"about":[{"href":"https:\/\/www.ladiagonale.net\/index.php\/wp-json\/wp\/v2\/types\/post"}],"author":[{"embeddable":true,"href":"https:\/\/www.ladiagonale.net\/index.php\/wp-json\/wp\/v2\/users\/2"}],"replies":[{"embeddable":true,"href":"https:\/\/www.ladiagonale.net\/index.php\/wp-json\/wp\/v2\/comments?post=4563"}],"version-history":[{"count":2,"href":"https:\/\/www.ladiagonale.net\/index.php\/wp-json\/wp\/v2\/posts\/4563\/revisions"}],"predecessor-version":[{"id":4565,"href":"https:\/\/www.ladiagonale.net\/index.php\/wp-json\/wp\/v2\/posts\/4563\/revisions\/4565"}],"wp:attachment":[{"href":"https:\/\/www.ladiagonale.net\/index.php\/wp-json\/wp\/v2\/media?parent=4563"}],"wp:term":[{"taxonomy":"category","embeddable":true,"href":"https:\/\/www.ladiagonale.net\/index.php\/wp-json\/wp\/v2\/categories?post=4563"},{"taxonomy":"post_tag","embeddable":true,"href":"https:\/\/www.ladiagonale.net\/index.php\/wp-json\/wp\/v2\/tags?post=4563"}],"curies":[{"name":"wp","href":"https:\/\/api.w.org\/{rel}","templated":true}]}}