{"id":4566,"date":"2022-09-24T02:25:44","date_gmt":"2022-09-24T00:25:44","guid":{"rendered":"https:\/\/www.ladiagonale.net\/?p=4566"},"modified":"2022-09-25T00:53:19","modified_gmt":"2022-09-24T22:53:19","slug":"fofana-je-suis-revenu-a-clairefontaine-par-la-grande-porte","status":"publish","type":"post","link":"https:\/\/www.ladiagonale.net\/index.php\/2022\/09\/24\/fofana-je-suis-revenu-a-clairefontaine-par-la-grande-porte\/","title":{"rendered":"Fofana : \u00ab\u00a0Je suis revenu \u00e0 Clairefontaine par la grande porte\u00a0\u00bb"},"content":{"rendered":"\n\n\n<p>En devenant international fran\u00e7ais, Youssouf Fofana a retrouv\u00e9 Clairefontaine, le centre n\u00e9vralgique des Bleus et de la formation fran\u00e7aise. \u00c0 15 ans, le milieu de terrain de l\u2019AS Monaco quittait l\u2019INF sans avoir pu int\u00e9grer le centre de formation d\u2019un club professionnel. Dans les colonnes de <em>L\u2019\u00c9quipe<\/em>, Fofana est revenu sur ces ann\u00e9es charni\u00e8res qui l\u2019ont men\u00e9 jusque sur le Rocher et en \u00c9quipe de France et ne cache pas qu\u2019il a failli tout arr\u00eater avant que Strasbourg ne le rep\u00e8re : \u00ab&nbsp;<em>C\u2019est arriv\u00e9 deux fois. La premi\u00e8re fois, je me suis dit, je n&rsquo;ai pas fait mon ann\u00e9e en moins de 17 ans nationaux, je suis en \u00e9quipe B, c&rsquo;est fini. Ce n&rsquo;\u00e9tait pas un sentiment de r\u00e9signation mais il fallait commencer \u00e0 trouver autre chose en fait. (\u2026) La deuxi\u00e8me fois, c&rsquo;\u00e9tait (\u2026) six mois avant le bac blanc, j&rsquo;ai dit j&rsquo;arr\u00eate, je me concentre sur mes \u00e9tudes. Je commence \u00e0 jouer en \u00e9quipe une. Et je me fais rep\u00e9rer par Strasbourg (d\u00e9but 2017). Je signe en f\u00e9vrier. \u00c0 un mois et demi pr\u00e8s, j&rsquo;arr\u00eatais, en fait.<\/em>&nbsp;\u00bb<\/p>\n\n\n\n<p><strong>L&rsquo;INF Clairefontaine, le plus gros regret<\/strong><\/p>\n\n\n\n<p>Strasbourg lui donnera cette seconde chance et Fofana ne va pas la laisser passer, contrairement \u00e0 la premi\u00e8re : \u00ab&nbsp;<em>C\u2019est le plus gros regret de ma vie parce que ce n&rsquo;est pas vraiment la faute des clubs. Les clubs, ils ont des profils \u00e0 aller chercher. Peut-\u00eatre que je n&rsquo;entrais pas dans les crit\u00e8res. Et peut-\u00eatre que moi, je n&rsquo;ai rien fait pour entrer dans ces crit\u00e8res. Quand tu es jeune, c&rsquo;est difficile de \u00ab\u00a0manger\u00a0\u00bb les mots des plus exp\u00e9riment\u00e9s qui te disent&nbsp;: \u00ab\u00a0Ouais, attention, \u00e7a va vite.\u00a0\u00bb Quand tu es dedans, tu ne fais pas attention. C&rsquo;est \u00e7a mon plus grand regret. J&rsquo;essaie de me pardonner parce que j&rsquo;\u00e9tais jeune. Ma faute, c&rsquo;est d&rsquo;avoir pens\u00e9, comme beaucoup, qu&rsquo;\u00e0 Clairefontaine, je n&rsquo;avais pas besoin de travailler et que j&rsquo;aurais un club. (\u2026) Six mois avant la fin, je me rends compte que ceux qui n&rsquo;avaient rien commencent \u00e0 signer et que moi, je suis presque tout seul. Je me souviens du dernier jour (en 2014). J&rsquo;ai trouv\u00e9 la route tr\u00e8s, tr\u00e8s longue pour rentrer chez moi&#8230;<\/em>&nbsp;\u00bb<\/p>\n\n\n\n<p>Et le retour au \u00ab&nbsp;quartier&nbsp;\u00bb et \u00e0 la vie normale n\u2019a pas \u00e9t\u00e9 facile pour lui : \u00ab&nbsp;<em>Je redevenais un jeune lambda, entre guillemets. Je passais du car qui venait me chercher \u00e0 Clairefontaine et qui me d\u00e9posait au coll\u00e8ge au passe Navigo et au m\u00e9tro qu&rsquo;il ne fallait pas rater parce qu&rsquo;il ne t&rsquo;attendait pas. Derri\u00e8re, il fallait que j&rsquo;aille \u00e0 Drancy (en club) en RER. Je rentrais assez tard, j&rsquo;allais en cours (STMG) comme tout le monde. J&rsquo;essayais de me refaire une vie d&rsquo;homme, normal et de me refaire une sant\u00e9 sportivement. J&rsquo;avais 15 ans et je devais tout r\u00e9apprendre. (\u2026) C\u2019est dur, mais c&rsquo;est ce qui forge en m\u00eame temps. J&rsquo;ai eu du mal \u00e0 l&rsquo;accepter la premi\u00e8re ann\u00e9e.<\/em>&nbsp;\u00bb Avant de retrouver le plaisir du jeu : \u00ab&nbsp;<em>\u00c7a a mis un an et deux trois mois. La deuxi\u00e8me en moins de 17 ans, je suis en \u00e9quipe B, c&rsquo;est l&rsquo;ego qui prend. Dans cette \u00e9quipe B, on a form\u00e9 cet \u00e9tat d&rsquo;esprit d&rsquo;\u00e9quipe incroyable qui fait que t&rsquo;avais envie de venir. Le plaisir, je le retrouve vraiment l\u00e0.<\/em>&nbsp;\u00bb<\/p>\n\n\n\n<p><strong>Fofana le livreur de pizzas<\/strong><\/p>\n\n\n\n<blockquote class=\"wp-block-quote\"><p>\u00ab Les gens, pour eux, c&rsquo;est un chemin trac\u00e9&nbsp;: Clairefontaine puis clubs professionnels. Quand je reviens, moi, j&rsquo;ai honte. \u00bb<\/p><cite>Youssouf Fofana<\/cite><\/blockquote>\n\n\n\n<p>Fofana aime \u00e9galement \u00e0 se rappeler qu\u2019il a d\u00fb livrer des pizzas pour gagner sa croute : \u00ab&nbsp;<em>C\u2019est anecdotique, \u00e7a a dur\u00e9 quelques mois, mais j&rsquo;aime bien m&rsquo;en souvenir, \u00e7a me permet de garder les pieds sur terre<\/em>&nbsp;\u00bb, a-t-il expliqu\u00e9, avant de r\u00e9v\u00e9ler que les mots de ses fr\u00e9quentations ont pu le toucher :&nbsp;\u00ab&nbsp;<em>Quand je sors de Clairefontaine, que je reviens au quartier, il y a beaucoup de sentiments qui se m\u00e9langent. Les gens, pour eux, c&rsquo;est un chemin trac\u00e9&nbsp;: Clairefontaine puis clubs professionnels. Quand je reviens, moi, j&rsquo;ai honte. Et les personnes, ils n&rsquo;utilisent pas forc\u00e9ment les bons termes pour me parler. Ils te disent&nbsp;:<\/em> \u00ab\u00a0Put***, t&rsquo;\u00e9tais bien parti\u00a0\u00bb, \u00ab\u00a0Ah, t&rsquo;\u00e9tais \u00e0 Clairefontaine, maintenant t&rsquo;es \u00e0 Drancy.\u00a0\u00bb <em>\u00c7a me fait mal. (\u2026) Quelque part, toi tu t&rsquo;es loup\u00e9, t&rsquo;as plus le droit de parler de foot. C&rsquo;\u00e9tait un peu dur mais tout \u00e7a, \u00e7a m&rsquo;a fait du bien. En fin de compte, j&rsquo;en avais besoin.<\/em>&nbsp;\u00bb<\/p>\n\n\n\n<p>D\u00e9sormais, Youssouf Fofana est un joueur de Ligue 1 accompli et Didier Deschamps lui a permis de revenir \u00e0 Clairefontaine dans une position enviable :&nbsp;\u00ab&nbsp;<em>Quand j&rsquo;apprends que je suis s\u00e9lectionn\u00e9 (le 15&nbsp;septembre), je me dis cette phrase&nbsp;: dix ans apr\u00e8s. Dix ans apr\u00e8s, je vais revenir \u00e0 Clairefontaine par la grande porte alors que je l&rsquo;ai quitt\u00e9 par la petite. Et \u00e7a, \u00e7a fait du bien. (\u2026). Je me suis prouv\u00e9 \u00e0 moi et \u00e0 eux que je pouvais le faire.<\/em>&nbsp;\u00bb Et le n\u00b019 de l\u2019AS Monaco de raconter ses retrouvailles avec ses anciens formateurs de l\u2019INF Clairefontaine : \u00ab&nbsp;<em>Quand ils me voient arriver, ils sont contents, ils me disent&nbsp;:<\/em> \u00ab\u00a0Merci de ne pas me faire mentir.\u00a0\u00bb&nbsp;\u00bb<\/p>\n","protected":false},"excerpt":{"rendered":"<p>En devenant international fran\u00e7ais, Youssouf Fofana a retrouv\u00e9 Clairefontaine, le centre n\u00e9vralgique des Bleus et de la formation fran\u00e7aise. \u00c0 15 ans, le milieu de terrain de l\u2019AS Monaco quittait l\u2019INF sans avoir pu int\u00e9grer le centre de formation d\u2019un club professionnel. Dans les colonnes de L\u2019\u00c9quipe, Fofana est revenu sur ces ann\u00e9es charni\u00e8res qui [&#8230;]\n","protected":false},"author":2,"featured_media":0,"comment_status":"open","ping_status":"open","sticky":false,"template":"","format":"standard","meta":[],"categories":[6],"tags":[85,83],"yoast_head":"<!-- This site is optimized with the Yoast SEO plugin v19.8 - https:\/\/yoast.com\/wordpress\/plugins\/seo\/ -->\n<title>Fofana : \u00ab\u00a0Je suis revenu \u00e0 Clairefontaine par la grande porte\u00a0\u00bb - La Diagonale<\/title>\n<meta name=\"robots\" content=\"index, follow, max-snippet:-1, max-image-preview:large, max-video-preview:-1\" \/>\n<link rel=\"canonical\" href=\"https:\/\/www.ladiagonale.net\/index.php\/2022\/09\/24\/fofana-je-suis-revenu-a-clairefontaine-par-la-grande-porte\/\" \/>\n<meta property=\"og:locale\" content=\"fr_FR\" \/>\n<meta property=\"og:type\" content=\"article\" \/>\n<meta property=\"og:title\" content=\"Fofana : \u00ab\u00a0Je suis revenu \u00e0 Clairefontaine par la grande porte\u00a0\u00bb - La Diagonale\" \/>\n<meta property=\"og:description\" content=\"En devenant international fran\u00e7ais, Youssouf Fofana a retrouv\u00e9 Clairefontaine, le centre n\u00e9vralgique des Bleus et de la formation fran\u00e7aise. \u00c0 15 ans, le milieu de terrain de l\u2019AS Monaco quittait l\u2019INF sans avoir pu int\u00e9grer le centre de formation d\u2019un club professionnel. Dans les colonnes de L\u2019\u00c9quipe, Fofana est revenu sur ces ann\u00e9es charni\u00e8res qui [...]\" \/>\n<meta property=\"og:url\" content=\"https:\/\/www.ladiagonale.net\/index.php\/2022\/09\/24\/fofana-je-suis-revenu-a-clairefontaine-par-la-grande-porte\/\" \/>\n<meta property=\"og:site_name\" content=\"La Diagonale\" \/>\n<meta property=\"article:published_time\" content=\"2022-09-24T00:25:44+00:00\" \/>\n<meta property=\"article:modified_time\" content=\"2022-09-24T22:53:19+00:00\" \/>\n<meta name=\"author\" content=\"Damien Dellerba\" \/>\n<meta name=\"twitter:card\" content=\"summary_large_image\" \/>\n<meta name=\"twitter:label1\" content=\"\u00c9crit par\" \/>\n\t<meta name=\"twitter:data1\" content=\"Damien Dellerba\" \/>\n\t<meta name=\"twitter:label2\" content=\"Dur\u00e9e de lecture estim\u00e9e\" \/>\n\t<meta name=\"twitter:data2\" content=\"4 minutes\" \/>\n<script type=\"application\/ld+json\" class=\"yoast-schema-graph\">{\"@context\":\"https:\/\/schema.org\",\"@graph\":[{\"@type\":\"WebPage\",\"@id\":\"https:\/\/www.ladiagonale.net\/index.php\/2022\/09\/24\/fofana-je-suis-revenu-a-clairefontaine-par-la-grande-porte\/\",\"url\":\"https:\/\/www.ladiagonale.net\/index.php\/2022\/09\/24\/fofana-je-suis-revenu-a-clairefontaine-par-la-grande-porte\/\",\"name\":\"Fofana : \u00ab\u00a0Je suis revenu \u00e0 Clairefontaine par la grande porte\u00a0\u00bb - La Diagonale\",\"isPartOf\":{\"@id\":\"https:\/\/www.ladiagonale.net\/#website\"},\"datePublished\":\"2022-09-24T00:25:44+00:00\",\"dateModified\":\"2022-09-24T22:53:19+00:00\",\"author\":{\"@id\":\"https:\/\/www.ladiagonale.net\/#\/schema\/person\/79ff1e7b0853ed01b2aa26e64ad300bf\"},\"breadcrumb\":{\"@id\":\"https:\/\/www.ladiagonale.net\/index.php\/2022\/09\/24\/fofana-je-suis-revenu-a-clairefontaine-par-la-grande-porte\/#breadcrumb\"},\"inLanguage\":\"fr-FR\",\"potentialAction\":[{\"@type\":\"ReadAction\",\"target\":[\"https:\/\/www.ladiagonale.net\/index.php\/2022\/09\/24\/fofana-je-suis-revenu-a-clairefontaine-par-la-grande-porte\/\"]}]},{\"@type\":\"BreadcrumbList\",\"@id\":\"https:\/\/www.ladiagonale.net\/index.php\/2022\/09\/24\/fofana-je-suis-revenu-a-clairefontaine-par-la-grande-porte\/#breadcrumb\",\"itemListElement\":[{\"@type\":\"ListItem\",\"position\":1,\"name\":\"Accueil\",\"item\":\"https:\/\/www.ladiagonale.net\/\"},{\"@type\":\"ListItem\",\"position\":2,\"name\":\"Fofana : \u00ab\u00a0Je suis revenu \u00e0 Clairefontaine par la grande porte\u00a0\u00bb\"}]},{\"@type\":\"WebSite\",\"@id\":\"https:\/\/www.ladiagonale.net\/#website\",\"url\":\"https:\/\/www.ladiagonale.net\/\",\"name\":\"La Diagonale\",\"description\":\"Le site des supporters de l&#039;AS Monaco FC\",\"potentialAction\":[{\"@type\":\"SearchAction\",\"target\":{\"@type\":\"EntryPoint\",\"urlTemplate\":\"https:\/\/www.ladiagonale.net\/?s={search_term_string}\"},\"query-input\":\"required name=search_term_string\"}],\"inLanguage\":\"fr-FR\"},{\"@type\":\"Person\",\"@id\":\"https:\/\/www.ladiagonale.net\/#\/schema\/person\/79ff1e7b0853ed01b2aa26e64ad300bf\",\"name\":\"Damien Dellerba\",\"image\":{\"@type\":\"ImageObject\",\"inLanguage\":\"fr-FR\",\"@id\":\"https:\/\/www.ladiagonale.net\/#\/schema\/person\/image\/\",\"url\":\"https:\/\/secure.gravatar.com\/avatar\/c7850e06d3ff63cdbaee88b7fc16e2f0?s=96&d=mm&r=g\",\"contentUrl\":\"https:\/\/secure.gravatar.com\/avatar\/c7850e06d3ff63cdbaee88b7fc16e2f0?s=96&d=mm&r=g\",\"caption\":\"Damien Dellerba\"},\"url\":\"https:\/\/www.ladiagonale.net\/index.php\/author\/damien\/\"}]}<\/script>\n<!-- \/ Yoast SEO plugin. -->","yoast_head_json":{"title":"Fofana : \u00ab\u00a0Je suis revenu \u00e0 Clairefontaine par la grande porte\u00a0\u00bb - La Diagonale","robots":{"index":"index","follow":"follow","max-snippet":"max-snippet:-1","max-image-preview":"max-image-preview:large","max-video-preview":"max-video-preview:-1"},"canonical":"https:\/\/www.ladiagonale.net\/index.php\/2022\/09\/24\/fofana-je-suis-revenu-a-clairefontaine-par-la-grande-porte\/","og_locale":"fr_FR","og_type":"article","og_title":"Fofana : \u00ab\u00a0Je suis revenu \u00e0 Clairefontaine par la grande porte\u00a0\u00bb - La Diagonale","og_description":"En devenant international fran\u00e7ais, Youssouf Fofana a retrouv\u00e9 Clairefontaine, le centre n\u00e9vralgique des Bleus et de la formation fran\u00e7aise. \u00c0 15 ans, le milieu de terrain de l\u2019AS Monaco quittait l\u2019INF sans avoir pu int\u00e9grer le centre de formation d\u2019un club professionnel. Dans les colonnes de L\u2019\u00c9quipe, Fofana est revenu sur ces ann\u00e9es charni\u00e8res qui [...]","og_url":"https:\/\/www.ladiagonale.net\/index.php\/2022\/09\/24\/fofana-je-suis-revenu-a-clairefontaine-par-la-grande-porte\/","og_site_name":"La Diagonale","article_published_time":"2022-09-24T00:25:44+00:00","article_modified_time":"2022-09-24T22:53:19+00:00","author":"Damien Dellerba","twitter_card":"summary_large_image","twitter_misc":{"\u00c9crit par":"Damien Dellerba","Dur\u00e9e de lecture estim\u00e9e":"4 minutes"},"schema":{"@context":"https:\/\/schema.org","@graph":[{"@type":"WebPage","@id":"https:\/\/www.ladiagonale.net\/index.php\/2022\/09\/24\/fofana-je-suis-revenu-a-clairefontaine-par-la-grande-porte\/","url":"https:\/\/www.ladiagonale.net\/index.php\/2022\/09\/24\/fofana-je-suis-revenu-a-clairefontaine-par-la-grande-porte\/","name":"Fofana : \u00ab\u00a0Je suis revenu \u00e0 Clairefontaine par la grande porte\u00a0\u00bb - La Diagonale","isPartOf":{"@id":"https:\/\/www.ladiagonale.net\/#website"},"datePublished":"2022-09-24T00:25:44+00:00","dateModified":"2022-09-24T22:53:19+00:00","author":{"@id":"https:\/\/www.ladiagonale.net\/#\/schema\/person\/79ff1e7b0853ed01b2aa26e64ad300bf"},"breadcrumb":{"@id":"https:\/\/www.ladiagonale.net\/index.php\/2022\/09\/24\/fofana-je-suis-revenu-a-clairefontaine-par-la-grande-porte\/#breadcrumb"},"inLanguage":"fr-FR","potentialAction":[{"@type":"ReadAction","target":["https:\/\/www.ladiagonale.net\/index.php\/2022\/09\/24\/fofana-je-suis-revenu-a-clairefontaine-par-la-grande-porte\/"]}]},{"@type":"BreadcrumbList","@id":"https:\/\/www.ladiagonale.net\/index.php\/2022\/09\/24\/fofana-je-suis-revenu-a-clairefontaine-par-la-grande-porte\/#breadcrumb","itemListElement":[{"@type":"ListItem","position":1,"name":"Accueil","item":"https:\/\/www.ladiagonale.net\/"},{"@type":"ListItem","position":2,"name":"Fofana : \u00ab\u00a0Je suis revenu \u00e0 Clairefontaine par la grande porte\u00a0\u00bb"}]},{"@type":"WebSite","@id":"https:\/\/www.ladiagonale.net\/#website","url":"https:\/\/www.ladiagonale.net\/","name":"La Diagonale","description":"Le site des supporters de l&#039;AS Monaco FC","potentialAction":[{"@type":"SearchAction","target":{"@type":"EntryPoint","urlTemplate":"https:\/\/www.ladiagonale.net\/?s={search_term_string}"},"query-input":"required name=search_term_string"}],"inLanguage":"fr-FR"},{"@type":"Person","@id":"https:\/\/www.ladiagonale.net\/#\/schema\/person\/79ff1e7b0853ed01b2aa26e64ad300bf","name":"Damien Dellerba","image":{"@type":"ImageObject","inLanguage":"fr-FR","@id":"https:\/\/www.ladiagonale.net\/#\/schema\/person\/image\/","url":"https:\/\/secure.gravatar.com\/avatar\/c7850e06d3ff63cdbaee88b7fc16e2f0?s=96&d=mm&r=g","contentUrl":"https:\/\/secure.gravatar.com\/avatar\/c7850e06d3ff63cdbaee88b7fc16e2f0?s=96&d=mm&r=g","caption":"Damien Dellerba"},"url":"https:\/\/www.ladiagonale.net\/index.php\/author\/damien\/"}]}},"_links":{"self":[{"href":"https:\/\/www.ladiagonale.net\/index.php\/wp-json\/wp\/v2\/posts\/4566"}],"collection":[{"href":"https:\/\/www.ladiagonale.net\/index.php\/wp-json\/wp\/v2\/posts"}],"about":[{"href":"https:\/\/www.ladiagonale.net\/index.php\/wp-json\/wp\/v2\/types\/post"}],"author":[{"embeddable":true,"href":"https:\/\/www.ladiagonale.net\/index.php\/wp-json\/wp\/v2\/users\/2"}],"replies":[{"embeddable":true,"href":"https:\/\/www.ladiagonale.net\/index.php\/wp-json\/wp\/v2\/comments?post=4566"}],"version-history":[{"count":7,"href":"https:\/\/www.ladiagonale.net\/index.php\/wp-json\/wp\/v2\/posts\/4566\/revisions"}],"predecessor-version":[{"id":4584,"href":"https:\/\/www.ladiagonale.net\/index.php\/wp-json\/wp\/v2\/posts\/4566\/revisions\/4584"}],"wp:attachment":[{"href":"https:\/\/www.ladiagonale.net\/index.php\/wp-json\/wp\/v2\/media?parent=4566"}],"wp:term":[{"taxonomy":"category","embeddable":true,"href":"https:\/\/www.ladiagonale.net\/index.php\/wp-json\/wp\/v2\/categories?post=4566"},{"taxonomy":"post_tag","embeddable":true,"href":"https:\/\/www.ladiagonale.net\/index.php\/wp-json\/wp\/v2\/tags?post=4566"}],"curies":[{"name":"wp","href":"https:\/\/api.w.org\/{rel}","templated":true}]}}